{"id":15438,"date":"2019-06-30T13:35:44","date_gmt":"2019-06-30T11:35:44","guid":{"rendered":"https:\/\/www.farnost-strazske.sk\/?p=15438"},"modified":"2019-06-30T13:35:44","modified_gmt":"2019-06-30T11:35:44","slug":"najvacsia-bolest","status":"publish","type":"post","link":"https:\/\/www.farnost-strazske.sk\/?p=15438","title":{"rendered":"Najv\u00e4\u010d\u0161ia boles\u0165"},"content":{"rendered":"\n<p style=\"font-size:17px\">U\u017e v druhom ro\u010dn\u00edku semin\u00e1ra som vedel, o \u010dom chcem p\u00edsa\u0165 svoju z\u00e1vere\u010dn\u00fa magistersk\u00fa pr\u00e1cu. Rozhodol som sa r\u00fdchlo, k \u010domu mi pomohli dve hodiny pred po\u010d\u00edta\u010dom. Film Luca Besona o \u017eivote Jany z Arku rozhodol namiesto m\u0148a.<\/p>\n\n\n\n<p style=\"font-size:17px\">Nie, nemal som a ani nem\u00e1m z\u00e1\u013eubu \u0161prta\u0165 sa v inkviz\u00edcii, ba ani v nekone\u010dne trvaj\u00facich vojn\u00e1ch. Bola to Jana sama, jej viera a vernos\u0165 bo\u017e\u00edm pris\u013e\u00fabeniam, ktor\u00e9 ma pri\u0165ahovali. Viera sedemn\u00e1s\u0165ro\u010dn\u00e9ho diev\u010da\u0165a, ktorej Boh dovolil, aby robila ve\u013ek\u00e9 veci: najsk\u00f4r po boku jednoduch\u00fdch a vulg\u00e1rnych mu\u017eov vo vojne, na ktor\u00fa nemala \u017eiaden v\u00fdcvik a nesk\u00f4r proti teologicky vzdelan\u00fdm mu\u017eom v inkvizi\u010dnom procese, hoci ona nevedela ani p\u00edsa\u0165. A to v\u0161etko vo viere.<\/p>\n\n\n\n<p style=\"font-size:17px\">Venoval som sa jej \u017eivotu \u0161tyri roky. Najsk\u00f4r som si prelo\u017eil cel\u00fd inkvizi\u010dn\u00fd proces. Pre\u010d\u00edtal som viacero kn\u00edh. Nav\u0161t\u00edvil som jej rodn\u00e9 mesto, rodn\u00fd dom, kostol, do ktor\u00e9ho chodievala a dr\u017eal som v ruk\u00e1ch krstite\u013enicu, v ktorej bola pokrsten\u00e1.<\/p>\n\n\n\n<p style=\"font-size:17px\">Ve\u013ea som \u010d\u00edtal, \u0161tudoval, prekladal, sk\u00famal a h\u013eadal, len aby som kone\u010dne na\u0161iel n\u00e1zov diplomovej pr\u00e1ce. Nechcel som p\u00edsa\u0165 o nie\u010dom, o \u010dom u\u017e p\u00edsali in\u00ed. Nakoniec som jej proces porovn\u00e1val s vtedy najpopul\u00e1rnej\u0161ou pr\u00edru\u010dkou pre inkviz\u00edtorov: Kladivom na \u010darodejnice.<\/p>\n\n\n\n<p style=\"font-size:17px\">St\u00e1lo to ve\u013ea s\u00edl a \u010dasu, ale m\u0148a to bavilo.<\/p>\n\n\n\n<p style=\"font-size:17px\">&#8222;Vlado? \u010co u\u017e len on m\u00f4\u017ee vedie\u0165 o Jane z Arcu?&#8220; takto sucho a jednoducho napokon spochybnil moju pr\u00e1cu jeden zn\u00e1my, ke\u010f po\u010dul, \u017ee o nej p\u00ed\u0161em.<\/p>\n\n\n\n<p style=\"font-size:17px\">V\u017edy to zamrz\u00ed, ke\u010f na\u0161e dlhoro\u010dn\u00e9 \u00fasilie niekto spochybn\u00ed.<\/p>\n\n\n\n<p style=\"font-size:17px\">Zaiste to mrzelo aj Je\u017ei\u0161a. Nik nepoznal \u010dloveka tak dobre ako Boh. Stvoril ho na svoj obraz. Obdaroval ho rozumom a slobodnou v\u00f4\u013eou. Bol jeho vysn\u00edvan\u00fd. Pozoroval a sprev\u00e1dzal ho tis\u00edcro\u010dia na cest\u00e1ch. A tis\u00edcro\u010dia sa pripravoval na to, \u017ee sa stane \u010dlovekom, aby n\u00e1m zjavil pravdu o sebe, o n\u00e1s a o \u017eivote.<\/p>\n\n\n\n<p style=\"font-size:17px\">&#8222;Je\u017ei\u0161 a jeho Cirkev, \u010do u\u017e n\u00e1m len oni m\u00f4\u017eu poveda\u0165 o \u017eivote? Dnes sa \u017eije in\u00e1\u010d&#8230;&#8220; po\u010du\u0165 st\u00e1le viac a viac.<\/p>\n\n\n\n<p style=\"font-size:17px\">V\u017edy to zamrz\u00ed, ke\u010f dlhoro\u010dn\u00e9 \u00fasilie Boha niekto spochybn\u00ed.<\/p>\n\n\n\n<div class=\"wp-block-image\"><figure class=\"aligncenter is-resized\"><img loading=\"lazy\" decoding=\"async\" src=\"https:\/\/vladkostefanic.com\/_files\/200000516-dbae8dcaf4\/_VS95949.jpg\" alt=\"\" width=\"479\" height=\"319\"\/><\/figure><\/div>\n\n\n\n<p style=\"font-size:17px\">J\u00e1n to pekne nap\u00edsal: Pri\u0161iel do svojho vlastn\u00e9ho, a vlastn\u00ed ho neprijali.<\/p>\n\n\n\n<p style=\"font-size:17px\">Mo\u017eno sme takto o Bohu dosia\u013e nerozm\u00fd\u0161\u013eali. Najv\u00e4\u010d\u0161ou boles\u0165ou Boha toti\u017e neboli kr\u00ed\u017e a Kalv\u00e1ria. Najv\u00e4\u010d\u0161ou boles\u0165ou Boha bolo, je a v\u017edy bude na\u0161e odmietnutie. Lebo aj Jeho mrz\u00ed, ke\u010f spochyb\u0148ujeme jeho nieko\u013ekotis\u00edcro\u010dn\u00fa starostlivos\u0165 o na\u0161e dobro&#8230; ve\u010dn\u00e9 dobro!<\/p>\n\n\n\n<blockquote class=\"wp-block-quote is-layout-flow wp-block-quote-is-layout-flow\"><p> <em>Autor:\u00a0<\/em><a rel=\"noreferrer noopener\" href=\"https:\/\/www.vladkostefanic.com\/\" target=\"_blank\"><em>Vladim\u00edr \u0160tefani\u010d<\/em><\/a> <\/p><\/blockquote>\n","protected":false},"excerpt":{"rendered":"<p>U\u017e v druhom ro\u010dn\u00edku semin\u00e1ra som vedel, o \u010dom chcem p\u00edsa\u0165 svoju z\u00e1vere\u010dn\u00fa magistersk\u00fa pr\u00e1cu. Rozhodol som sa r\u00fdchlo, k \u010domu mi pomohli dve hodiny pred po\u010d\u00edta\u010dom. Film Luca Besona o \u017eivote Jany z Arku rozhodol namiesto m\u0148a. Nie, nemal som a ani nem\u00e1m z\u00e1\u013eubu \u0161prta\u0165 sa v inkviz\u00edcii, ba ani v nekone\u010dne trvaj\u00facich vojn\u00e1ch. [&hellip;]<\/p>\n","protected":false},"author":1,"featured_media":0,"comment_status":"closed","ping_status":"closed","sticky":false,"template":"","format":"standard","meta":{"ngg_post_thumbnail":0,"footnotes":""},"categories":[22],"tags":[],"class_list":["post-15438","post","type-post","status-publish","format-standard","hentry","category-zamyslenia"],"views":887,"_links":{"self":[{"href":"https:\/\/www.farnost-strazske.sk\/index.php?rest_route=\/wp\/v2\/posts\/15438","targetHints":{"allow":["GET"]}}],"collection":[{"href":"https:\/\/www.farnost-strazske.sk\/index.php?rest_route=\/wp\/v2\/posts"}],"about":[{"href":"https:\/\/www.farnost-strazske.sk\/index.php?rest_route=\/wp\/v2\/types\/post"}],"author":[{"embeddable":true,"href":"https:\/\/www.farnost-strazske.sk\/index.php?rest_route=\/wp\/v2\/users\/1"}],"replies":[{"embeddable":true,"href":"https:\/\/www.farnost-strazske.sk\/index.php?rest_route=%2Fwp%2Fv2%2Fcomments&post=15438"}],"version-history":[{"count":1,"href":"https:\/\/www.farnost-strazske.sk\/index.php?rest_route=\/wp\/v2\/posts\/15438\/revisions"}],"predecessor-version":[{"id":15439,"href":"https:\/\/www.farnost-strazske.sk\/index.php?rest_route=\/wp\/v2\/posts\/15438\/revisions\/15439"}],"wp:attachment":[{"href":"https:\/\/www.farnost-strazske.sk\/index.php?rest_route=%2Fwp%2Fv2%2Fmedia&parent=15438"}],"wp:term":[{"taxonomy":"category","embeddable":true,"href":"https:\/\/www.farnost-strazske.sk\/index.php?rest_route=%2Fwp%2Fv2%2Fcategories&post=15438"},{"taxonomy":"post_tag","embeddable":true,"href":"https:\/\/www.farnost-strazske.sk\/index.php?rest_route=%2Fwp%2Fv2%2Ftags&post=15438"}],"curies":[{"name":"wp","href":"https:\/\/api.w.org\/{rel}","templated":true}]}}