{"id":15452,"date":"2019-07-14T21:36:49","date_gmt":"2019-07-14T19:36:49","guid":{"rendered":"https:\/\/www.farnost-strazske.sk\/?p=15452"},"modified":"2019-07-14T21:36:49","modified_gmt":"2019-07-14T19:36:49","slug":"staraj-sa-on","status":"publish","type":"post","link":"https:\/\/www.farnost-strazske.sk\/?p=15452","title":{"rendered":"Staraj sa o\u0148!"},"content":{"rendered":"\n<p style=\"font-size:17px\">Strhol som sa na posteli, akoby ma niekto udrel kladivom po hlave. Na\u010d\u00faval som. Nebol som si ist\u00fd, \u010di sa mi to iba nesn\u00edvalo. Zvon\u010dek pri dver\u00e1ch znova zahv\u00edzdal. Nebol to sen. Natiahol som ruku a skontroloval \u010das na mobile. 6:00. Hne\u010f som vysko\u010dil z postele. Takto r\u00e1no na faru zvonia iba t\u00ed, \u010do potrebuj\u00fa k\u0148aza s\u00farne. Napadlo mi, \u017ee niekto zomiera a potrebuje zaopatri\u0165 sviatos\u0165ami odch\u00e1dzaj\u00facich. Hne\u010f som bol pri dver\u00e1ch. Neupraven\u00fd, ale pripraven\u00fd pom\u00f4c\u0165.<\/p>\n\n\n\n<p style=\"font-size:17px\">Otvoril som. Vo dver\u00e1ch st\u00e1l mu\u017e. Bezdomovec. Triasol sa od zimy. Mal na sebe tenk\u00e9 nohavice a tenk\u00fa vetrovku. Smrdel mo\u010dom a p\u00e1chol alkoholom.<\/p>\n\n\n\n<p style=\"font-size:17px\">&#8222;Mohol by som sa u teba zohria\u0165?&#8220; op\u00fdtal sa prosto. &#8222;Idem na po\u0161tu po d\u00f4chodok, len\u017ee otv\u00e1raj\u00fa a\u017e o \u00f4smej a je mi zima&#8230;&#8220;<\/p>\n\n\n\n<p style=\"font-size:17px\">Premeral som si ho od hlavy k p\u00e4t\u00e1m. Smrdel. A bolo mi to nepr\u00edjemn\u00e9.<\/p>\n\n\n\n<p style=\"font-size:17px\">&#8222;Po\u010fte,&#8220; povedal som neochotne cez zuby. Nikto neumiera, to len tento&#8230; zobudil ma, akoby niekde horelo.<\/p>\n\n\n\n<p style=\"font-size:17px\">Zaviedol som ho do hos\u0165ovskej izby. Posadil do kresla a bez slova som odi\u0161iel do kuchyne.<\/p>\n\n\n\n<p style=\"font-size:17px\">Nas\u00fdpal som si do \u0161\u00e1lky k\u00e1vu. Napadlo mi, \u017ee urob\u00edm k\u00e1vu aj jemu. A tie\u017e mi napadlo, \u010di tam nem\u00e1m nie\u010do cenn\u00e9, \u010do by mohol ukradn\u00fa\u0165. Hne\u010f som sa zahanbil. U\u017e druh\u00fd kr\u00e1t. Najsk\u00f4r, ke\u010f som zav\u00e1hal, \u010di ho vpust\u00edm dnu, ke\u010f\u017ee za sebou nech\u00e1val pach mo\u010du ako slim\u00e1k svoj sliz. A teraz, ke\u010f som na neho myslel ako na zlodeja.<\/p>\n\n\n\n<p style=\"font-size:17px\">Urobil som mu k\u00e1vu. Pote\u0161il sa. Pon\u00fakol som mu sprchu a \u010dist\u00fd uter\u00e1k.<\/p>\n\n\n\n<p style=\"font-size:17px\">&#8222;Nepotrebujem, r\u00e1no som sa k\u00fapal,&#8220; povedal. Nijako som to nekomentoval, najsk\u00f4r s\u00e1m seba nec\u00edti. Dal som mu deku. A napokon aj \u010dist\u00e9 nohavice. Padli mu ako uliate.<\/p>\n\n\n\n<p style=\"font-size:17px\">Najsk\u00f4r som mu pom\u00e1hal viac pre tie v\u00fd\u010ditky, \u017ee som ho v duchu poni\u017eoval a odmietal, ne\u017e iba z \u010distej l\u00e1sky. Prizn\u00e1vam \u010destne. No napokon mi ho bolo aj \u013e\u00fato. A hoci mi smrad vadil st\u00e1le rovnako, vedel som, \u017ee nesk\u00f4r vyvetr\u00e1m, vyperiem a bude fajn.<\/p>\n\n\n\n<p style=\"font-size:17px\">Rozl\u00fa\u010dili sme sa pred \u00f4smou. Podal som mu ruku a za\u017eelal v\u0161etko dobr\u00e9. V duchu som sa mu ospravedlnil, \u017ee som sa nespr\u00e1val hne\u010f ako Je\u017ei\u0161ov u\u010den\u00edk, \u010do s l\u00e1skou pr\u00edjme ka\u017ed\u00e9ho. Naozaj ka\u017ed\u00e9ho.<\/p>\n\n\n\n<div class=\"wp-block-image\"><figure class=\"aligncenter is-resized\"><img loading=\"lazy\" decoding=\"async\" src=\"https:\/\/vladkostefanic.com\/_files\/200000279-12fdf13f57\/_DSC4698-8.jpg\" alt=\"\" width=\"469\" height=\"311\"\/><\/figure><\/div>\n\n\n\n<p style=\"font-size:17px\">\u010casto rozpr\u00e1vam o l\u00e1ske k bl\u00ed\u017enemu. Ver\u00edm, \u017ee to je d\u00f4le\u017eit\u00e9. Nedostatok nezi\u0161tnej l\u00e1sky je toti\u017e hlavnou pr\u00ed\u010dinou mnoh\u00fdch rozpadnut\u00fdch vz\u0165ahov&#8230; a to nielen v rodin\u00e1ch.<\/p>\n\n\n\n<p style=\"font-size:17px\">Na nezi\u0161tn\u00fa l\u00e1sku m\u00e1me priestor ka\u017ed\u00fd de\u0148. V mali\u010dkostiach. A to n\u00e1m ani nemus\u00ed bezdomovec klopa\u0165 skoro r\u00e1no na dvere. Sta\u010d\u00ed sa lep\u0161ie d\u00edva\u0165 na susedov, zn\u00e1mych, \u010di spolupracovn\u00edkov. Najsk\u00f4r iba lep\u0161ie po\u010d\u00fava\u0165, sk\u00fasi\u0165 milova\u0165 a a\u017e tak u\u010di\u0165 l\u00e1ske in\u00fdch aj slovami.<\/p>\n\n\n\n<p style=\"font-size:17px\">Lebo aj ten samarit\u00e1n sa o toho zranen\u00e9ho najsk\u00f4r staral cel\u00fd de\u0148 s\u00e1m&#8230; a a\u017e potom &#8211; na druh\u00fd de\u0148 &#8211; ho zveril hostinsk\u00e9mu so slovami: &#8222;Staraj sa o\u0148!&#8220;<\/p>\n\n\n\n<p style=\"font-size:17px\">Lebo v\u017edy je najsk\u00f4r pr\u00edklad a u\u010denie a\u017e po \u0148om.<\/p>\n\n\n\n<blockquote class=\"wp-block-quote is-layout-flow wp-block-quote-is-layout-flow\"><p><em>Autor:\u00a0<\/em><a rel=\"noreferrer noopener\" href=\"https:\/\/www.vladkostefanic.com\/\" target=\"_blank\"><em>Vladim\u00edr \u0160tefani\u010d<\/em><\/a><\/p><\/blockquote>\n\n\n\n<p><\/p>\n","protected":false},"excerpt":{"rendered":"<p>Strhol som sa na posteli, akoby ma niekto udrel kladivom po hlave. Na\u010d\u00faval som. Nebol som si ist\u00fd, \u010di sa mi to iba nesn\u00edvalo. Zvon\u010dek pri dver\u00e1ch znova zahv\u00edzdal. Nebol to sen. Natiahol som ruku a skontroloval \u010das na mobile. 6:00. Hne\u010f som vysko\u010dil z postele. Takto r\u00e1no na faru zvonia iba t\u00ed, \u010do potrebuj\u00fa [&hellip;]<\/p>\n","protected":false},"author":1,"featured_media":0,"comment_status":"closed","ping_status":"closed","sticky":false,"template":"","format":"standard","meta":{"ngg_post_thumbnail":0,"footnotes":""},"categories":[22],"tags":[],"class_list":["post-15452","post","type-post","status-publish","format-standard","hentry","category-zamyslenia"],"views":792,"_links":{"self":[{"href":"https:\/\/www.farnost-strazske.sk\/index.php?rest_route=\/wp\/v2\/posts\/15452","targetHints":{"allow":["GET"]}}],"collection":[{"href":"https:\/\/www.farnost-strazske.sk\/index.php?rest_route=\/wp\/v2\/posts"}],"about":[{"href":"https:\/\/www.farnost-strazske.sk\/index.php?rest_route=\/wp\/v2\/types\/post"}],"author":[{"embeddable":true,"href":"https:\/\/www.farnost-strazske.sk\/index.php?rest_route=\/wp\/v2\/users\/1"}],"replies":[{"embeddable":true,"href":"https:\/\/www.farnost-strazske.sk\/index.php?rest_route=%2Fwp%2Fv2%2Fcomments&post=15452"}],"version-history":[{"count":3,"href":"https:\/\/www.farnost-strazske.sk\/index.php?rest_route=\/wp\/v2\/posts\/15452\/revisions"}],"predecessor-version":[{"id":15455,"href":"https:\/\/www.farnost-strazske.sk\/index.php?rest_route=\/wp\/v2\/posts\/15452\/revisions\/15455"}],"wp:attachment":[{"href":"https:\/\/www.farnost-strazske.sk\/index.php?rest_route=%2Fwp%2Fv2%2Fmedia&parent=15452"}],"wp:term":[{"taxonomy":"category","embeddable":true,"href":"https:\/\/www.farnost-strazske.sk\/index.php?rest_route=%2Fwp%2Fv2%2Fcategories&post=15452"},{"taxonomy":"post_tag","embeddable":true,"href":"https:\/\/www.farnost-strazske.sk\/index.php?rest_route=%2Fwp%2Fv2%2Ftags&post=15452"}],"curies":[{"name":"wp","href":"https:\/\/api.w.org\/{rel}","templated":true}]}}