{"id":15475,"date":"2019-08-12T21:40:04","date_gmt":"2019-08-12T19:40:04","guid":{"rendered":"https:\/\/www.farnost-strazske.sk\/?p=15475"},"modified":"2019-08-12T21:40:05","modified_gmt":"2019-08-12T19:40:05","slug":"necakana-navsteva","status":"publish","type":"post","link":"https:\/\/www.farnost-strazske.sk\/?p=15475","title":{"rendered":"(Ne)\u010dakan\u00e1 n\u00e1v\u0161teva"},"content":{"rendered":"\n<blockquote style=\"text-align:right\" class=\"wp-block-quote is-layout-flow wp-block-quote-is-layout-flow\"><p><em>&nbsp;Blahoslaven\u00ed sluhovia,<\/em><em>ktor\u00fdch p\u00e1n pri svojom pr\u00edchode n\u00e1jde bdie\u0165.<\/em><\/p><\/blockquote>\n\n\n\n<p class=\"has-normal-font-size\">Povedal, \u017ee sa zastav\u00ed o desiatej pred obedom.<\/p>\n\n\n\n<p class=\"has-normal-font-size\">Umyl som riad, ba ho aj poutieral. Odlo\u017eil som obnosen\u00e9 veci zo stoli\u010dky. Utrel r\u00fdchlo prach. Upratal predsie\u0148, ulo\u017eil top\u00e1nky a vytrepal roho\u017eku.<\/p>\n\n\n\n<p class=\"has-normal-font-size\">Prichystan\u00fd na n\u00e1v\u0161tevu.<\/p>\n\n\n\n<p class=\"has-normal-font-size\">U\u017e som iba \u010dakal. V takomto pr\u00edpade u\u017e nerob\u00edm ni\u010d ve\u013ek\u00e9. Ni\u010d, \u010do by mi mohlo vzia\u0165 viac \u010dasu, zamestna\u0165 ma na cel\u00fd de\u0148. Nep\u00ed\u0161em. Nejdem do lesa. Ne\u010d\u00edtam. Nenakupujem. Ni\u010d ve\u013ek\u00e9. Proste \u010dak\u00e1m n\u00e1v\u0161tevu.<\/p>\n\n\n\n<p class=\"has-normal-font-size\">Desa\u0165 a ni\u010d. Jeden\u00e1s\u0165 a ni\u010d. Dvan\u00e1s\u0165 a ni\u010d. Ani sms, ani telefon\u00e1t. Jedna poobede a ni\u010d. Druh\u00e1, tretia, pol \u0161tvrtej. Ni\u010d.<\/p>\n\n\n\n<p class=\"has-normal-font-size\">&#8222;U\u017e nepr\u00edde,&#8220; uveril som tomu.<\/p>\n\n\n\n<p class=\"has-normal-font-size\">Om\u0161u som mal r\u00e1no. A ve\u010der u\u017e \u017eiadne povinnosti. Rozhodol som sa, \u017ee vybehnem do lesa nad farou.<\/p>\n\n\n\n<p class=\"has-normal-font-size\">Prezliekol som sa a veci som nechal prevesen\u00e9 cez gau\u010d. Vytiahol som zo skrinky vibramy a s nimi aj \u0161pinu na roho\u017eku z poslednej vych\u00e1dzky lesom. Vy\u0161iel som na dvor, zamkol dvere a za\u010dal som st\u00fapa\u0165 do kopca.<\/p>\n\n\n\n<p class=\"has-normal-font-size\">Bol som hlboko v lese, ke\u010f mi zazvonil mobil. Dvihol som.<\/p>\n\n\n\n<p class=\"has-normal-font-size\">&#8222;Kde si? Auto m\u00e1\u0161 tu. Zvon\u00edm. Zvon\u00edm a ni\u010d,&#8220; s\u0165a\u017eovala sa n\u00e1v\u0161teva, \u017ee neotv\u00e1ram.<\/p>\n\n\n\n<p class=\"has-normal-font-size\">&#8222;V lese,&#8220; skon\u0161tatoval som sucho. &#8222;Myslel som, \u017ee u\u017e nepr\u00edde\u0161&#8230;&#8220;<\/p>\n\n\n\n<p class=\"has-normal-font-size\">&#8222;Povedal som, \u017ee pr\u00eddem,&#8220; pripomenul mi.<\/p>\n\n\n\n<p class=\"has-normal-font-size\">&#8222;Idem dolu,&#8220; pris\u013e\u00fabil som a vr\u00e1til som sa na faru.<\/p>\n\n\n\n<p class=\"has-normal-font-size\">Pozval som ho dnu cez \u0161pinav\u00fa roho\u017eku do ob\u00fdva\u010dky. Posadil som ho do gau\u010da, z ktor\u00e9ho som najsk\u00f4r upratal veci. A\u017e potom som ho pon\u00fakol k\u00e1vou.<\/p>\n\n\n\n<p class=\"has-normal-font-size\">Mohol som ma\u0165 poriadok, ak by som bol trpezlivej\u0161\u00ed v \u010dakan\u00ed. Trpezlivej\u0161\u00ed v bden\u00ed.<\/p>\n\n\n\n<div class=\"wp-block-image\"><figure class=\"aligncenter is-resized\"><img loading=\"lazy\" decoding=\"async\" src=\"https:\/\/vladkostefanic.com\/_files\/200000517-6ce416de0b\/_VS95018.jpg\" alt=\"\" width=\"479\" height=\"268\"\/><\/figure><\/div>\n\n\n\n<p class=\"has-normal-font-size\">Popravde, v\u017edy, ke\u010f \u010dak\u00e1m n\u00e1v\u0161tevu, m\u00f4j svet sa zmen\u0161\u00ed iba na z\u00e1kladn\u00e9 veci.<\/p>\n\n\n\n<p class=\"has-normal-font-size\">Poupratujem, aby som mal poriadok.<\/p>\n\n\n\n<p class=\"has-normal-font-size\">Zaober\u00e1m sa iba n\u00e1v\u0161tevou, a teda, \u010di jej m\u00e1m \u010do pon\u00faknu\u0165.<\/p>\n\n\n\n<p class=\"has-normal-font-size\">A ni\u010d ve\u013ek\u00e9 a dlhodob\u00e9 nepl\u00e1nujem robi\u0165. Iba nutnosti.<\/p>\n\n\n\n<p class=\"has-normal-font-size\">Prem\u00fd\u0161\u013eam, ako ve\u013emi by sa zjednodu\u0161il m\u00f4j \u017eivot, ak by som \u010dakal n\u00e1v\u0161tevu ka\u017edodenne&#8230; cel\u00fd \u017eivot. Mal by som v\u017edy poriadok. Nemyslel by som iba na seba. A nerobil si starosti s pl\u00e1novan\u00edm ve\u013ek\u00fdch vec\u00ed, nerobil starosti o zajtraj\u0161ok.<\/p>\n\n\n\n<p class=\"has-normal-font-size\"><em>Blahoslaven\u00ed sluhovia, ktor\u00fdch P\u00e1n pri svojom pr\u00edchode n\u00e1jde bdie\u0165&#8230;<\/em><\/p>\n\n\n\n<p class=\"has-normal-font-size\">Mo\u017eno mi t\u00e1to veta chce pripomen\u00fa\u0165, \u010do je naozaj d\u00f4le\u017eit\u00e9.<\/p>\n\n\n\n<p class=\"has-normal-font-size\">Len aby som mal v\u017edy poriadok v srdci. Len aby som nemyslel na seba, ale na toho, ku ktor\u00e9mu sa modl\u00edm\u00a0<em>posv\u00e4\u0165 sa meno tvoje.<\/em>\u00a0Len aby som si prestal robi\u0165 staros\u0165 o zajtraj\u0161ok. Lebo len takto som pripraven\u00fd na Syna \u010dloveka, ktor\u00fd m\u00f4\u017ee aj do m\u00f4jho \u017eivota vst\u00fapi\u0165 kedyko\u013evek&#8230;<\/p>\n\n\n\n<blockquote class=\"wp-block-quote is-layout-flow wp-block-quote-is-layout-flow\"><p><em>Autor:\u00a0<\/em><a rel=\"noreferrer noopener\" href=\"https:\/\/www.vladkostefanic.com\/\" target=\"_blank\"><em>Vladim\u00edr \u0160tefani\u010d<\/em><\/a><\/p><\/blockquote>\n","protected":false},"excerpt":{"rendered":"<p>&nbsp;Blahoslaven\u00ed sluhovia,ktor\u00fdch p\u00e1n pri svojom pr\u00edchode n\u00e1jde bdie\u0165. Povedal, \u017ee sa zastav\u00ed o desiatej pred obedom. Umyl som riad, ba ho aj poutieral. Odlo\u017eil som obnosen\u00e9 veci zo stoli\u010dky. Utrel r\u00fdchlo prach. Upratal predsie\u0148, ulo\u017eil top\u00e1nky a vytrepal roho\u017eku. Prichystan\u00fd na n\u00e1v\u0161tevu. U\u017e som iba \u010dakal. V takomto pr\u00edpade u\u017e nerob\u00edm ni\u010d ve\u013ek\u00e9. Ni\u010d, \u010do [&hellip;]<\/p>\n","protected":false},"author":1,"featured_media":0,"comment_status":"closed","ping_status":"closed","sticky":false,"template":"","format":"standard","meta":{"ngg_post_thumbnail":0,"footnotes":""},"categories":[22],"tags":[],"class_list":["post-15475","post","type-post","status-publish","format-standard","hentry","category-zamyslenia"],"views":790,"_links":{"self":[{"href":"https:\/\/www.farnost-strazske.sk\/index.php?rest_route=\/wp\/v2\/posts\/15475","targetHints":{"allow":["GET"]}}],"collection":[{"href":"https:\/\/www.farnost-strazske.sk\/index.php?rest_route=\/wp\/v2\/posts"}],"about":[{"href":"https:\/\/www.farnost-strazske.sk\/index.php?rest_route=\/wp\/v2\/types\/post"}],"author":[{"embeddable":true,"href":"https:\/\/www.farnost-strazske.sk\/index.php?rest_route=\/wp\/v2\/users\/1"}],"replies":[{"embeddable":true,"href":"https:\/\/www.farnost-strazske.sk\/index.php?rest_route=%2Fwp%2Fv2%2Fcomments&post=15475"}],"version-history":[{"count":1,"href":"https:\/\/www.farnost-strazske.sk\/index.php?rest_route=\/wp\/v2\/posts\/15475\/revisions"}],"predecessor-version":[{"id":15476,"href":"https:\/\/www.farnost-strazske.sk\/index.php?rest_route=\/wp\/v2\/posts\/15475\/revisions\/15476"}],"wp:attachment":[{"href":"https:\/\/www.farnost-strazske.sk\/index.php?rest_route=%2Fwp%2Fv2%2Fmedia&parent=15475"}],"wp:term":[{"taxonomy":"category","embeddable":true,"href":"https:\/\/www.farnost-strazske.sk\/index.php?rest_route=%2Fwp%2Fv2%2Fcategories&post=15475"},{"taxonomy":"post_tag","embeddable":true,"href":"https:\/\/www.farnost-strazske.sk\/index.php?rest_route=%2Fwp%2Fv2%2Ftags&post=15475"}],"curies":[{"name":"wp","href":"https:\/\/api.w.org\/{rel}","templated":true}]}}