{"id":15935,"date":"2020-03-01T15:19:24","date_gmt":"2020-03-01T14:19:24","guid":{"rendered":"https:\/\/www.farnost-strazske.sk\/?p=15935"},"modified":"2020-03-01T15:19:25","modified_gmt":"2020-03-01T14:19:25","slug":"svet-cirkev-pokusenie","status":"publish","type":"post","link":"https:\/\/www.farnost-strazske.sk\/?p=15935","title":{"rendered":"Svet. Cirkev. Poku\u0161enie."},"content":{"rendered":"\n<p class=\"has-normal-font-size\">Vrhni sa dolu. Naj\u010dastej\u0161ie poku\u0161enie. Sta\u010d\u00ed natiahnu\u0165 ruku a vzia\u0165 si z ovocia, ktor\u00e9 je kr\u00e1sne na poh\u013ead a sladk\u00e9 na jazyku. Len sa vrhni dolu&#8230;<\/p>\n\n\n\n<p class=\"has-normal-font-size\">Adam a Eva by vedeli rozpr\u00e1va\u0165, ak\u00e9 to je uveri\u0165 poku\u0161ite\u013eovi. Ve\u010f len pre ten k\u00fasok sladkej ovocnej \u0161\u0165avy boli vyhnan\u00ed na zem.<\/p>\n\n\n\n<p class=\"has-normal-font-size\">Vrhni sa dolu. A vezmi si z kol\u00e1\u010da, ktor\u00fd ti nepatr\u00ed.<\/p>\n\n\n\n<p class=\"has-normal-font-size\">Z kol\u00e1\u010da majetku, ktor\u00fd nie je tvoj. Z kol\u00e1\u010da mu\u017ea, ktor\u00fd s\u013e\u00fabil vernos\u0165 inej. Z kol\u00e1\u010da \u010dloveka, nad ktor\u00e9ho sa povy\u0161ova\u0165 alebo rozhodova\u0165 o jeho \u017eivote ty nem\u00e1\u0161 pr\u00e1vo. Z kol\u00e1\u010da \u0161t\u00e1tu. Len si vezmi.<\/p>\n\n\n\n<p class=\"has-normal-font-size\">Vrhni sa dolu. Presne to si \u017eel\u00e1 svet pri poh\u013eade na Cirkev. Aby sa vrhla dolu. Aby zavrhla, \u010do jej je vlastn\u00e9 od po\u010diatku. Je\u017ei\u0161ovo u\u010denie. Mor\u00e1lku. Rozli\u0161ovanie medzi dobrom a zlom bez nadr\u017eiavania osob\u00e1m a ich postaveniu.<\/p>\n\n\n\n<div class=\"wp-block-image\"><figure class=\"aligncenter is-resized\"><img loading=\"lazy\" decoding=\"async\" src=\"https:\/\/vladkostefanic.com\/_files\/200000546-7f5c97f5cc\/_VS97460.jpg\" alt=\"\" width=\"518\" height=\"291\"\/><\/figure><\/div>\n\n\n\n<p class=\"has-normal-font-size\">Vrhni sa dolu, Cirkev moja milovan\u00e1 a vezmi si za svoju mor\u00e1lku \u0161t\u00e1tu \u010di mor\u00e1lku m\u00e9di\u00ed. Zaho\u010f star\u00e9, spr\u00e1chniven\u00e9 a d\u00e1vno prekonan\u00e9 prik\u00e1zania a u\u010denia, akoby viac nemalo plati\u0165, \u017ee bo\u017eie slovo je nemenn\u00e9 a jedin\u00e9, \u010do sa d\u00edva na dobro \u010dloveka a\u017e za t\u00fato zem, a\u017e za smr\u0165, a\u017e na ve\u010dnos\u0165.<\/p>\n\n\n\n<p class=\"has-normal-font-size\">Vrhni sa dolu, Cirkev moja milovan\u00e1.<\/p>\n\n\n\n<p class=\"has-normal-font-size\">Ve\u010f Boh&nbsp;<em>d\u00e1 svojim anjelom pr\u00edkaz o tebe a vezm\u00fa \u0165a na ruky<\/em>.<\/p>\n\n\n\n<p class=\"has-normal-font-size\">Ve\u010f Boh s\u013e\u00fabil, \u017ee&nbsp;<em>ani pekeln\u00e9 br\u00e1ny \u0165a neprem\u00f4\u017eu<\/em>.<\/p>\n\n\n\n<p class=\"has-normal-font-size\">Ve\u010f Boh je nanajv\u00fd\u0161 l\u00e1skav\u00fd a ch\u00e1pav\u00fd, \u017ee on rozumie, pre\u010do by si sa mala meni\u0165, prisp\u00f4sobova\u0165 a po\u010d\u00fava\u0165 sveta hlas.<\/p>\n\n\n\n<p class=\"has-normal-font-size\">Ve\u010f Boh rozumie, \u017ee \u010dlovek a jeho n\u00e1lady, t\u00fa\u017eby, \u010di \u017eelania sa menia.<\/p>\n\n\n\n<p class=\"has-normal-font-size\">Ve\u010f Boh s\u013e\u00fabil, \u017ee sa o teba postar\u00e1 a urob\u00ed tak, aj keby si len tro\u0161i\u010dka, Cirkev moja milovan\u00e1, naozaj iba tro\u0161i\u010dka po\u013eavila&#8230; prisp\u00f4sobila sa&#8230; po\u010d\u00favala&#8230; modernizovala&#8230;<\/p>\n\n\n\n<p class=\"has-normal-font-size\">Je\u017ei\u0161 mal na to jasn\u00fa odpove\u010f:&nbsp;<em>Nebude\u0161 pok\u00fa\u0161a\u0165 P\u00e1na, svojho Boha<\/em>.<\/p>\n\n\n\n<p class=\"has-normal-font-size\">Aj ja, katol\u00edk, m\u00e1m, lebo v Cirkev Kristovu, ktor\u00e1 uskuto\u010d\u0148uje evanjelium, definit\u00edvne slovo Boha cel\u00e9mu \u013eudstvu, ver\u00edm viac ako v cirkev sveta.<\/p>\n\n\n\n<blockquote class=\"wp-block-quote is-layout-flow wp-block-quote-is-layout-flow\"><p> <em>Autor:\u00a0<\/em><a rel=\"noreferrer noopener\" href=\"https:\/\/www.vladkostefanic.com\/\" target=\"_blank\"><em>Vladim\u00edr \u0160tefani\u010d<\/em><\/a> <\/p><\/blockquote>\n","protected":false},"excerpt":{"rendered":"<p>Vrhni sa dolu. Naj\u010dastej\u0161ie poku\u0161enie. Sta\u010d\u00ed natiahnu\u0165 ruku a vzia\u0165 si z ovocia, ktor\u00e9 je kr\u00e1sne na poh\u013ead a sladk\u00e9 na jazyku. Len sa vrhni dolu&#8230; Adam a Eva by vedeli rozpr\u00e1va\u0165, ak\u00e9 to je uveri\u0165 poku\u0161ite\u013eovi. Ve\u010f len pre ten k\u00fasok sladkej ovocnej \u0161\u0165avy boli vyhnan\u00ed na zem. Vrhni sa dolu. A vezmi si [&hellip;]<\/p>\n","protected":false},"author":1,"featured_media":0,"comment_status":"closed","ping_status":"closed","sticky":false,"template":"","format":"standard","meta":{"ngg_post_thumbnail":0,"footnotes":""},"categories":[22],"tags":[],"class_list":["post-15935","post","type-post","status-publish","format-standard","hentry","category-zamyslenia"],"views":700,"_links":{"self":[{"href":"https:\/\/www.farnost-strazske.sk\/index.php?rest_route=\/wp\/v2\/posts\/15935","targetHints":{"allow":["GET"]}}],"collection":[{"href":"https:\/\/www.farnost-strazske.sk\/index.php?rest_route=\/wp\/v2\/posts"}],"about":[{"href":"https:\/\/www.farnost-strazske.sk\/index.php?rest_route=\/wp\/v2\/types\/post"}],"author":[{"embeddable":true,"href":"https:\/\/www.farnost-strazske.sk\/index.php?rest_route=\/wp\/v2\/users\/1"}],"replies":[{"embeddable":true,"href":"https:\/\/www.farnost-strazske.sk\/index.php?rest_route=%2Fwp%2Fv2%2Fcomments&post=15935"}],"version-history":[{"count":1,"href":"https:\/\/www.farnost-strazske.sk\/index.php?rest_route=\/wp\/v2\/posts\/15935\/revisions"}],"predecessor-version":[{"id":15936,"href":"https:\/\/www.farnost-strazske.sk\/index.php?rest_route=\/wp\/v2\/posts\/15935\/revisions\/15936"}],"wp:attachment":[{"href":"https:\/\/www.farnost-strazske.sk\/index.php?rest_route=%2Fwp%2Fv2%2Fmedia&parent=15935"}],"wp:term":[{"taxonomy":"category","embeddable":true,"href":"https:\/\/www.farnost-strazske.sk\/index.php?rest_route=%2Fwp%2Fv2%2Fcategories&post=15935"},{"taxonomy":"post_tag","embeddable":true,"href":"https:\/\/www.farnost-strazske.sk\/index.php?rest_route=%2Fwp%2Fv2%2Ftags&post=15935"}],"curies":[{"name":"wp","href":"https:\/\/api.w.org\/{rel}","templated":true}]}}