{"id":15942,"date":"2020-03-08T21:52:53","date_gmt":"2020-03-08T20:52:53","guid":{"rendered":"https:\/\/www.farnost-strazske.sk\/?p=15942"},"modified":"2020-03-08T21:52:54","modified_gmt":"2020-03-08T20:52:54","slug":"mlcat-s-bohom","status":"publish","type":"post","link":"https:\/\/www.farnost-strazske.sk\/?p=15942","title":{"rendered":"Ml\u010da\u0165 s Bohom"},"content":{"rendered":"\n<p class=\"has-normal-font-size\">Ak by som bol na vrchu, na ktorom by sa stretli \u017eiv\u00ed, skuto\u010dn\u00ed a v celej svojej sl\u00e1ve Moj\u017ei\u0161, Eli\u00e1\u0161 a Je\u017ei\u0161, asi by som onemel. Pod\u013ea pravidiel slu\u0161n\u00e9ho spr\u00e1vania by sa to odo m\u0148a aj \u010dakalo.<\/p>\n\n\n\n<p class=\"has-normal-font-size\">Viem, kedy sa ml\u010d\u00ed. Viem, kedy sa odo m\u0148a ne\u010dak\u00e1, \u017ee budem mudrova\u0165. Viem, kedy hovori\u0165 ako druh\u00fd. Kedy \u010dak\u00e1m, k\u00fdm ma oslovia, aby som prehovoril. A to som nikdy Moj\u017ei\u0161a s Eli\u00e1\u0161om nevidel. Ani Je\u017ei\u0161a. Ani Franti\u0161ka, jeho n\u00e1stupcu v R\u00edme.<\/p>\n\n\n\n<p class=\"has-normal-font-size\">Pri\u0161lo by mi to komick\u00e9&#8230; ja a Franti\u0161ek. Ak by sa to stalo. Viem si predstavi\u0165, ako by som otvoril n\u00e1ru\u010d a sk\u00f4r, ne\u017e by on prehovoril, kri\u010dal by som na neho zdia\u013eky: &#8222;Ferko, Feri, Franti\u0161ek, tak r\u00e1d \u0165a vid\u00edm&#8230;&#8220;<\/p>\n\n\n\n<p class=\"has-normal-font-size\">Bola by to pravda. Videl by som ho r\u00e1d. Ale nikdy by som to tak nepovedal, nekri\u010dal na neho, ale \u010dakal by som, k\u00fdm by prehovoril on. \u00dactivo by som ml\u010dal, k\u00fdm by sa on s\u00e1m nerozhovoril.<\/p>\n\n\n\n<div class=\"wp-block-image\"><figure class=\"aligncenter is-resized\"><img loading=\"lazy\" decoding=\"async\" src=\"https:\/\/vladkostefanic.com\/_files\/200000579-56bae56bb1\/_DSC9213.jpeg\" alt=\"\" width=\"451\" height=\"299\"\/><\/figure><\/div>\n\n\n\n<p class=\"has-normal-font-size\">Peter mudruje. Odkia\u013e nabral odvahu prehovori\u0165? Mie\u0161a\u0165 sa do spolo\u010denstva sv\u00e4t\u00fdch s ve\u013ek\u00fdm S? E\u0161te\u017ee je tam ten hlas zhora:&nbsp;<em>&#8222;Toto je m\u00f4j milovan\u00fd Syn, v ktorom m\u00e1m za\u013e\u00fabenie; po\u010d\u00favajte ho.&#8220;&nbsp;<\/em>(Mt17,5).<\/p>\n\n\n\n<p class=\"has-normal-font-size\">Hlas, ktor\u00fd vysvet\u013euje, \u010do mi m\u00e1lo hovorili u\u010ditelia, ke\u010f som pod ich rukami r\u00e1stol vo viere.<\/p>\n\n\n\n<p class=\"has-normal-font-size\">Vraveli mi, \u017ee m\u00f4\u017eem Bohu v\u0161etko poveda\u0165.<\/p>\n\n\n\n<p class=\"has-normal-font-size\">Vraveli, \u017ee ke\u010f m\u00e1m probl\u00e9m, tak ho sta\u010d\u00ed zabali\u0165 akoby do lopty a vykopn\u00fa\u0165 hore a\u017e k oblakom a \u017ee Boh sa postar\u00e1. Vraveli, \u017ee k Bohu m\u00f4\u017eem hovori\u0165 kedyko\u013evek, \u010doko\u013evek a \u017ee on ma v\u017edy po\u010duje.<\/p>\n\n\n\n<p class=\"has-normal-font-size\">U\u010dili ma modli\u0165 sa, hovori\u0165, prosi\u0165 a do\u017eadova\u0165 sa, klopa\u0165 na nebesk\u00fa br\u00e1nu, ktor\u00fa Boh trpezliv\u00fdm otv\u00e1ra.<\/p>\n\n\n\n<p class=\"has-normal-font-size\">Ale nik mi nevravel, \u017ee m\u00e1m ml\u010da\u0165. Nik nevravel, \u017ee m\u00e1m najsk\u00f4r po\u010d\u00fava\u0165.<\/p>\n\n\n\n<p class=\"has-normal-font-size\">Nik, a\u017e Boh s\u00e1m mi povedal: &#8222;Toto je m\u00f4j milovan\u00fd Syn;&nbsp;<em>po\u010d\u00favajte ho<\/em>.&#8220;<\/p>\n\n\n\n<p class=\"has-normal-font-size\">Po\u010d\u00favajte ho.<\/p>\n\n\n\n<p class=\"has-normal-font-size\">Je \u0165a\u017ek\u00e9 po\u010d\u00fava\u0165 Boha, ke\u010f je toho tak ve\u013ea, \u010do mu e\u0161te mus\u00edm poveda\u0165.<\/p>\n\n\n\n<p class=\"has-normal-font-size\">Mo\u017eno ani nemus\u00edm, ale chcem, lebo tak ma u\u010dili. Aby som mal pocit, vlastn\u00e9 uspokojenie, \u017ee na Boha nezab\u00fadam. Aby som mu uk\u00e1zal, \u017ee o neho stoj\u00edm. A tak ho zasyp\u00e1vam slovami, vetami, o ktor\u00fdch on beztak vie. Tak ma to u\u010dili. Rozpr\u00e1va\u0165 sa s n\u00edm. Hovori\u0165 na neho.<\/p>\n\n\n\n<p class=\"has-normal-font-size\">A pritom u\u017e roky som nepo\u010dul \u017eiadnu odpove\u010f. Nie \u017eeby Boh nechcel hovori\u0165, ja som nechcel po\u010d\u00fava\u0165.<\/p>\n\n\n\n<p class=\"has-normal-font-size\"><em>&#8222;Toto je m\u00f4j milovan\u00fd Syn; po\u010d\u00favajte ho.&#8220;&nbsp;<\/em>(Mt17,5).<\/p>\n\n\n\n<p class=\"has-normal-font-size\">Je potrebn\u00e9 poveda\u0165 to e\u0161te jednoduch\u0161ie, aby sme to pochopili?<\/p>\n\n\n\n<blockquote class=\"wp-block-quote is-layout-flow wp-block-quote-is-layout-flow\"><p> <em>Autor:\u00a0<\/em><a rel=\"noreferrer noopener\" href=\"https:\/\/www.vladkostefanic.com\/\" target=\"_blank\"><em>Vladim\u00edr \u0160tefani\u010d<\/em><\/a> <\/p><\/blockquote>\n","protected":false},"excerpt":{"rendered":"<p>Ak by som bol na vrchu, na ktorom by sa stretli \u017eiv\u00ed, skuto\u010dn\u00ed a v celej svojej sl\u00e1ve Moj\u017ei\u0161, Eli\u00e1\u0161 a Je\u017ei\u0161, asi by som onemel. Pod\u013ea pravidiel slu\u0161n\u00e9ho spr\u00e1vania by sa to odo m\u0148a aj \u010dakalo. Viem, kedy sa ml\u010d\u00ed. Viem, kedy sa odo m\u0148a ne\u010dak\u00e1, \u017ee budem mudrova\u0165. Viem, kedy hovori\u0165 ako druh\u00fd. [&hellip;]<\/p>\n","protected":false},"author":1,"featured_media":0,"comment_status":"closed","ping_status":"closed","sticky":false,"template":"","format":"standard","meta":{"ngg_post_thumbnail":0,"footnotes":""},"categories":[22],"tags":[],"class_list":["post-15942","post","type-post","status-publish","format-standard","hentry","category-zamyslenia"],"views":662,"_links":{"self":[{"href":"https:\/\/www.farnost-strazske.sk\/index.php?rest_route=\/wp\/v2\/posts\/15942","targetHints":{"allow":["GET"]}}],"collection":[{"href":"https:\/\/www.farnost-strazske.sk\/index.php?rest_route=\/wp\/v2\/posts"}],"about":[{"href":"https:\/\/www.farnost-strazske.sk\/index.php?rest_route=\/wp\/v2\/types\/post"}],"author":[{"embeddable":true,"href":"https:\/\/www.farnost-strazske.sk\/index.php?rest_route=\/wp\/v2\/users\/1"}],"replies":[{"embeddable":true,"href":"https:\/\/www.farnost-strazske.sk\/index.php?rest_route=%2Fwp%2Fv2%2Fcomments&post=15942"}],"version-history":[{"count":1,"href":"https:\/\/www.farnost-strazske.sk\/index.php?rest_route=\/wp\/v2\/posts\/15942\/revisions"}],"predecessor-version":[{"id":15943,"href":"https:\/\/www.farnost-strazske.sk\/index.php?rest_route=\/wp\/v2\/posts\/15942\/revisions\/15943"}],"wp:attachment":[{"href":"https:\/\/www.farnost-strazske.sk\/index.php?rest_route=%2Fwp%2Fv2%2Fmedia&parent=15942"}],"wp:term":[{"taxonomy":"category","embeddable":true,"href":"https:\/\/www.farnost-strazske.sk\/index.php?rest_route=%2Fwp%2Fv2%2Fcategories&post=15942"},{"taxonomy":"post_tag","embeddable":true,"href":"https:\/\/www.farnost-strazske.sk\/index.php?rest_route=%2Fwp%2Fv2%2Ftags&post=15942"}],"curies":[{"name":"wp","href":"https:\/\/api.w.org\/{rel}","templated":true}]}}