{"id":15966,"date":"2020-03-29T22:11:03","date_gmt":"2020-03-29T20:11:03","guid":{"rendered":"https:\/\/www.farnost-strazske.sk\/?p=15966"},"modified":"2020-03-29T22:11:04","modified_gmt":"2020-03-29T20:11:04","slug":"prava-ruka-boha","status":"publish","type":"post","link":"https:\/\/www.farnost-strazske.sk\/?p=15966","title":{"rendered":"Prav\u00e1 ruka Boha"},"content":{"rendered":"\n<p class=\"has-normal-font-size\">Som pravou rukou Boha.<\/p>\n\n\n\n<p class=\"has-normal-font-size\">Boh sa mi spoved\u00e1. Boh mi vysvet\u013euje svet. Boh mi na\u0161epk\u00e1va, \u010do m\u00e1m hovori\u0165. Boh mi rozpr\u00e1va o \u013eu\u010foch, ktor\u00ed s\u00fa okolo m\u0148a. Boh mi hovor\u00ed, \u010do si mysl\u00ed o va\u0161om \u017eivote, o va\u0161ich probl\u00e9moch a biede&#8230;<\/p>\n\n\n\n<p class=\"has-normal-font-size\">Mnoh\u00ed si to myslia, k\u00fdm m\u0148a tak\u00e1to predstava des\u00ed.<\/p>\n\n\n\n<p class=\"has-normal-font-size\">Ja ni\u010d neviem. Tak ako vy&#8230;<\/p>\n\n\n\n<figure class=\"wp-block-image is-resized\"><img loading=\"lazy\" decoding=\"async\" src=\"https:\/\/vladkostefanic.com\/_files\/200000582-3315e33161\/_DSC1664.jpeg\" alt=\"\" width=\"498\" height=\"280\"\/><\/figure>\n\n\n\n<p class=\"has-normal-font-size\">Marta si myslela, \u017ee vie:&nbsp;<em>&#8222;Pane, keby si bol b\u00fdval tu, m\u00f4j brat by nebol umrel.&#8220;&nbsp;<\/em>(Jn11,21)<\/p>\n\n\n\n<p class=\"has-normal-font-size\">Naozaj? Laz\u00e1r by nebol umrel? Naozaj, Je\u017ei\u0161 tam nebol? Naozaj, Je\u017ei\u0161 preme\u0161kal pr\u00edle\u017eitos\u0165 urobi\u0165 z\u00e1zrak?<\/p>\n\n\n\n<p class=\"has-normal-font-size\">Marta si myslela, \u017ee vie, ale nevedela.<\/p>\n\n\n\n<p class=\"has-normal-font-size\">Je\u017ei\u0161 vedel o jeho smrti. A tie\u017e vedel, \u010do sa chyst\u00e1 urobi\u0165.<\/p>\n\n\n\n<p class=\"has-normal-font-size\"><em>T\u00e1to choroba nie je na smr\u0165, ale na Bo\u017eiu sl\u00e1vu, aby \u0148ou bol osl\u00e1ven\u00fd Bo\u017e\u00ed Syn<\/em>&nbsp;(Jn11,4).<\/p>\n\n\n\n<p class=\"has-normal-font-size\">Svet je pln\u00fd odborn\u00edkov na v\u00fdklad Bo\u017eieho spr\u00e1vania.<\/p>\n\n\n\n<p class=\"has-normal-font-size\">Po\u010dul som u\u017e z mnoh\u00fdch \u00fast, \u010do si Boh mysl\u00ed, ako Boh prem\u00fd\u0161\u013ea a \u010do by chcel, aby som ja robil. A predsa nem\u00e1m odvahu, viac ne\u017e len cez slov\u00e1 Moj\u017ei\u0161a, Prorokov a Bo\u017eieho syna, vysvet\u013eova\u0165 Bo\u017eie my\u0161lienky a pl\u00e1ny.<\/p>\n\n\n\n<p class=\"has-normal-font-size\">Neviem, \u010do si Boh mysl\u00ed o mojej situ\u00e1ci\u00ed, pokia\u013e sa v nej nev\u00e1\u013eam v blate hriechu. Rovnako ako neviem, \u010do si Boh mysl\u00ed o tebe, pokia\u013e z\u00e1merne nejde\u0161 hlavou ako baranidlom proti dvom kamenn\u00fdm tabuliam Desatora.<\/p>\n\n\n\n<p class=\"has-normal-font-size\">Viem iba, \u017ee Boh miluje. In\u00e1\u010d ako \u010dlovek dok\u00e1\u017ee.<\/p>\n\n\n\n<p class=\"has-normal-font-size\">Viem iba, \u017ee Boh odp\u00fa\u0161\u0165a. A je \u017ei\u010dliv\u00fd. Trpezliv\u00fd. A dobroprajn\u00fd.<\/p>\n\n\n\n<p class=\"has-normal-font-size\">Nechcem by\u0165 pravou rukou Boha.<\/p>\n\n\n\n<p class=\"has-normal-font-size\">Mne sta\u010d\u00ed by\u0165 slne\u010dn\u00fdm l\u00fa\u010dom. Ten nekec\u00e1, nepou\u010duje, nemudruje a nepovy\u0161uje sa nad zdroj svojho svetla.<\/p>\n\n\n\n<p class=\"has-normal-font-size\">Slne\u010dn\u00fd l\u00fa\u010d iba pripom\u00edna, \u017ee je aj slnko nebi&#8230; a pripom\u00edna to v\u0161etk\u00fdm, bez rozdielu.<\/p>\n\n\n\n<blockquote class=\"wp-block-quote is-layout-flow wp-block-quote-is-layout-flow\"><p> <em>Autor:\u00a0<\/em><a rel=\"noreferrer noopener\" href=\"https:\/\/www.vladkostefanic.com\/\" target=\"_blank\"><em>Vladim\u00edr \u0160tefani\u010d<\/em><\/a> <\/p><\/blockquote>\n","protected":false},"excerpt":{"rendered":"<p>Som pravou rukou Boha. Boh sa mi spoved\u00e1. Boh mi vysvet\u013euje svet. Boh mi na\u0161epk\u00e1va, \u010do m\u00e1m hovori\u0165. Boh mi rozpr\u00e1va o \u013eu\u010foch, ktor\u00ed s\u00fa okolo m\u0148a. Boh mi hovor\u00ed, \u010do si mysl\u00ed o va\u0161om \u017eivote, o va\u0161ich probl\u00e9moch a biede&#8230; Mnoh\u00ed si to myslia, k\u00fdm m\u0148a tak\u00e1to predstava des\u00ed. Ja ni\u010d neviem. Tak ako [&hellip;]<\/p>\n","protected":false},"author":1,"featured_media":0,"comment_status":"closed","ping_status":"closed","sticky":false,"template":"","format":"standard","meta":{"ngg_post_thumbnail":0,"footnotes":""},"categories":[22],"tags":[],"class_list":["post-15966","post","type-post","status-publish","format-standard","hentry","category-zamyslenia"],"views":683,"_links":{"self":[{"href":"https:\/\/www.farnost-strazske.sk\/index.php?rest_route=\/wp\/v2\/posts\/15966","targetHints":{"allow":["GET"]}}],"collection":[{"href":"https:\/\/www.farnost-strazske.sk\/index.php?rest_route=\/wp\/v2\/posts"}],"about":[{"href":"https:\/\/www.farnost-strazske.sk\/index.php?rest_route=\/wp\/v2\/types\/post"}],"author":[{"embeddable":true,"href":"https:\/\/www.farnost-strazske.sk\/index.php?rest_route=\/wp\/v2\/users\/1"}],"replies":[{"embeddable":true,"href":"https:\/\/www.farnost-strazske.sk\/index.php?rest_route=%2Fwp%2Fv2%2Fcomments&post=15966"}],"version-history":[{"count":2,"href":"https:\/\/www.farnost-strazske.sk\/index.php?rest_route=\/wp\/v2\/posts\/15966\/revisions"}],"predecessor-version":[{"id":15968,"href":"https:\/\/www.farnost-strazske.sk\/index.php?rest_route=\/wp\/v2\/posts\/15966\/revisions\/15968"}],"wp:attachment":[{"href":"https:\/\/www.farnost-strazske.sk\/index.php?rest_route=%2Fwp%2Fv2%2Fmedia&parent=15966"}],"wp:term":[{"taxonomy":"category","embeddable":true,"href":"https:\/\/www.farnost-strazske.sk\/index.php?rest_route=%2Fwp%2Fv2%2Fcategories&post=15966"},{"taxonomy":"post_tag","embeddable":true,"href":"https:\/\/www.farnost-strazske.sk\/index.php?rest_route=%2Fwp%2Fv2%2Ftags&post=15966"}],"curies":[{"name":"wp","href":"https:\/\/api.w.org\/{rel}","templated":true}]}}