{"id":16014,"date":"2020-04-11T22:17:21","date_gmt":"2020-04-11T20:17:21","guid":{"rendered":"https:\/\/www.farnost-strazske.sk\/?p=16014"},"modified":"2020-04-11T22:17:21","modified_gmt":"2020-04-11T20:17:21","slug":"velky-tyzden-cez-klucovu-dierku-velkonocna-vigilia","status":"publish","type":"post","link":"https:\/\/www.farnost-strazske.sk\/?p=16014","title":{"rendered":"Ve\u013ek\u00fd t\u00fd\u017ede\u0148 cez k\u013e\u00fa\u010dov\u00fa dierku: Ve\u013ekono\u010dn\u00e1 vig\u00edlia"},"content":{"rendered":"\n<h3 class=\"wp-block-heading\"><\/h3>\n\n\n\n<p class=\"has-normal-font-size\">Z rozhlasu som vedel, \u017ee far\u00e1r sa dnes v kostole uk\u00e1\u017ee a\u017e po z\u00e1pade slnka. V\u00f4bec sa mi to nep\u00e1\u010dilo. Mne je s\u00edce jedno, kedy tam chod\u00ed, ale ja sa von po zotmen\u00ed nedostanem. Mama ma nikam nepust\u00ed.<\/p>\n\n\n\n<p class=\"has-normal-font-size\">Cel\u00fd de\u0148 som sa preto doma vypytoval, \u010di stark\u00e1 nie\u010do nepotrebuje, a \u010di jej to nem\u00e1m zanies\u0165. A cel\u00fd de\u0148 ni\u010d nepotrebovala. A\u017e poobede. Volala, \u010di nem\u00e1me na z\u00e1hrade \u010derstv\u00fd chren. Robila cviklu. S \u010derstv\u00fdm, nastr\u00fahan\u00fdm chrenom je cvikla najlep\u0161ia.<\/p>\n\n\n\n<p class=\"has-normal-font-size\">Mama mi str\u010dila do r\u00fak ta\u0161ku s chrenom, ktor\u00fd otec vykopal v z\u00e1hrade a usmievala sa na m\u0148a, \u017ee som kone\u010dne dosiahol svoje.<\/p>\n\n\n\n<p class=\"has-normal-font-size\">&#8222;Cel\u00fd de\u0148 tam chce\u0161 \u00eds\u0165, v\u0161ak?&#8220; v o\u010diach mala iskri\u010dky.<\/p>\n\n\n\n<p class=\"has-normal-font-size\">Prik\u00fdvol som. Samozrejme, \u017ee chcem. Nie v\u0161ak hne\u010f. A\u017e po zotmen\u00ed.<\/p>\n\n\n\n<p class=\"has-normal-font-size\">Chren som nechal na lavi\u010dke v z\u00e1hrade a nevenoval som mu pozornos\u0165. A\u017e do ve\u010dera sa mus\u00edm tv\u00e1ri\u0165, \u017ee rob\u00edm nie\u010do d\u00f4le\u017eit\u00e9, tak d\u00f4le\u017eit\u00e9, \u017ee som na ten chren zabudol. D\u00fafal som, \u017ee stark\u00e1 znova nezavol\u00e1, \u017ee ho potrebuje hne\u010f.<\/p>\n\n\n\n<p class=\"has-normal-font-size\">Do ve\u010dera si ta\u0161ku s chrenom nik nev\u0161imol.<\/p>\n\n\n\n<p class=\"has-normal-font-size\">Ve\u010derali sme. Jedol som, \u010do mi mama dala. Chv\u00e1lil som ju a\u017e do neba. Tak dlho chv\u00e1lil, a\u017e som si napokon spomenul, ak\u00fd som zl\u00fd syn.<\/p>\n\n\n\n<p class=\"has-normal-font-size\">&#8222;Mami,&#8220; oslovil som ju pokorne, &#8222;ja som zabudol na stark\u00fa,&#8220; sklopil som zrak, &#8222;t\u00e1 ta\u0161ka s chrenom&#8230; ja som na \u0148u zabudol&#8230;&#8220;<\/p>\n\n\n\n<p class=\"has-normal-font-size\">Probl\u00e9m s ta\u0161kou a starkou sme vyrie\u0161ili do min\u00faty. Pon\u00fakol som sa, \u017ee ju zanesiem. Bola to predsa moja chyba. S\u013e\u00fabil som, \u017ee sa nikde nezdr\u017e\u00edm. Nikde nezarozpr\u00e1vam. Nikde nestrat\u00edm.<\/p>\n\n\n\n<p class=\"has-normal-font-size\">&#8222;Far\u00e1r by u\u017e mohol by\u0165 tam,&#8220; usmieval som sa popod nos, ke\u010f som vy\u0161iel von. &#8222;Nakuknem do kostola, zanesiem chren a hne\u010f som doma&#8230;&#8220;<\/p>\n\n\n\n<p class=\"has-normal-font-size\">Preletel som cez ulicu ako superman. Str\u010dil som stol\u010dek pod dvere a nakukol cez k\u013e\u00fa\u010dov\u00fa dierku.<\/p>\n\n\n\n<div class=\"wp-block-image\"><figure class=\"aligncenter is-resized\"><img loading=\"lazy\" decoding=\"async\" src=\"https:\/\/vladkostefanic.com\/_files\/200000589-d9790d9793\/SOB.jpeg\" alt=\"\" width=\"500\" height=\"334\"\/><\/figure><\/div>\n\n\n\n<p class=\"has-normal-font-size\">V kostole bola tma. Nehoreli ani svetl\u00e1 ani sviece. Iba jedna.<\/p>\n\n\n\n<p class=\"has-normal-font-size\">Far\u00e1r mal na sebe nov\u00fa plachtu, zlat\u00fa, s ve\u013ek\u00fdm bielym kr\u00ed\u017eom vy\u0161it\u00fdm na chrb\u00e1te. Videl som to aj v tme, ke\u010f\u017ee bol bl\u00edzko pri dver\u00e1ch a v ruk\u00e1ch dr\u017eal sviecu. Kr\u00e1\u010dal uli\u010dkou pomedzi pr\u00e1zdne lavice k tej ve\u013ekej skale na opa\u010dnom konci kostola.<\/p>\n\n\n\n<p class=\"has-normal-font-size\">&#8222;Kristus, svetlo sveta,&#8220; dvihol sviecu nad hlavu a zaspieval.<\/p>\n\n\n\n<p class=\"has-normal-font-size\">Hosana. Drevo kr\u00ed\u017ea. Svetlo sveta.<\/p>\n\n\n\n<p class=\"has-normal-font-size\">&#8222;Kto m\u00e1 tomu rozumie\u0165?&#8220; spomenul som si na v\u0161etky tie \u010dudn\u00e9 slov\u00e1, ktor\u00e9 som z jeho \u00fast za posledn\u00e9 dni po\u010dul.<\/p>\n\n\n\n<p class=\"has-normal-font-size\">Znova pou\u017e\u00edva ten \u010dudn\u00fd jazyk, ktor\u00e9mu rozumie iba on a Boh. Modl\u00ed sa. K\u0148azi tak robia. Stark\u00e1 mi to vravela.<\/p>\n\n\n\n<p class=\"has-normal-font-size\">Nemal som ve\u013ea \u010dasu. R\u00e1d by som ostal dlh\u0161ie, ale v ruk\u00e1ch som mal ta\u0161ku s chrenom. Mus\u00edm ho zanies\u0165 starkej a vr\u00e1ti\u0165 sa domov sk\u00f4r, ne\u017e mama po\u0161le otca, aby ma i\u0161iel h\u013eada\u0165.<\/p>\n\n\n\n<p class=\"has-normal-font-size\">Zosko\u010dil som zo stol\u010deka a schoval som ho za roh kostola.<\/p>\n\n\n\n<p class=\"has-normal-font-size\">&#8222;Svetlo sveta,&#8220; po\u010dul som far\u00e1ra spieva\u0165 znova.<\/p>\n\n\n\n<p class=\"has-normal-font-size\">&#8222;Svetlo sveta je slnko,&#8220; napadlo mi sk\u00f4r, ne\u017e som sa rozbehol hore ulicou.<\/p>\n\n\n\n<p class=\"has-normal-font-size\">Do mysle sa mi votrel obraz zo v\u010dera. Kr\u00ed\u017e, ktor\u00fd mi ukazoval far\u00e1r. A dnes, tak ako dr\u017eal v\u010dera kr\u00ed\u017e, dr\u017e\u00ed t\u00fa sviecu. Znova ju ukazuje. A znova iba mne.<\/p>\n\n\n\n<p class=\"has-normal-font-size\">&#8222;V\u010dera drevo kr\u00ed\u017ea, dnes svetlo sveta,&#8220; opakoval som si v duchu cestou ku starkej. &#8222;Kr\u00ed\u017e a svetlo. Kr\u00ed\u017e a svetlo,&#8220; sna\u017eil som sa rozl\u00fasknu\u0165 tie slov\u00e1, akoby v nich bola ukryt\u00e1 h\u00e1danka sveta.<\/p>\n\n\n\n<p class=\"has-normal-font-size\">Zab\u00fachal som starkej na dvere, zavesil som ta\u0161ku s chrenom na k\u013eu\u010dku a podi\u0161iel som pod okno. Tak sme boli dohodnut\u00ed. Dvere u\u017e neotv\u00e1ra, iba okno.<\/p>\n\n\n\n<p class=\"has-normal-font-size\">&#8222;Doniesol si chren?&#8220; vykukla von. Prik\u00fdvol som.<\/p>\n\n\n\n<p class=\"has-normal-font-size\">&#8222;Pri\u0161iel si s\u00e1m?&#8220; p\u00fdtala sa viac. Prik\u00fdvol som.<\/p>\n\n\n\n<p class=\"has-normal-font-size\">&#8222;A baterku m\u00e1\u0161?&#8220; p\u00fdtala sa pr\u00edsne, akoby vopred poznala odpove\u010f. Neprik\u00fdvol som.<\/p>\n\n\n\n<p class=\"has-normal-font-size\">Stratila sa za oknom, aby mi o chv\u00ed\u013eu z v\u00fd\u0161ky pod\u00e1vala baterku.<\/p>\n\n\n\n<p class=\"has-normal-font-size\">&#8222;Tu m\u00e1\u0161, vonku je u\u017e tma,&#8220; kukala do dia\u013eky na tmav\u00e9 ulice.<\/p>\n\n\n\n<p class=\"has-normal-font-size\">&#8222;\u010eakujem,&#8220; zapol som ju a hne\u010f aj vypol. Zapol. Vypol. Fungovala. &#8222;Baterka, svetlo sveta,&#8220; hundral som si popod nos slovami, ktor\u00e9 som po\u010dul od far\u00e1ra.<\/p>\n\n\n\n<p class=\"has-normal-font-size\">&#8222;Dala som tam nov\u00e9 baterky, nemali by sa ti cestou vybi\u0165,&#8220; chv\u00e1lila sa cez okno, \u017ee mysl\u00ed na v\u0161etko. Stark\u00e9 tak robia.<\/p>\n\n\n\n<p class=\"has-normal-font-size\">Vybi\u0165. To slovo ma zaujalo.<\/p>\n\n\n\n<p class=\"has-normal-font-size\">&#8222;Baterka nem\u00f4\u017ee by\u0165 svetlom sveta,&#8220; d\u00edval som sa do r\u00fak. Znova som ju zapol. A vypol. Zapol. Vypol. Zapol. Vypol.<\/p>\n\n\n\n<p class=\"has-normal-font-size\">&#8222;Nerob to,&#8220; napom\u00ednala ma stark\u00e1.<\/p>\n\n\n\n<p class=\"has-normal-font-size\">&#8222;Vybij\u00fa sa, v\u0161ak?&#8220; dvihol som k nej hlavu a zasvietil som jej do o\u010d\u00ed.<\/p>\n\n\n\n<p class=\"has-normal-font-size\">Vybij\u00fa. Baterky sa vybij\u00fa. V\u0161etko sa raz vybije. V\u0161etko pokaz\u00ed. V\u0161etko zlom\u00ed. Ni\u010d nie je nav\u017edy na svete. Ni\u010d.<\/p>\n\n\n\n<p class=\"has-normal-font-size\">&#8222;Kristus, svetlo sveta,&#8220; spomenul som si na far\u00e1ra v zlatej plachte a jeho spev. V ruk\u00e1ch dr\u017eal sviecu. Dvihol ju nad hlavu a v\u0161etk\u00fdm &#8211; mne za k\u013e\u00fa\u010dovou dierkou, aj t\u00fdm nepr\u00edtomn\u00fdm &#8211; zvestoval svetlo, ktor\u00e9&#8230;<\/p>\n\n\n\n<p class=\"has-normal-font-size\">&#8222;Kr\u00ed\u017e a svetlo,&#8220; uvedomil som si zrazu, \u017ee mo\u017eno pozn\u00e1m odpove\u010f na h\u00e1danku sveta. &#8222;Kr\u00ed\u017e je tma,&#8220; tuho som prem\u00fd\u0161\u013eal. &#8222;A ten mu\u017e na kr\u00ed\u017ei je svetlo,&#8220; ve\u013emi som t\u00fa\u017eil odhali\u0165 to tajomstvo, &#8222;svetlo, ktor\u00e9 poraz\u00ed tmu,&#8220; zhlboka som sa nad\u00fdchol, akoby som na to kone\u010dne pri\u0161iel.<\/p>\n\n\n\n<p class=\"has-normal-font-size\">Kr\u00ed\u017e je tma. Kristus je svetlo. Ale ako?<\/p>\n\n\n\n<p class=\"has-normal-font-size\">&#8222;Lebo on nie je ako baterky,&#8220; otvoril som do\u0161iroka o\u010di a \u00fasta, &#8222;on nie je ako v\u0161etko ostatn\u00e9 na zemi,&#8220; te\u0161il som sa v duchu, \u017ee som rozl\u00faskol h\u00e1danku sveta, &#8222;nikdy sa nezlom\u00ed a nikdy nepokaz\u00ed, ve\u010f u\u017e st\u00e1ro\u010dia svieti \u010dloveku na zemi&#8230;&#8220;<\/p>\n\n\n\n<p class=\"has-normal-font-size\">Z my\u0161lienok ma vytrhlo zvonenie jej mobilu.<\/p>\n\n\n\n<p class=\"has-normal-font-size\">&#8222;V dolin\u00e1\u00e1\u00e1\u00e1\u00e1ch,&#8220; reval Ducho\u0148 na cel\u00fd dvor.<\/p>\n\n\n\n<p class=\"has-normal-font-size\">&#8222;Cho\u010f u\u017e!&#8220; kri\u010dala na m\u0148a stark\u00e1. &#8222;To bude tvoja mama. Poviem jej, \u017ee u\u017e ide\u0161,&#8220; zatvorila okno, zatiahla z\u00e1clonu a vypla Ducho\u0148a.<\/p>\n\n\n\n<p class=\"has-normal-font-size\">Zasvietil som si baterkou na cestu a vydal som sa dolu kopcom domov.<\/p>\n\n\n\n<p class=\"has-normal-font-size\">&#8222;E\u0161te\u017ee neb\u00fdvam \u010faleko,&#8220; usmieval som sa v duchu. Na t\u00fa cestu mi baterky posta\u010dia. Na t\u00fa kr\u00e1tku cestu \u00e1no. Na tie dlh\u0161ie, to u\u017e by bol probl\u00e9m.<\/p>\n\n\n\n<p class=\"has-normal-font-size\">&#8222;Ak by som chcel baterku, aby mi vydr\u017eala na cel\u00fd \u017eivot,&#8220; st\u00e1le som sa usmieval, akoby som objavil Ameriku, &#8222;tak\u00e1 veru neexistuje&#8230;&#8220;<\/p>\n\n\n\n<p class=\"has-normal-font-size\">Na cel\u00fd \u017eivot baterky nie s\u00fa. Baterky nie.<\/p>\n\n\n\n<p class=\"has-normal-font-size\">Ale je svetlo, ktor\u00e9 svieti u\u017e st\u00e1ro\u010dia. A svieti pre ka\u017ed\u00e9ho. Svetlo sveta, o ktorom spieval ten far\u00e1r v pr\u00e1zdnom a tmavom kostole.<\/p>\n\n\n\n<p class=\"has-normal-font-size\">&#8222;Kristus, svetlo sveta,&#8220; po\u010dul som jeho hlas, akoby to bol spieval znova.<\/p>\n\n\n\n<blockquote class=\"wp-block-quote is-layout-flow wp-block-quote-is-layout-flow\"><p><em>Autor:\u00a0<\/em><a rel=\"noreferrer noopener\" href=\"https:\/\/www.vladkostefanic.com\/\" target=\"_blank\"><em>Vladim\u00edr \u0160tefani\u010d<\/em><\/a><\/p><\/blockquote>\n\n\n\n<p><\/p>\n","protected":false},"excerpt":{"rendered":"<p>Z rozhlasu som vedel, \u017ee far\u00e1r sa dnes v kostole uk\u00e1\u017ee a\u017e po z\u00e1pade slnka. V\u00f4bec sa mi to nep\u00e1\u010dilo. Mne je s\u00edce jedno, kedy tam chod\u00ed, ale ja sa von po zotmen\u00ed nedostanem. Mama ma nikam nepust\u00ed. Cel\u00fd de\u0148 som sa preto doma vypytoval, \u010di stark\u00e1 nie\u010do nepotrebuje, a \u010di jej to nem\u00e1m zanies\u0165. [&hellip;]<\/p>\n","protected":false},"author":1,"featured_media":0,"comment_status":"closed","ping_status":"closed","sticky":false,"template":"","format":"standard","meta":{"ngg_post_thumbnail":0,"footnotes":""},"categories":[22],"tags":[],"class_list":["post-16014","post","type-post","status-publish","format-standard","hentry","category-zamyslenia"],"views":643,"_links":{"self":[{"href":"https:\/\/www.farnost-strazske.sk\/index.php?rest_route=\/wp\/v2\/posts\/16014","targetHints":{"allow":["GET"]}}],"collection":[{"href":"https:\/\/www.farnost-strazske.sk\/index.php?rest_route=\/wp\/v2\/posts"}],"about":[{"href":"https:\/\/www.farnost-strazske.sk\/index.php?rest_route=\/wp\/v2\/types\/post"}],"author":[{"embeddable":true,"href":"https:\/\/www.farnost-strazske.sk\/index.php?rest_route=\/wp\/v2\/users\/1"}],"replies":[{"embeddable":true,"href":"https:\/\/www.farnost-strazske.sk\/index.php?rest_route=%2Fwp%2Fv2%2Fcomments&post=16014"}],"version-history":[{"count":1,"href":"https:\/\/www.farnost-strazske.sk\/index.php?rest_route=\/wp\/v2\/posts\/16014\/revisions"}],"predecessor-version":[{"id":16015,"href":"https:\/\/www.farnost-strazske.sk\/index.php?rest_route=\/wp\/v2\/posts\/16014\/revisions\/16015"}],"wp:attachment":[{"href":"https:\/\/www.farnost-strazske.sk\/index.php?rest_route=%2Fwp%2Fv2%2Fmedia&parent=16014"}],"wp:term":[{"taxonomy":"category","embeddable":true,"href":"https:\/\/www.farnost-strazske.sk\/index.php?rest_route=%2Fwp%2Fv2%2Fcategories&post=16014"},{"taxonomy":"post_tag","embeddable":true,"href":"https:\/\/www.farnost-strazske.sk\/index.php?rest_route=%2Fwp%2Fv2%2Ftags&post=16014"}],"curies":[{"name":"wp","href":"https:\/\/api.w.org\/{rel}","templated":true}]}}