{"id":16660,"date":"2021-07-11T15:12:34","date_gmt":"2021-07-11T13:12:34","guid":{"rendered":"https:\/\/www.farnost-strazske.sk\/?p=16660"},"modified":"2021-07-11T15:12:35","modified_gmt":"2021-07-11T13:12:35","slug":"hoax-pani-prezidentka","status":"publish","type":"post","link":"https:\/\/www.farnost-strazske.sk\/?p=16660","title":{"rendered":"Hoax, pani prezidentka!"},"content":{"rendered":"\n<p id=\"wnd_TextBlock_777307229_inner_0\" style=\"font-size:17px\">Pozrel som sa na kr\u00ed\u017e a nahlas som zopakoval, \u010do som pr\u00e1ve pre\u010d\u00edtal od sv\u00e4t\u00e9ho Pavla:&nbsp;<em>Boh n\u00e1s po\u017eehnal v Kristovi&nbsp;<\/em><strong><em>v\u0161etk\u00fdm<\/em><\/strong><em>&nbsp;nebesk\u00fdm duchovn\u00fdm&nbsp;<\/em><strong><em>po\u017eehnan\u00edm<\/em><\/strong><em>.<\/em><\/p>\n\n\n\n<p id=\"wnd_TextBlock_777307229_inner_1\" style=\"font-size:17px\">Sklopil som zrak a \u010d\u00edtal som \u010falej. Tv\u00e1r sa mi upokojila, rovnako ako srdce. Dvihol som zrak znova a dokon\u010dil som, \u010do Pavol nap\u00edsal:&nbsp;<em>V \u0148om m\u00e1me&nbsp;<\/em><strong><em>vyk\u00fapenie<\/em><\/strong><em>&nbsp;skrze jeho&nbsp;<\/em><strong><em>krv<\/em><\/strong><em>,&nbsp;<\/em><strong><em>odpustenie hriechov<\/em><\/strong><em>, pod\u013ea bohatstva jeho milosti, ktorou n\u00e1s \u0161tedro zahrnul vo v\u0161etkej m\u00fadrosti a rozumnosti.<\/em><\/p>\n\n\n\n<p id=\"wnd_TextBlock_777307229_inner_2\" style=\"font-size:17px\">Samozrejme, \u017ee tie slov\u00e1 potrebujem po\u010du\u0165 znova.<\/p>\n\n\n\n<p id=\"wnd_TextBlock_777307229_inner_3\" style=\"font-size:17px\">Ka\u017ed\u00fd de\u0148. A\u017e do konca mojich dn\u00ed, lebo s hriechom, ktor\u00fd sa na m\u0148a lep\u00ed ka\u017ed\u00fd de\u0148, si s\u00e1m nijako nedok\u00e1\u017eem poradi\u0165.<\/p>\n\n\n\n<p id=\"wnd_TextBlock_777307229_inner_4\" style=\"font-size:17px\">Ak dok\u00e1\u017eem poveda\u0165 o svojom Bohu nie\u010do ist\u00e9, tak pr\u00e1ve to: Je\u017ei\u0161 pri\u0161iel na t\u00fato zem, lebo si neviem da\u0165 rady s hriechom. Nie chorobou. Nie sm\u00fatkom. Nie strachom. Nie man\u017eelstvom a v\u00fdchovou det\u00ed. Ale s hriechom!<\/p>\n\n\n\n<div class=\"wp-block-image\"><figure class=\"aligncenter is-resized\"><img loading=\"lazy\" decoding=\"async\" src=\"https:\/\/www.vladkostefanic.com\/_files\/200000723-91c3191c37\/_DSC5312.jpg\" alt=\"\" width=\"600\" height=\"400\"\/><\/figure><\/div>\n\n\n\n<p style=\"font-size:17px\">Zachytil som v\u010dera v spr\u00e1vach inform\u00e1ciu, \u017ee na\u0161a pani prezidentka kritizuje po\u013esk\u00e9ho biskupa za jeho slov\u00e1 z hom\u00edlie, ktor\u00e9 predniesol na n\u00e1rodnej p\u00fati ku cti sv\u00e4t\u00fdch Cyrila a Metoda, kde jasne pomenoval s\u00fa\u010dasn\u00e9 hriechy: potraty, rozvody, registrovan\u00e9 partnerstv\u00e1.<\/p>\n\n\n\n<p style=\"font-size:17px\">O jeho slov\u00e1ch povedala: &#8222;Neviem ich pochopi\u0165 v kontexte kres\u0165anskej vierouky, ako ju vn\u00edmam ja&#8230;&#8220;<\/p>\n\n\n\n<p style=\"font-size:17px\">Nebudem tu rozobera\u0165 to, \u010di kres\u0165ansk\u00e1 vierouka sa d\u00e1 vn\u00edma\u0165 po svojom, lebo nie o to mi ide. Ide mi o to po\u017eehnanie, o ktorom hovor\u00ed Pavol. O vyk\u00fapenie a odpustenie hriechov, ktor\u00e9 si neviem zadov\u00e1\u017ei\u0165 s\u00e1m. O ni\u010d in\u00e9.<\/p>\n\n\n\n<p style=\"font-size:17px\">Prizn\u00e1vam, \u017ee u\u017e som unaven\u00fd z toho neust\u00e1leho obvi\u0148ovania, \u017ee Cirkev je proti homosexu\u00e1lom a pod.&nbsp;<\/p>\n\n\n\n<p style=\"font-size:17px\">Ak\u00fd odporn\u00fd hoax. \u00c1no, hoax, lebo Cirkev nie je proti homosexu\u00e1lom, ba nie je proti \u017eiadnemu \u010dloveku, ale v\u017edy &#8211; mali by sme na to pam\u00e4ta\u0165, ke\u010f sa chyst\u00e1me s\u00fadi\u0165 in\u00e9ho &#8211; proti jeho hrie\u0161nemu spr\u00e1vaniu! Neodsudzuje \u010dloveka, ale hriech (v sebe i svete okolo, bez oh\u013eadu na to, \u010di ide o homosexu\u00e1lov alebo heterosexu\u00e1lov), lebo pr\u00e1ve ten odsudzoval Boh, ktor\u00fd sa stal podobn\u00fd n\u00e1m.<\/p>\n\n\n\n<p style=\"font-size:17px\">V\u017edy ide o hriech. O slovo a jeho v\u00fdznam, ktor\u00e9 pomaly a isto vymaz\u00e1vame zo s\u00fakromn\u00fdch i verejn\u00fdch slovn\u00edkov. Je\u017ei\u0161 priklincovan\u00fd na kr\u00ed\u017ei, Boh ut\u00fdran\u00fd \u010dlovekom, ukazuje na n\u00e1\u0161 hriech, ktor\u00fd vzal na seba, aby sme viac pre\u0148 my nemuseli zn\u00e1\u0161a\u0165 trest a ods\u00fadenie.<\/p>\n\n\n\n<p style=\"font-size:17px\">Vari to nie je zjavn\u00e9?<\/p>\n\n\n\n<p style=\"font-size:17px\">Ko\u013eko kr\u00ed\u017eov sme u\u017e videli vo svojom \u017eivote? A toho mu\u017ea na \u0148om? Pre\u010do tam je? Lebo sa mu chcelo? Aby n\u00e1m nasleduj\u00face tis\u00edcro\u010dia visel nad dverami, v sp\u00e1lni alebo ob\u00fdva\u010dke ako ozdoba?<\/p>\n\n\n\n<p style=\"font-size:17px\">Vis\u00ed tam, aby mi pripom\u00ednal, \u017ee bol zabit\u00fd pre m\u00f4j hriech.&nbsp;<\/p>\n\n\n\n<p style=\"font-size:17px\">Niet inej cesty do neba, k po\u017eehnaniu a ku ka\u017edej milosti, len tej, na ktorej prizn\u00e1m s pokorou, \u017ee hriech je zlo. A \u017ee ho odovzd\u00e1vam svojmu Spasite\u013eovi. Dnes. Zajtra. A ka\u017ed\u00fd de\u0148, a\u017e do poslednej hodiny m\u00f4jho \u017eivota!<\/p>\n\n\n\n<p style=\"font-size:17px\">Lebo Je\u017ei\u0161 trpel a umrel pre m\u00f4j hriech, pre ni\u010d in\u00e9! \u00a0 \u00a0<\/p>\n\n\n\n<p style=\"font-size:17px\"><em>Autor:&nbsp;<\/em><a rel=\"noreferrer noopener\" href=\"https:\/\/www.vladkostefanic.com\/\" target=\"_blank\"><em>Vladim\u00edr \u0160tefani\u010d<\/em><\/a><\/p>\n","protected":false},"excerpt":{"rendered":"<p>Pozrel som sa na kr\u00ed\u017e a nahlas som zopakoval, \u010do som pr\u00e1ve pre\u010d\u00edtal od sv\u00e4t\u00e9ho Pavla:&nbsp;Boh n\u00e1s po\u017eehnal v Kristovi&nbsp;v\u0161etk\u00fdm&nbsp;nebesk\u00fdm duchovn\u00fdm&nbsp;po\u017eehnan\u00edm. Sklopil som zrak a \u010d\u00edtal som \u010falej. Tv\u00e1r sa mi upokojila, rovnako ako srdce. Dvihol som zrak znova a dokon\u010dil som, \u010do Pavol nap\u00edsal:&nbsp;V \u0148om m\u00e1me&nbsp;vyk\u00fapenie&nbsp;skrze jeho&nbsp;krv,&nbsp;odpustenie hriechov, pod\u013ea bohatstva jeho milosti, ktorou n\u00e1s [&hellip;]<\/p>\n","protected":false},"author":1,"featured_media":0,"comment_status":"closed","ping_status":"closed","sticky":false,"template":"","format":"standard","meta":{"ngg_post_thumbnail":0,"footnotes":""},"categories":[22],"tags":[],"class_list":["post-16660","post","type-post","status-publish","format-standard","hentry","category-zamyslenia"],"views":249,"_links":{"self":[{"href":"https:\/\/www.farnost-strazske.sk\/index.php?rest_route=\/wp\/v2\/posts\/16660","targetHints":{"allow":["GET"]}}],"collection":[{"href":"https:\/\/www.farnost-strazske.sk\/index.php?rest_route=\/wp\/v2\/posts"}],"about":[{"href":"https:\/\/www.farnost-strazske.sk\/index.php?rest_route=\/wp\/v2\/types\/post"}],"author":[{"embeddable":true,"href":"https:\/\/www.farnost-strazske.sk\/index.php?rest_route=\/wp\/v2\/users\/1"}],"replies":[{"embeddable":true,"href":"https:\/\/www.farnost-strazske.sk\/index.php?rest_route=%2Fwp%2Fv2%2Fcomments&post=16660"}],"version-history":[{"count":2,"href":"https:\/\/www.farnost-strazske.sk\/index.php?rest_route=\/wp\/v2\/posts\/16660\/revisions"}],"predecessor-version":[{"id":16662,"href":"https:\/\/www.farnost-strazske.sk\/index.php?rest_route=\/wp\/v2\/posts\/16660\/revisions\/16662"}],"wp:attachment":[{"href":"https:\/\/www.farnost-strazske.sk\/index.php?rest_route=%2Fwp%2Fv2%2Fmedia&parent=16660"}],"wp:term":[{"taxonomy":"category","embeddable":true,"href":"https:\/\/www.farnost-strazske.sk\/index.php?rest_route=%2Fwp%2Fv2%2Fcategories&post=16660"},{"taxonomy":"post_tag","embeddable":true,"href":"https:\/\/www.farnost-strazske.sk\/index.php?rest_route=%2Fwp%2Fv2%2Ftags&post=16660"}],"curies":[{"name":"wp","href":"https:\/\/api.w.org\/{rel}","templated":true}]}}