{"id":42491,"date":"2022-04-15T14:09:32","date_gmt":"2022-04-15T12:09:32","guid":{"rendered":"https:\/\/www.farnost-strazske.sk\/?p=42491"},"modified":"2022-04-15T14:09:33","modified_gmt":"2022-04-15T12:09:33","slug":"krizova-cesta","status":"publish","type":"post","link":"https:\/\/www.farnost-strazske.sk\/?p=42491","title":{"rendered":"Kr\u00ed\u017eov\u00e1 cesta"},"content":{"rendered":"\n<p id=\"wnd_TextBlock_419506457_inner_0\" style=\"font-size:17px\">Mo\u017eno to bol iba sen, mo\u017eno minulos\u0165, mo\u017eno bud\u00facnos\u0165. Z\u00e1le\u017e\u00ed na tom?<\/p>\n\n\n\n<p id=\"wnd_TextBlock_419506457_inner_1\" style=\"font-size:17px\">Stoj\u00edm uprostred ve\u013ek\u00e9ho kostola. Nad olt\u00e1rom vis\u00ed odhalen\u00fd kr\u00ed\u017e. Rany na ruk\u00e1ch, noh\u00e1ch a srdci krv\u00e1caj\u00fa. Z ukri\u017eovan\u00e9ho te\u010die po kvapk\u00e1ch krv, \u010derstv\u00e1 hust\u00e1 a \u017eiarivo \u010derven\u00e1 krv. Pad\u00e1 na olt\u00e1r ako d\u00e1\u017e\u010f a jej v\u00f4\u0148a napln\u00ed chr\u00e1m. Ako ru\u017ee pod olt\u00e1rom, ako tymi\u00e1n v ruk\u00e1ch k\u0148aza, ktor\u00fd ten kr\u00ed\u017e odhalil.<\/p>\n\n\n\n<p id=\"wnd_TextBlock_419506457_inner_2\" style=\"font-size:17px\">D\u00edvam sa na kr\u00ed\u017e, ale \u010dosi vo vn\u00fatri ma prin\u00fati pozrie\u0165 sa inam. Na zastavenia kr\u00ed\u017eovej cesty, ktor\u00e9 ako obrovsk\u00e9 ruky vytv\u00e1raj\u00fa okolo cel\u00e9ho kostola n\u00e1ru\u010d. A ja som uprostred nej. Uzavret\u00fd, nie, obj\u00edman\u00fd n\u00e1ru\u010dou kr\u00ed\u017eovej cesty.<\/p>\n\n\n\n<p id=\"wnd_TextBlock_419506457_inner_3\" style=\"font-size:17px\">Zrak mi padne na ods\u00fadenie Pil\u00e1tom a hne\u010f ma zasyp\u00fa spomienky na ka\u017ed\u00e9 ods\u00fadenie, ktor\u00e9 som po\u010das svojho \u017eivota zak\u00fasil. Ohov\u00e1rania a oso\u010dovania. Posme\u0161ky a ir\u00f3nie. V\u0161etko to, \u010do je \u010dlovek schopn\u00fd urobi\u0165 in\u00e9mu \u010dloveku.<\/p>\n\n\n\n<p id=\"wnd_TextBlock_419506457_inner_4\" style=\"font-size:17px\">\u010eal\u0161ie zastavenie a \u010fal\u0161\u00ed k\u00fasok m\u00f4jho \u017eivota. Je\u017ei\u0161 berie kr\u00ed\u017e. Ja beriem kr\u00ed\u017e. Vn\u00fatorn\u00fd i ten vonkaj\u0161\u00ed. Nesieme ho spolu.<\/p>\n\n\n\n<p id=\"wnd_TextBlock_419506457_inner_5\" style=\"font-size:17px\">Prv\u00fd p\u00e1d. Prelet\u00edm poh\u013eadom cez n\u00e1ru\u010d a vid\u00edm druh\u00fd p\u00e1d a tret\u00ed. Privriem vie\u010dka a vid\u00edm \u010fal\u0161ie, moje p\u00e1dy, \u0161iesty, dvadsiaty, tis\u00edci. \u017divot pln\u00fd p\u00e1dov. A vst\u00e1van\u00ed. Je\u017ei\u0161 je mi pr\u00edkladom. Nie v padan\u00ed, ale v trpezlivosti vst\u00e1va\u0165 a pokra\u010dova\u0165 na ceste s kr\u00ed\u017eom.<\/p>\n\n\n\n<p id=\"wnd_TextBlock_419506457_inner_6\" style=\"font-size:17px\">Vid\u00edm vojakov, ako z neho zvliekaj\u00fa \u0161aty. Odha\u013euj\u00fa, \u010do malo osta\u0165 skryt\u00e9. A znova tie posme\u0161ky. Zneu\u017e\u00edvaj\u00fa jeho bezmocnos\u0165. Zneu\u017e\u00edvaj\u00fa.<\/p>\n\n\n\n<p id=\"wnd_TextBlock_419506457_inner_7\" style=\"font-size:17px\">V tej chv\u00edli u\u017e pla\u010dem. Bezmocn\u00fd. Pon\u00ed\u017een\u00fd. Zbit\u00fd.<\/p>\n\n\n\n<div class=\"wp-block-image\"><figure class=\"aligncenter is-resized\"><img loading=\"lazy\" decoding=\"async\" src=\"https:\/\/d6scj24zvfbbo.cloudfront.net\/56958a3ff2fd5fdcdbd797b978b04dd5\/200000594-4086440866\/_VS90589.jpeg?ph=96e19d8f6d\" alt=\"\" width=\"500\" height=\"334\"\/><\/figure><\/div>\n\n\n\n<p id=\"wnd_TextBlock_419506457_inner_8\" style=\"font-size:17px\">Pozriem na \u010fal\u0161ie zastavenie. Stretnutie matky a Syna. \u0160atka v ruk\u00e1ch Veroniky. A \u0160imon, ni\u010d netu\u0161iaci mu\u017e, ktor\u00fd chv\u00ed\u013eu nesie kr\u00ed\u017e Spasite\u013ea. A srdce mi napln\u00ed v\u010fa\u010dnos\u0165. Za ka\u017ed\u00e9ho \u0160imona, za rodi\u010dov a ka\u017ed\u00fa Veroniku. Ruky, ktor\u00e9 ma dr\u017eali, ktor\u00e9 ma niesli, ktor\u00e9 nec\u00favli pred mojou \u0161pinou a pon\u00ed\u017een\u00edm. \u010eakujem.<\/p>\n\n\n\n<p id=\"wnd_TextBlock_419506457_inner_9\" style=\"font-size:17px\">Prib\u00edjaj\u00fa ho. A zavesia do vzduchu ako obraz v gal\u00e9ri\u00ed, len aby sme ho obdivovali.<\/p>\n\n\n\n<p id=\"wnd_TextBlock_419506457_inner_10\" style=\"font-size:17px\">Je\u017ei\u0161 na kr\u00ed\u017ei. Socha, ktor\u00fa neza\u0161pin\u00ed \u010das. Mona Lisa neba.<\/p>\n\n\n\n<p id=\"wnd_TextBlock_419506457_inner_11\" style=\"font-size:17px\">Poh\u013eadom sa vr\u00e1tim na olt\u00e1r. Mu\u017e nad n\u00edm st\u00e1le krv\u00e1ca. Krvav\u00e9 slzy neba padaj\u00fa na bielu plachtu.<\/p>\n\n\n\n<p id=\"wnd_TextBlock_419506457_inner_12\" style=\"font-size:17px\">Nie, toto nie je koniec. T\u00e1 krv nie je koniec. Ani ten kr\u00ed\u017e. Ani ten m\u0155tvy Boh, ktor\u00fd nakl\u00e1\u0148a hlavu a vyd\u00fdchne, posledn\u00fdkr\u00e1t vyd\u00fdchne ako \u010dlovek.<\/p>\n\n\n\n<p id=\"wnd_TextBlock_419506457_inner_13\" style=\"font-size:17px\">Len\u017ee Boh ost\u00e1va. Neumiera. Ost\u00e1va.<\/p>\n\n\n\n<p id=\"wnd_TextBlock_419506457_inner_14\" style=\"font-size:17px\">Znova sa zad\u00edvam na zastavenia kr\u00ed\u017eovej cesty. Vid\u00edm sa v ka\u017edom obraze, pri ka\u017edej stanici, pri ka\u017edom zastaven\u00ed. Jeho kr\u00ed\u017eov\u00e1 cesta. Na\u0161a kr\u00ed\u017eov\u00e1 cesta. Kr\u00ed\u017eov\u00e1 cesta ka\u017ed\u00e9ho \u010dloveka.<\/p>\n\n\n\n<p id=\"wnd_TextBlock_419506457_inner_15\" style=\"font-size:17px\">Neboj\u00edm sa viac. Boh ju pre\u0161iel a zv\u00ed\u0165azil.<\/p>\n\n\n\n<p id=\"wnd_TextBlock_419506457_inner_16\" style=\"font-size:17px\">Neboj\u00edm sa. Sklon\u00edm hlavu, pozriem na pra\u0161n\u00fa cestu pred sebou a pomaly, trpezlivo a vytrvalo, kr\u00e1\u010dam v \u0161\u013eapaj\u00e1ch, ktor\u00e9 u\u017e pre m\u0148a vychodil Boh. \u00a0\u00a0<\/p>\n\n\n\n<p style=\"font-size:17px\"><em>Autor:&nbsp;<\/em><a rel=\"noreferrer noopener\" href=\"https:\/\/www.vladkostefanic.com\/\" target=\"_blank\"><em>Vladim\u00edr \u0160tefani\u010d<\/em><\/a><\/p>\n","protected":false},"excerpt":{"rendered":"<p>Mo\u017eno to bol iba sen, mo\u017eno minulos\u0165, mo\u017eno bud\u00facnos\u0165. Z\u00e1le\u017e\u00ed na tom? Stoj\u00edm uprostred ve\u013ek\u00e9ho kostola. Nad olt\u00e1rom vis\u00ed odhalen\u00fd kr\u00ed\u017e. Rany na ruk\u00e1ch, noh\u00e1ch a srdci krv\u00e1caj\u00fa. Z ukri\u017eovan\u00e9ho te\u010die po kvapk\u00e1ch krv, \u010derstv\u00e1 hust\u00e1 a \u017eiarivo \u010derven\u00e1 krv. Pad\u00e1 na olt\u00e1r ako d\u00e1\u017e\u010f a jej v\u00f4\u0148a napln\u00ed chr\u00e1m. Ako ru\u017ee pod olt\u00e1rom, ako [&hellip;]<\/p>\n","protected":false},"author":1,"featured_media":0,"comment_status":"closed","ping_status":"closed","sticky":false,"template":"","format":"standard","meta":{"ngg_post_thumbnail":0,"footnotes":""},"categories":[22],"tags":[],"class_list":["post-42491","post","type-post","status-publish","format-standard","hentry","category-zamyslenia"],"views":223,"_links":{"self":[{"href":"https:\/\/www.farnost-strazske.sk\/index.php?rest_route=\/wp\/v2\/posts\/42491","targetHints":{"allow":["GET"]}}],"collection":[{"href":"https:\/\/www.farnost-strazske.sk\/index.php?rest_route=\/wp\/v2\/posts"}],"about":[{"href":"https:\/\/www.farnost-strazske.sk\/index.php?rest_route=\/wp\/v2\/types\/post"}],"author":[{"embeddable":true,"href":"https:\/\/www.farnost-strazske.sk\/index.php?rest_route=\/wp\/v2\/users\/1"}],"replies":[{"embeddable":true,"href":"https:\/\/www.farnost-strazske.sk\/index.php?rest_route=%2Fwp%2Fv2%2Fcomments&post=42491"}],"version-history":[{"count":1,"href":"https:\/\/www.farnost-strazske.sk\/index.php?rest_route=\/wp\/v2\/posts\/42491\/revisions"}],"predecessor-version":[{"id":42492,"href":"https:\/\/www.farnost-strazske.sk\/index.php?rest_route=\/wp\/v2\/posts\/42491\/revisions\/42492"}],"wp:attachment":[{"href":"https:\/\/www.farnost-strazske.sk\/index.php?rest_route=%2Fwp%2Fv2%2Fmedia&parent=42491"}],"wp:term":[{"taxonomy":"category","embeddable":true,"href":"https:\/\/www.farnost-strazske.sk\/index.php?rest_route=%2Fwp%2Fv2%2Fcategories&post=42491"},{"taxonomy":"post_tag","embeddable":true,"href":"https:\/\/www.farnost-strazske.sk\/index.php?rest_route=%2Fwp%2Fv2%2Ftags&post=42491"}],"curies":[{"name":"wp","href":"https:\/\/api.w.org\/{rel}","templated":true}]}}