{"id":42493,"date":"2022-04-16T17:52:54","date_gmt":"2022-04-16T15:52:54","guid":{"rendered":"https:\/\/www.farnost-strazske.sk\/?p=42493"},"modified":"2022-04-16T17:53:24","modified_gmt":"2022-04-16T15:53:24","slug":"ani-svati-vsetko-nevidia","status":"publish","type":"post","link":"https:\/\/www.farnost-strazske.sk\/?p=42493","title":{"rendered":"Ani sv\u00e4t\u00ed v\u0161etko nevidia"},"content":{"rendered":"\n<p id=\"wnd_TextBlock_564890198_inner_0\" style=\"font-size:17px\">Chcie\u0165 rozumie\u0165 v\u0161etk\u00e9mu, \u010do Je\u017ei\u0161 rob\u00ed v na\u0161om \u017eivote a \u017ei\u0165 iba v s\u00falade s Bo\u017eou v\u00f4\u013eou je s\u00edce pekn\u00e1 predstava, v\u017edy to v\u0161ak bude iba zbo\u017en\u00e9 \u017eelanie, ni\u010d viac. Chyby n\u00e1s nemin\u00fa, ani p\u00e1dy, zlyhania \u010di zranenia, ktor\u00e9 sa dotkn\u00fa n\u00e1s i tie, ktor\u00fdmi sa mi dotkneme najbli\u017e\u0161\u00edch. Sme pr\u00edli\u0161 \u013eudsk\u00ed, aby sme boli\u00a0<em>dokonale<\/em>\u00a0prip\u00fatan\u00ed k nebu u\u017e po\u010das n\u00e1\u0161ho pozemsk\u00e9ho \u017eivota. Tak to proste je.<\/p>\n\n\n\n<p id=\"wnd_TextBlock_564890198_inner_1\" style=\"font-size:17px\">P\u00ed\u0161em to s pokorou, nie aby som sa ospravedl\u0148oval a zbavoval zodpovednosti.<\/p>\n\n\n\n<div class=\"wp-block-image\"><figure class=\"aligncenter is-resized\"><img loading=\"lazy\" decoding=\"async\" src=\"https:\/\/d6scj24zvfbbo.cloudfront.net\/56958a3ff2fd5fdcdbd797b978b04dd5\/200000595-97f7997f7c\/_DSC9833.jpeg?ph=96e19d8f6d\" alt=\"\" width=\"500\" height=\"282\"\/><\/figure><\/div>\n\n\n\n<p style=\"font-size:17px\">Ke\u010f M\u00e1ria prich\u00e1dza na tret\u00ed de\u0148 ku hrobu, zbad\u00e1, \u017ee kame\u0148 je odvalen\u00fd a telo Je\u017ei\u0161a je pre\u010d. Z\u013eakne sa a jej prv\u00e1 my\u0161lienka je: ,Ukradli ho. Odniesli. Ale kam?&#8216;<\/p>\n\n\n\n<p style=\"font-size:17px\">Utek\u00e1 k Petrovi a zvestuje mu: &#8222;Odniesli P\u00e1na z hrobu a nevieme, kde ho polo\u017eili.&#8220;<\/p>\n\n\n\n<p style=\"font-size:17px\">Nik v tej chv\u00edli nemysl\u00ed na to, \u017ee im Je\u017ei\u0161 kedysi povedal, \u017ee na tret\u00ed de\u0148 vstane, nie \u017ee zmizne alebo ho ukradn\u00fa, ale \u017ee s\u00e1m, svojou mocou, vstane.<\/p>\n\n\n\n<p style=\"font-size:17px\">Hoci M\u00e1riu i Petra dnes oslavujeme ako sv\u00e4t\u00fdch, ani oni nerozumej\u00fa hne\u010f v\u0161etk\u00e9mu, \u010do Je\u017ei\u0161 rob\u00ed a pre\u010do to rob\u00ed. Dom\u00fd\u0161\u013eaj\u00fa. A m\u00fdlia sa, \u00e1no, m\u00fdlia sa aj v tom, \u010do je Bo\u017eia v\u00f4\u013ea. Nevidia, \u010do Boh rob\u00ed o\u010dami viery, ale o\u010dami strachu \u010di bezmocnosti. A slovo, ktor\u00e9 im Je\u017ei\u0161 kedysi povedal, im ani nepr\u00edde na um. Ost\u00e1vaj\u00fa zaslepen\u00ed, a\u017e k\u00fdm s\u00e1m Je\u017ei\u0161 nepr\u00edde a neuk\u00e1\u017ee im prebodnut\u00e9 ruky a bok.<\/p>\n\n\n\n<p style=\"font-size:17px\">Bo\u017eia v\u00f4\u013ea a porozumenie toho, \u010do Boh rob\u00ed alebo nerob\u00ed, nie je na\u0161e vlastn\u00edctvo, ktor\u00e9 si zasl\u00fa\u017eime t\u00fdm, \u017ee sa v pokore sklonen\u00ed na kolen\u00e1ch d\u00edvame na nebo. Boh sa ned\u00e1 vlastni\u0165. Ani jeho cesty, ani jeho v\u00f4\u013ea, ani jeho zm\u00fd\u0161\u013eanie.<\/p>\n\n\n\n<p style=\"font-size:17px\">\u017di\u0165 svoju ka\u017edodennos\u0165 s Je\u017ei\u0161om a nasledova\u0165 Bo\u017eiu v\u00f4\u013eu aj v ka\u017edodenn\u00fdch mali\u010dkostiach je dobr\u00e1 t\u00fa\u017eba. Bohumil\u00e1, povedal by som. A Boh ju vid\u00ed.<\/p>\n\n\n\n<p style=\"font-size:17px\">Len\u017ee nebo nie je za odmenu, ani milos\u0165 tak\u00e1 nie je.<\/p>\n\n\n\n<p style=\"font-size:17px\">To v\u0161ak neznamen\u00e1, \u017ee prestanem bojova\u0165, sna\u017ei\u0165 sa a h\u013eada\u0165 Bo\u017eie cesty.<\/p>\n\n\n\n<p style=\"font-size:17px\">Nie som dokonal\u00fd, ale m\u00f4j Boh je!<\/p>\n\n\n\n<p style=\"font-size:17px\">Nech ma teda to, \u017ee sa v Bo\u017eej v\u00f4li zvyknem m\u00fdli\u0165, neodr\u00e1dza od toho, aby som ju h\u013eadal zas. Ani to, \u017ee nie v\u017edy rozumiem, \u010do Boh hovor\u00ed, nech ma nezastav\u00ed, aby som sa mu aj dnes sna\u017eil porozumie\u0165. A napokon, ani to, \u017ee znova a znova pad\u00e1m, hoci som s\u00e1m sebe s\u013e\u00fabil, \u017ee u\u017e nepadnem, nech mi nie je prek\u00e1\u017ekou k tomu, aby som t\u00fa\u017eil op\u00e4\u0165 vsta\u0165.<\/p>\n\n\n\n<p style=\"font-size:17px\">Nech sa nevzd\u00e1vam. Len to\u013eko chcem. Vieru, \u017ee m\u00f4j Boh ma aj napriek mojej nedokonalosti a nepochopeniu st\u00e1le dr\u017e\u00ed na ruk\u00e1ch. A t\u00fa\u017eim tak ako v\u010dera a dnes, a\u017e do posledn\u00fdch dn\u00ed svojho \u017eivota, h\u013eada\u0165 ten neopakovate\u013en\u00fd dotyk \u017eiv\u00e9ho, miluj\u00faceho a odp\u00fa\u0161\u0165aj\u00faceho Boha.\u00a0<\/p>\n\n\n\n<p style=\"font-size:17px\"><em>Autor:&nbsp;<\/em><a rel=\"noreferrer noopener\" href=\"https:\/\/www.vladkostefanic.com\/\" target=\"_blank\"><em>Vladim\u00edr \u0160tefani\u010d<\/em><\/a><\/p>\n","protected":false},"excerpt":{"rendered":"<p>Chcie\u0165 rozumie\u0165 v\u0161etk\u00e9mu, \u010do Je\u017ei\u0161 rob\u00ed v na\u0161om \u017eivote a \u017ei\u0165 iba v s\u00falade s Bo\u017eou v\u00f4\u013eou je s\u00edce pekn\u00e1 predstava, v\u017edy to v\u0161ak bude iba zbo\u017en\u00e9 \u017eelanie, ni\u010d viac. Chyby n\u00e1s nemin\u00fa, ani p\u00e1dy, zlyhania \u010di zranenia, ktor\u00e9 sa dotkn\u00fa n\u00e1s i tie, ktor\u00fdmi sa mi dotkneme najbli\u017e\u0161\u00edch. Sme pr\u00edli\u0161 \u013eudsk\u00ed, aby sme boli\u00a0dokonale\u00a0prip\u00fatan\u00ed [&hellip;]<\/p>\n","protected":false},"author":1,"featured_media":0,"comment_status":"closed","ping_status":"closed","sticky":false,"template":"","format":"standard","meta":{"ngg_post_thumbnail":0,"footnotes":""},"categories":[22],"tags":[],"class_list":["post-42493","post","type-post","status-publish","format-standard","hentry","category-zamyslenia"],"views":190,"_links":{"self":[{"href":"https:\/\/www.farnost-strazske.sk\/index.php?rest_route=\/wp\/v2\/posts\/42493","targetHints":{"allow":["GET"]}}],"collection":[{"href":"https:\/\/www.farnost-strazske.sk\/index.php?rest_route=\/wp\/v2\/posts"}],"about":[{"href":"https:\/\/www.farnost-strazske.sk\/index.php?rest_route=\/wp\/v2\/types\/post"}],"author":[{"embeddable":true,"href":"https:\/\/www.farnost-strazske.sk\/index.php?rest_route=\/wp\/v2\/users\/1"}],"replies":[{"embeddable":true,"href":"https:\/\/www.farnost-strazske.sk\/index.php?rest_route=%2Fwp%2Fv2%2Fcomments&post=42493"}],"version-history":[{"count":2,"href":"https:\/\/www.farnost-strazske.sk\/index.php?rest_route=\/wp\/v2\/posts\/42493\/revisions"}],"predecessor-version":[{"id":42495,"href":"https:\/\/www.farnost-strazske.sk\/index.php?rest_route=\/wp\/v2\/posts\/42493\/revisions\/42495"}],"wp:attachment":[{"href":"https:\/\/www.farnost-strazske.sk\/index.php?rest_route=%2Fwp%2Fv2%2Fmedia&parent=42493"}],"wp:term":[{"taxonomy":"category","embeddable":true,"href":"https:\/\/www.farnost-strazske.sk\/index.php?rest_route=%2Fwp%2Fv2%2Fcategories&post=42493"},{"taxonomy":"post_tag","embeddable":true,"href":"https:\/\/www.farnost-strazske.sk\/index.php?rest_route=%2Fwp%2Fv2%2Ftags&post=42493"}],"curies":[{"name":"wp","href":"https:\/\/api.w.org\/{rel}","templated":true}]}}