{"id":42496,"date":"2022-04-17T14:26:05","date_gmt":"2022-04-17T12:26:05","guid":{"rendered":"https:\/\/www.farnost-strazske.sk\/?p=42496"},"modified":"2022-04-17T14:26:06","modified_gmt":"2022-04-17T12:26:06","slug":"liturgicky-prehlad-a-oznamy-18-04-24-4-2022","status":"publish","type":"post","link":"https:\/\/www.farnost-strazske.sk\/?p=42496","title":{"rendered":"Liturgick\u00fd preh\u013ead a\u00a0oznamy 18.04.\u2013 24.4. 2022"},"content":{"rendered":"<table width=\"97%\">\n<tbody>\n<tr>\n<td width=\"28%\">\n<p style=\"text-align: center;\"><strong>Ve\u013ekono\u010dn\u00fd pondelok <\/strong><\/p>\n<p style=\"text-align: center;\"><strong>\/18.04.\/<\/strong><\/p>\n<\/td>\n<td width=\"33%\"><strong>08.00 Krivo\u0161\u0165any<\/strong><\/p>\n<p><strong>09.30 Str\u00e1\u017eske<br \/>\n<\/strong>+ Margita Oresk\u00e1<\/td>\n<td width=\"33%\"><strong>08.00 Brekov<br \/>\n<\/strong>ZBP pre Jaroslava Zolotu<\/p>\n<p><strong>09.30 Pust\u00e9 \u010cemern\u00e9<\/strong><\/td>\n<\/tr>\n<tr>\n<td width=\"28%\">\n<p style=\"text-align: center;\"><strong>Ve\u013ekono\u010dn\u00fd utorok <\/strong><\/p>\n<p style=\"text-align: center;\"><strong>\/19.04.\/<\/strong><\/p>\n<\/td>\n<td width=\"33%\"><strong>18.00 Str\u00e1\u017eske<br \/>\n<\/strong>+ Juraj Sabado\u0161<\/td>\n<td width=\"33%\"><strong>17.00 Brekov<br \/>\n<\/strong>+ Ru\u017eena No\u017ekov\u00e1<\/td>\n<\/tr>\n<tr>\n<td width=\"28%\">\n<p style=\"text-align: center;\"><strong>Ve\u013ekono\u010dn\u00e1 streda <\/strong><\/p>\n<p style=\"text-align: center;\"><strong>\/20.04.\/<\/strong><\/p>\n<\/td>\n<td width=\"33%\"><strong>18.00 Str\u00e1\u017eske \u2013 detsk\u00e1<br \/>\n<\/strong>+ Vladim\u00edr Haj\u00ed\u010dek<\/td>\n<td width=\"33%\"><strong>17.00 Brekov \u2013 detsk\u00e1<br \/>\n<\/strong>+ Du\u0161an Ma\u010farik<\/td>\n<\/tr>\n<tr>\n<td width=\"28%\">\n<p style=\"text-align: center;\"><strong>Ve\u013ekono\u010dn\u00fd \u0161tvrtok <\/strong><\/p>\n<p style=\"text-align: center;\"><strong>\/21.04.\/<\/strong><\/p>\n<\/td>\n<td width=\"33%\"><strong>18.00 Str\u00e1\u017eske<br \/>\n<\/strong>+ Jozef a&nbsp;M\u00e1ria Hud\u00e1k<\/td>\n<td width=\"33%\"><strong>17.00 Brekov<br \/>\n<\/strong>+ Martin Mi\u013eo<\/td>\n<\/tr>\n<tr>\n<td width=\"28%\">\n<p style=\"text-align: center;\"><strong>Ve\u013ekono\u010dn\u00fd piatok <\/strong><\/p>\n<p style=\"text-align: center;\"><strong>\/22.04.\/<\/strong><\/p>\n<\/td>\n<td width=\"33%\"><strong>18.00 Str\u00e1\u017eske<br \/>\n<\/strong>+ Juraj Kus\u00fd<\/td>\n<td width=\"33%\"><strong>17.00 Brekov<br \/>\n<\/strong>+ \u013dudmila Babjakov\u00e1<\/td>\n<\/tr>\n<tr>\n<td width=\"28%\">\n<p style=\"text-align: center;\"><strong>Ve\u013ekono\u010dn\u00e1 sobota <\/strong><\/p>\n<p style=\"text-align: center;\"><strong>\/23.04.\/<\/strong><\/p>\n<\/td>\n<td width=\"33%\"><strong>15.00 Str\u00e1\u017eske \u2013 sob\u00e1\u0161ny obrad<\/strong><\/p>\n<p><strong>18.00 Str\u00e1\u017eske \u2013 s&nbsp;plat. Nedele<br \/>\n<\/strong>+ Pavol Obla\u017en\u00fd<\/td>\n<td width=\"33%\"><strong>17.00 Brekov \u2013 s&nbsp;plat. Nedele<br \/>\n<\/strong>+ Andrej a&nbsp;Anna Miha\u013eko &nbsp;<\/td>\n<\/tr>\n<tr>\n<td width=\"28%\">\n<p style=\"text-align: center;\"><strong>2. ve\u013ekono\u010dn\u00e1 nede\u013ea <\/strong><\/p>\n<p style=\"text-align: center;\"><strong>Bo\u017eieho milosrdenstva <\/strong><\/p>\n<p style=\"text-align: center;\"><strong>\/24.04.\/<\/strong><\/p>\n<\/td>\n<td width=\"33%\"><strong>08.00 Krivo\u0161\u0165any<\/strong><\/p>\n<p><strong>09.30 Str\u00e1\u017eske<br \/>\n<\/strong>ZBP pre Annu Hud\u00e1kov\u00fa&nbsp; &nbsp;&nbsp;&nbsp;&nbsp;<\/td>\n<td width=\"33%\"><strong>08.00 Pust\u00e9 \u010cemern\u00e9<\/strong><\/p>\n<p><strong>09.30 Brekov<br \/>\n<\/strong>ZBP pre Bohuzn\u00e1mu rodinu<\/td>\n<\/tr>\n<\/tbody>\n<\/table>\n<ul>\n<li><strong><a href=\"_wp_link_placeholder\" data-wplink-edit=\"true\">KN<\/a> \u010d. 15\/16<\/strong> \u2013 Vo ve\u013ekono\u010dn\u00e9 r\u00e1no je hrob pr\u00e1zdny. \u2013 Kristus sl\u00e1vne vstal z m\u0155tvych. \u2013 P\u00e1pe\u017e Franti\u0161ek upozornil na nevinn\u00e9 obete. \u2013 Zasadal v\u00fdbor SSV. \u2013 Zvon je viac ne\u017e len kus kovu. \u2013 Synoda je pre Cirkev novou Ve\u013ekou nocou. \u2013 Ve\u013ek\u00e1 noc za totality ako predzves\u0165 slobody. \u2013 P\u00e1n Boh je nadov\u0161etko. \u2013 Pokoj pramen\u00ed v&nbsp;Bo\u017eom milosrdenstve. \u2013 Chov oviec ako zmyslupln\u00e1 terapia. \u2013 Ve\u013ekono\u010dn\u00fd \u010dlovek, emeritn\u00fd p\u00e1pe\u017e Joseph Ratzinger. \u2013 Boh d\u00e1va druh\u00fa \u0161ancu aj v\u00e4z\u0148om. \u2013 N\u00e1rod, vlas\u0165, sloboda, osveta. \u2013 Ka\u017ed\u00e9 ve\u013ek\u00e9 umenie vzi\u0161lo z viery. \u2013 Na svet sa pozer\u00e1 optikou pokory. \u2013 \u00dalovok zo \u017eivotnej m\u00fadrosti kardin\u00e1la J\u00e1na Chryzostoma Korca. \u2013 Sme vyslan\u00ed do cel\u00e9ho sveta ku v\u0161etk\u00fdm bez rozdielu. \u2013 Sl\u00e1venie liturgie je \u010dasom pre\u017e\u00edvania radosti. \u2013 \u017dena v&nbsp;Bo\u017eej slu\u017ebe. \u2013 Slovensk\u00e9 remeslo vyniesol do oblakov. \u2013 Ke\u010f z&nbsp;ver\u0161ov st\u00fapa \u00c1belov dym. \u2013 Na ve\u013ekono\u010dn\u00fa nede\u013eu po\u017eehnan\u00e9 pokrmy. \u2013 Ve\u013ek\u00e1 noc m\u00e1 mnoho v\u00f4n\u00ed a&nbsp;z\u00e1rove\u0148 chut\u00ed.<\/li>\n<li><strong><u>Ml\u00e1de\u017en\u00edcke sv\u00e4t\u00e9 om\u0161e op\u00e4\u0165 pres\u00favame z&nbsp;piatka ve\u010dera na sobotu ve\u010der s&nbsp;platnos\u0165ou na nede\u013eu<\/u><\/strong>!!!<\/li>\n<li><strong><u>Po\u010das cel\u00e9ho ve\u013ekono\u010dn\u00e9ho obdobia sa namiesto modlitby<\/u><\/strong> \u201eAnjel P\u00e1na\u201c, modl\u00edme \u201eRaduj sa, nebies Kr\u00e1\u013eovn\u00e1.\u201c <u>Z\u00e1rove\u0148 v\u00e1m v\u0161etk\u00fdm prajeme milostipln\u00e9 a&nbsp;po\u017eehnan\u00e9 ve\u013ekono\u010dn\u00e9 sviatky Zm\u0155tvychvstal\u00e9ho.<\/u><\/li>\n<\/ul>\n","protected":false},"excerpt":{"rendered":"<p>Ve\u013ekono\u010dn\u00fd pondelok \/18.04.\/ 08.00 Krivo\u0161\u0165any 09.30 Str\u00e1\u017eske + Margita Oresk\u00e1 08.00 Brekov ZBP pre Jaroslava Zolotu 09.30 Pust\u00e9 \u010cemern\u00e9 Ve\u013ekono\u010dn\u00fd utorok \/19.04.\/ 18.00 Str\u00e1\u017eske + Juraj Sabado\u0161 17.00 Brekov + Ru\u017eena No\u017ekov\u00e1 Ve\u013ekono\u010dn\u00e1 streda \/20.04.\/ 18.00 Str\u00e1\u017eske \u2013 detsk\u00e1 + Vladim\u00edr Haj\u00ed\u010dek 17.00 Brekov \u2013 detsk\u00e1 + Du\u0161an Ma\u010farik Ve\u013ekono\u010dn\u00fd \u0161tvrtok \/21.04.\/ 18.00 Str\u00e1\u017eske + [&hellip;]<\/p>\n","protected":false},"author":1,"featured_media":0,"comment_status":"closed","ping_status":"closed","sticky":false,"template":"","format":"standard","meta":{"ngg_post_thumbnail":0,"footnotes":""},"categories":[4],"tags":[],"class_list":["post-42496","post","type-post","status-publish","format-standard","hentry","category-farske-oznamy"],"views":1176,"_links":{"self":[{"href":"https:\/\/www.farnost-strazske.sk\/index.php?rest_route=\/wp\/v2\/posts\/42496","targetHints":{"allow":["GET"]}}],"collection":[{"href":"https:\/\/www.farnost-strazske.sk\/index.php?rest_route=\/wp\/v2\/posts"}],"about":[{"href":"https:\/\/www.farnost-strazske.sk\/index.php?rest_route=\/wp\/v2\/types\/post"}],"author":[{"embeddable":true,"href":"https:\/\/www.farnost-strazske.sk\/index.php?rest_route=\/wp\/v2\/users\/1"}],"replies":[{"embeddable":true,"href":"https:\/\/www.farnost-strazske.sk\/index.php?rest_route=%2Fwp%2Fv2%2Fcomments&post=42496"}],"version-history":[{"count":1,"href":"https:\/\/www.farnost-strazske.sk\/index.php?rest_route=\/wp\/v2\/posts\/42496\/revisions"}],"predecessor-version":[{"id":42497,"href":"https:\/\/www.farnost-strazske.sk\/index.php?rest_route=\/wp\/v2\/posts\/42496\/revisions\/42497"}],"wp:attachment":[{"href":"https:\/\/www.farnost-strazske.sk\/index.php?rest_route=%2Fwp%2Fv2%2Fmedia&parent=42496"}],"wp:term":[{"taxonomy":"category","embeddable":true,"href":"https:\/\/www.farnost-strazske.sk\/index.php?rest_route=%2Fwp%2Fv2%2Fcategories&post=42496"},{"taxonomy":"post_tag","embeddable":true,"href":"https:\/\/www.farnost-strazske.sk\/index.php?rest_route=%2Fwp%2Fv2%2Ftags&post=42496"}],"curies":[{"name":"wp","href":"https:\/\/api.w.org\/{rel}","templated":true}]}}