{"id":42503,"date":"2022-04-24T13:40:01","date_gmt":"2022-04-24T11:40:01","guid":{"rendered":"https:\/\/www.farnost-strazske.sk\/?p=42503"},"modified":"2022-04-24T13:40:02","modified_gmt":"2022-04-24T11:40:02","slug":"liturgicky-prehlad-a-oznamy-25-4-1-5-2022","status":"publish","type":"post","link":"https:\/\/www.farnost-strazske.sk\/?p=42503","title":{"rendered":"Liturgick\u00fd preh\u013ead a\u00a0oznamy 25.4. \u2013 1.5. 2022"},"content":{"rendered":"<table width=\"97%\">\n<tbody>\n<tr>\n<td width=\"28%\">\n<p style=\"text-align: center;\"><strong>Pondelok \/25.04.\/<\/strong><\/p>\n<p style=\"text-align: center;\">sv. Marka, evanjelistu<em><br \/>\nsviatok<\/em><\/p>\n<\/td>\n<td width=\"33%\"><strong>18.00 Str\u00e1\u017eske<br \/>\n<\/strong>+ z&nbsp;rod. Dolhomut, Vojs, \u017din\u010d\u00e1k<\/td>\n<td width=\"33%\"><strong>17.00 Brekov \u2013 detsk\u00e1<br \/>\n<\/strong>+ Pavol Starigazda<\/td>\n<\/tr>\n<tr>\n<td width=\"28%\">\n<p style=\"text-align: center;\"><strong>Utorok \/26.04.\/<\/strong><\/p>\n<p style=\"text-align: center;\"><em>f\u00e9ria<\/em><\/p>\n<\/td>\n<td width=\"33%\"><strong>18.00 Str\u00e1\u017eske<br \/>\n<\/strong>ZBP pre Danu Goro\u013eov\u00fa<\/td>\n<td width=\"33%\"><strong>17.00 Pust\u00e9 \u010cemern\u00e9<\/strong><\/td>\n<\/tr>\n<tr>\n<td width=\"28%\">\n<p style=\"text-align: center;\"><strong>Streda \/27.04.\/<\/strong><\/p>\n<p style=\"text-align: center;\"><em>f\u00e9ria<\/em><\/p>\n<\/td>\n<td width=\"33%\"><strong>18.00 Str\u00e1\u017eske \u2013 detsk\u00e1<br \/>\n<\/strong>ZBP pre Miroslava Koh\u00fata<\/td>\n<td width=\"33%\"><strong>17.00 Brekov \u2013 pohrebn\u00e1<br \/>\n<\/strong>+ J\u00e1n Kov\u00e1\u010d<\/td>\n<\/tr>\n<tr>\n<td width=\"28%\">\n<p style=\"text-align: center;\"><strong>\u0160tvrtok <\/strong><strong>\/28.04.\/<\/strong><\/p>\n<p style=\"text-align: center;\"><em>f\u00e9ria<\/em><\/p>\n<\/td>\n<td width=\"33%\"><strong>18.00 Str\u00e1\u017eske<br \/>\n<\/strong>+ z&nbsp;rod\u00edn Luka\u010dko a Mace\u0148ko<\/td>\n<td width=\"33%\"><strong>17.00 Krivo\u0161\u0165any<\/strong><\/td>\n<\/tr>\n<tr>\n<td width=\"28%\">\n<p style=\"text-align: center;\"><strong>Piatok <\/strong><strong>\/29.04.\/<\/strong><\/p>\n<p style=\"text-align: center;\">sv. Katar\u00edny Sienskej, panny a&nbsp;u\u010dite\u013eky Cirkvi<strong><em><br \/>\n<\/em><\/strong><em>sviatok<\/em><\/p>\n<\/td>\n<td width=\"33%\"><em><u>16.00 Str\u00e1\u017eske-Eucharistick\u00e1 ador\u00e1cia<\/u><\/em><\/p>\n<p><strong>18.00 Str\u00e1\u017eske<br \/>\n<\/strong>+ z&nbsp;rod\u00edn Ban\u00edkovej a&nbsp;Koz\u00e1rovej<\/td>\n<td width=\"33%\"><strong>17.00 Brekov<br \/>\n<\/strong>+ J\u00e1n, M\u00e1ria, Ladislav Zolota<\/td>\n<\/tr>\n<tr>\n<td width=\"28%\">\n<p style=\"text-align: center;\"><strong>Sobota <\/strong><strong>\/30.04.\/<\/strong><\/p>\n<p style=\"text-align: center;\">&nbsp;sv. Pia V., p\u00e1pe\u017ea<em><br \/>\nspomienka<\/em><\/p>\n<\/td>\n<td width=\"33%\"><em><u>15.00 Str\u00e1\u017eske \u2013 sob\u00e1\u0161ny obrad<\/u><\/em><\/p>\n<p><strong>18.00 Str\u00e1\u017eske \u2013 s&nbsp;plat. Nedele<br \/>\n<\/strong>ZBP pre Slavom\u00edra Ge\u013eatka<\/td>\n<td width=\"33%\"><strong>17.00 Brekov \u2013 s&nbsp;plat. Nedele<br \/>\n<\/strong>+ J\u00e1n a&nbsp;Al\u017ebeta Je\u0161ko &nbsp;<\/td>\n<\/tr>\n<tr>\n<td width=\"28%\">\n<p style=\"text-align: center;\"><strong>Nede\u013ea \/01.05.\/<\/strong><\/p>\n<p style=\"text-align: center;\"><strong>3. ve\u013ekono\u010dn\u00e1 nede\u013ea<\/strong><\/p>\n<\/td>\n<td width=\"33%\"><strong>08.00 Krivo\u0161\u0165any<\/strong><\/p>\n<p><strong>09.30 Str\u00e1\u017eske<br \/>\n<\/strong>ZBP pre Mat\u00fa\u0161a Mana&nbsp; &nbsp;&nbsp;&nbsp;&nbsp;<\/td>\n<td width=\"33%\"><strong>08.00 Brekov<br \/>\n<\/strong>ZBP pre \u0160tef\u00e1niu Porva\u017en\u00edkov\u00fa<\/p>\n<p><strong>09.30 Pust\u00e9 \u010cemern\u00e9<\/strong><\/p>\n<p><strong>11.00 Oresk\u00e9 \u2013 odpust. sl\u00e1vnos\u0165<\/strong><\/td>\n<\/tr>\n<\/tbody>\n<\/table>\n<ul>\n<li><strong><a href=\"http:\/\/www.katolickenoviny.sk\" target=\"_blank\" rel=\"noopener\">KN<\/a> \u010d. 15\/16<\/strong> \u2013 Vo ve\u013ekono\u010dn\u00e9 r\u00e1no je hrob pr\u00e1zdny. \u2013 Kristus sl\u00e1vne vstal z m\u0155tvych. \u2013 P\u00e1pe\u017e Franti\u0161ek upozornil na nevinn\u00e9 obete. \u2013 Zasadal v\u00fdbor SSV. \u2013 Zvon je viac ne\u017e len kus kovu. \u2013 Synoda je pre Cirkev novou Ve\u013ekou nocou. \u2013 Ve\u013ek\u00e1 noc za totality ako predzves\u0165 slobody. \u2013 P\u00e1n Boh je nadov\u0161etko. \u2013 Pokoj pramen\u00ed v&nbsp;Bo\u017eom milosrdenstve. \u2013 Chov oviec ako zmyslupln\u00e1 terapia. \u2013 Ve\u013ekono\u010dn\u00fd \u010dlovek, emeritn\u00fd p\u00e1pe\u017e Joseph Ratzinger. \u2013 Boh d\u00e1va druh\u00fa \u0161ancu aj v\u00e4z\u0148om. \u2013 N\u00e1rod, vlas\u0165, sloboda, osveta. \u2013 Ka\u017ed\u00e9 ve\u013ek\u00e9 umenie vzi\u0161lo z viery. \u2013 Na svet sa pozer\u00e1 optikou pokory. \u2013 \u00dalovok zo \u017eivotnej m\u00fadrosti kardin\u00e1la J\u00e1na Chryzostoma Korca. \u2013 Sme vyslan\u00ed do cel\u00e9ho sveta ku v\u0161etk\u00fdm bez rozdielu. \u2013 Sl\u00e1venie liturgie je \u010dasom pre\u017e\u00edvania radosti. \u2013 \u017dena v&nbsp;Bo\u017eej slu\u017ebe. \u2013 Slovensk\u00e9 remeslo vyniesol do oblakov. \u2013 Ke\u010f z&nbsp;ver\u0161ov st\u00fapa \u00c1belov dym. \u2013 Na ve\u013ekono\u010dn\u00fa nede\u013eu po\u017eehnan\u00e9 pokrmy. \u2013 Ve\u013ek\u00e1 noc m\u00e1 mnoho v\u00f4n\u00ed a&nbsp;z\u00e1rove\u0148 chut\u00ed.<\/li>\n<li><strong><u>V&nbsp;stredu 27.04.2022 o&nbsp;19.00<\/u><\/strong><u> op\u00e4\u0165 poz\u00fdvame na modlitby otcov so sledovan\u00edm semifin\u00e1le Ligy Majstrov.<\/u><\/li>\n<li><strong><u>Ml\u00e1de\u017en\u00edcke sv\u00e4t\u00e9 om\u0161e op\u00e4\u0165 pres\u00favame z&nbsp;piatka ve\u010dera na sobotu ve\u010der s&nbsp;platnos\u0165ou na nede\u013eu<\/u><\/strong>!!!<\/li>\n<li><strong><u>Po\u010das cel\u00e9ho ve\u013ekono\u010dn\u00e9ho obdobia sa namiesto modlitby<\/u><\/strong> \u201eAnjel P\u00e1na\u201c, modl\u00edme \u201eRaduj sa, nebies Kr\u00e1\u013eovn\u00e1.\u201c <u>Z\u00e1rove\u0148 v\u00e1m v\u0161etk\u00fdm prajeme milostipln\u00e9 a&nbsp;po\u017eehnan\u00e9 ve\u013ekono\u010dn\u00e9 sviatky Zm\u0155tvychvstal\u00e9ho.<\/u><\/li>\n<\/ul>\n","protected":false},"excerpt":{"rendered":"<p>Pondelok \/25.04.\/ sv. Marka, evanjelistu sviatok 18.00 Str\u00e1\u017eske + z&nbsp;rod. Dolhomut, Vojs, \u017din\u010d\u00e1k 17.00 Brekov \u2013 detsk\u00e1 + Pavol Starigazda Utorok \/26.04.\/ f\u00e9ria 18.00 Str\u00e1\u017eske ZBP pre Danu Goro\u013eov\u00fa 17.00 Pust\u00e9 \u010cemern\u00e9 Streda \/27.04.\/ f\u00e9ria 18.00 Str\u00e1\u017eske \u2013 detsk\u00e1 ZBP pre Miroslava Koh\u00fata 17.00 Brekov \u2013 pohrebn\u00e1 + J\u00e1n Kov\u00e1\u010d \u0160tvrtok \/28.04.\/ f\u00e9ria 18.00 Str\u00e1\u017eske [&hellip;]<\/p>\n","protected":false},"author":1,"featured_media":0,"comment_status":"closed","ping_status":"closed","sticky":false,"template":"","format":"standard","meta":{"ngg_post_thumbnail":0,"footnotes":""},"categories":[4],"tags":[],"class_list":["post-42503","post","type-post","status-publish","format-standard","hentry","category-farske-oznamy"],"views":830,"_links":{"self":[{"href":"https:\/\/www.farnost-strazske.sk\/index.php?rest_route=\/wp\/v2\/posts\/42503","targetHints":{"allow":["GET"]}}],"collection":[{"href":"https:\/\/www.farnost-strazske.sk\/index.php?rest_route=\/wp\/v2\/posts"}],"about":[{"href":"https:\/\/www.farnost-strazske.sk\/index.php?rest_route=\/wp\/v2\/types\/post"}],"author":[{"embeddable":true,"href":"https:\/\/www.farnost-strazske.sk\/index.php?rest_route=\/wp\/v2\/users\/1"}],"replies":[{"embeddable":true,"href":"https:\/\/www.farnost-strazske.sk\/index.php?rest_route=%2Fwp%2Fv2%2Fcomments&post=42503"}],"version-history":[{"count":1,"href":"https:\/\/www.farnost-strazske.sk\/index.php?rest_route=\/wp\/v2\/posts\/42503\/revisions"}],"predecessor-version":[{"id":42504,"href":"https:\/\/www.farnost-strazske.sk\/index.php?rest_route=\/wp\/v2\/posts\/42503\/revisions\/42504"}],"wp:attachment":[{"href":"https:\/\/www.farnost-strazske.sk\/index.php?rest_route=%2Fwp%2Fv2%2Fmedia&parent=42503"}],"wp:term":[{"taxonomy":"category","embeddable":true,"href":"https:\/\/www.farnost-strazske.sk\/index.php?rest_route=%2Fwp%2Fv2%2Fcategories&post=42503"},{"taxonomy":"post_tag","embeddable":true,"href":"https:\/\/www.farnost-strazske.sk\/index.php?rest_route=%2Fwp%2Fv2%2Ftags&post=42503"}],"curies":[{"name":"wp","href":"https:\/\/api.w.org\/{rel}","templated":true}]}}