{"id":42505,"date":"2022-04-24T13:43:12","date_gmt":"2022-04-24T11:43:12","guid":{"rendered":"https:\/\/www.farnost-strazske.sk\/?p=42505"},"modified":"2022-04-24T13:43:29","modified_gmt":"2022-04-24T11:43:29","slug":"42505","status":"publish","type":"post","link":"https:\/\/www.farnost-strazske.sk\/?p=42505","title":{"rendered":"Aby ma postavil na nohy"},"content":{"rendered":"\n<p id=\"wnd_TextBlock_597702195_inner_0\" style=\"font-size:17px\">Je\u017ei\u0161 prich\u00e1dza medzi svojich apo\u0161tolov, ktor\u00ed s\u00fa nato\u013eko vystra\u0161en\u00ed, \u017ee sa skr\u00fdvaj\u00fa za zatvoren\u00fdmi dverami. Ch\u00e1pem, \u017ee posledn\u00e9 dni boli pre nich \u0165a\u017ek\u00e9.<\/p>\n\n\n\n<p id=\"wnd_TextBlock_597702195_inner_1\" style=\"font-size:17px\">&#8222;\u010co budeme teraz robi\u0165? Kam p\u00f4jdeme?&#8220; p\u00fdtali sa mo\u017eno jeden druh\u00e9ho. Ve\u010f oni opustili v\u0161etko kv\u00f4li Je\u017ei\u0161ovi, nie kv\u00f4li sebe. \u010co teraz bud\u00fa robi\u0165? A bez neho?<\/p>\n\n\n\n<p id=\"wnd_TextBlock_597702195_inner_2\" style=\"font-size:17px\">Ke\u010f ich nav\u0161t\u00edvi Je\u017ei\u0161, rozhodne namiesto nich, \u017ee p\u00f4jdu do sveta: &#8222;Ako m\u0148a poslal Otec, tak ja posielam v\u00e1s!&#8220;<\/p>\n\n\n\n<p id=\"wnd_TextBlock_597702195_inner_3\" style=\"font-size:17px\">Ak\u00e9 ve\u013ek\u00e9 vyzna\u010denie. Ak\u00e1 vzne\u0161en\u00e1 \u00faloha. Ale naozaj?<\/p>\n\n\n\n<p id=\"wnd_TextBlock_597702195_inner_4\" style=\"font-size:17px\">Poveda\u0165 vystra\u0161en\u00fdm apo\u0161tolom, ktor\u00ed sa skr\u00fdvaj\u00fa pred \u017didmi, aby i\u0161li von a robili to, \u010do robil on, je prinajmen\u0161om odv\u00e1\u017ene. Na prv\u00e9 po\u010dutie mo\u017eno aj necitliv\u00e9, a\u017e cynick\u00e9.<\/p>\n\n\n\n<p id=\"wnd_TextBlock_597702195_inner_5\" style=\"font-size:17px\">,\u010co\u017ee?&#8216; pomyslel si nejeden z nich. Ako to mysl\u00ed? Maj\u00fa sa teraz necha\u0165 chyti\u0165, zbi\u010dova\u0165 a ukri\u017eova\u0165?<\/p>\n\n\n\n<p id=\"wnd_TextBlock_597702195_inner_6\" style=\"font-size:17px\">Av\u0161ak sk\u00f4r, ne\u017e by sa t\u00ed mu\u017ei zh\u00e1\u010dili, Je\u017ei\u0161 na nich d\u00fdchol a dodal: &#8222;Prijmite Ducha Sv\u00e4t\u00e9ho!&#8220; A ver\u00edm, \u017ee iba v tom dychu a vysloven\u00fdch slov\u00e1ch, v celej sile neba, sa v\u0161etok ich strach rozplynul a aj preto sa nena\u0161iel nik, kto by protestoval.<\/p>\n\n\n\n<div class=\"wp-block-image\"><figure class=\"aligncenter is-resized\"><img loading=\"lazy\" decoding=\"async\" src=\"https:\/\/d6scj24zvfbbo.cloudfront.net\/56958a3ff2fd5fdcdbd797b978b04dd5\/200000660-2707427076\/_DSC6976.jpg?ph=96e19d8f6d\" alt=\"\" width=\"600\" height=\"338\"\/><\/figure><\/div>\n\n\n\n<p id=\"wnd_TextBlock_597702195_inner_7\" style=\"font-size:17px\">To, \u010do pre\u017e\u00edvali apo\u0161toli, mi nie je nijako cudzie: strach, sm\u00fatok, bezmocnos\u0165 a predo mnou znova t\u00e1 neist\u00e1 cesta, hoci som d\u00fafal, \u017ee budem putova\u0165 u\u017e len po ist\u00fdch chodn\u00edkoch, bezpe\u010dne a pln\u00fd sily.<\/p>\n\n\n\n<p id=\"wnd_TextBlock_597702195_inner_8\" style=\"font-size:17px\">Nie, ja sa neboj\u00edm, \u010do bude s Je\u017ei\u0161om, ale tak ako apo\u0161toli, boj\u00edm sa, \u010do bude so mnou. V\u017edy, ke\u010f dovol\u00edm, aby mi Je\u017ei\u0161a vzali. Ke\u010f sa od neho vzdialim, ke\u010f mu d\u00e1m, hoci aj nedobrovo\u013ene, ko\u0161om, ke\u010f som zrazu \u010faleko ako ten m\u00e1rnotratn\u00fd syn.<\/p>\n\n\n\n<p id=\"wnd_TextBlock_597702195_inner_9\" style=\"font-size:17px\">Presne to sa deje, ke\u010f ma zas a znova opant\u00e1 hriech.<\/p>\n\n\n\n<p id=\"wnd_TextBlock_597702195_inner_10\" style=\"font-size:17px\">Sm\u00fatok zo seba. Bezmocnos\u0165 pred zlozvykmi i pred ne\u010dakan\u00fdmi p\u00e1dmi. A strach, \u017ee sa z tej \u0161piny u\u017e nikdy nevymot\u00e1m. A tak by som chcel. Du\u0161oval som sa, \u017ee budem obozretn\u00fd, \u017ee tak \u013eahkov\u00e1\u017ene u\u017e nepadnem. A zrazu pr\u00e1sk. Hriech tu, hriech tam, op\u00e4\u0165 som v tom a\u017e po u\u0161i.<\/p>\n\n\n\n<p id=\"wnd_TextBlock_597702195_inner_11\" style=\"font-size:17px\">Ako \u0165a\u017eko sa vst\u00e1va z tmy na svetlo. Lep\u0161ie je osta\u0165 za zatvoren\u00fdmi dverami.<\/p>\n\n\n\n<p id=\"wnd_TextBlock_597702195_inner_12\" style=\"font-size:17px\">A vtedy prich\u00e1dza Je\u017ei\u0161.<\/p>\n\n\n\n<p id=\"wnd_TextBlock_597702195_inner_13\" style=\"font-size:17px\">A ja iba klop\u00edm zrak. Sna\u017e\u00edm sa na neho ned\u00edva\u0165. Hanb\u00edm sa a \u013eutujem. On je v\u0161ak mocnej\u0161\u00ed ako moje sm\u00fatky, hanby a strachy. Prich\u00e1dza ku mne bli\u017e\u0161ie. Aby na m\u0148a d\u00fdchol. Aby mi dal z Ducha. Aby ma postavil na nohy.<\/p>\n\n\n\n<p id=\"wnd_TextBlock_597702195_inner_14\" style=\"font-size:17px\">A vtedy, iba v tom dychu a vysloven\u00fdch slov\u00e1ch, v celej sile neba, sa v\u0161etok m\u00f4j strach rozplynie a zrazu viem, \u017ee len v\u010faka nemu m\u00f4\u017eem za\u010da\u0165 odznova.<\/p>\n\n\n\n<p id=\"wnd_TextBlock_597702195_inner_15\" style=\"font-size:17px\">Len v\u010faka Je\u017ei\u0161ovi m\u00f4\u017eem a chcem&#8230;<\/p>\n\n\n\n<p style=\"font-size:17px\"><em>Autor:&nbsp;<\/em><a rel=\"noreferrer noopener\" href=\"https:\/\/www.vladkostefanic.com\/\" target=\"_blank\"><em>Vladim\u00edr \u0160tefani\u010d<\/em><\/a><\/p>\n","protected":false},"excerpt":{"rendered":"<p>Je\u017ei\u0161 prich\u00e1dza medzi svojich apo\u0161tolov, ktor\u00ed s\u00fa nato\u013eko vystra\u0161en\u00ed, \u017ee sa skr\u00fdvaj\u00fa za zatvoren\u00fdmi dverami. Ch\u00e1pem, \u017ee posledn\u00e9 dni boli pre nich \u0165a\u017ek\u00e9. &#8222;\u010co budeme teraz robi\u0165? Kam p\u00f4jdeme?&#8220; p\u00fdtali sa mo\u017eno jeden druh\u00e9ho. Ve\u010f oni opustili v\u0161etko kv\u00f4li Je\u017ei\u0161ovi, nie kv\u00f4li sebe. \u010co teraz bud\u00fa robi\u0165? A bez neho? Ke\u010f ich nav\u0161t\u00edvi Je\u017ei\u0161, rozhodne [&hellip;]<\/p>\n","protected":false},"author":1,"featured_media":0,"comment_status":"closed","ping_status":"closed","sticky":false,"template":"","format":"standard","meta":{"ngg_post_thumbnail":0,"footnotes":""},"categories":[22],"tags":[],"class_list":["post-42505","post","type-post","status-publish","format-standard","hentry","category-zamyslenia"],"views":116,"_links":{"self":[{"href":"https:\/\/www.farnost-strazske.sk\/index.php?rest_route=\/wp\/v2\/posts\/42505","targetHints":{"allow":["GET"]}}],"collection":[{"href":"https:\/\/www.farnost-strazske.sk\/index.php?rest_route=\/wp\/v2\/posts"}],"about":[{"href":"https:\/\/www.farnost-strazske.sk\/index.php?rest_route=\/wp\/v2\/types\/post"}],"author":[{"embeddable":true,"href":"https:\/\/www.farnost-strazske.sk\/index.php?rest_route=\/wp\/v2\/users\/1"}],"replies":[{"embeddable":true,"href":"https:\/\/www.farnost-strazske.sk\/index.php?rest_route=%2Fwp%2Fv2%2Fcomments&post=42505"}],"version-history":[{"count":2,"href":"https:\/\/www.farnost-strazske.sk\/index.php?rest_route=\/wp\/v2\/posts\/42505\/revisions"}],"predecessor-version":[{"id":42507,"href":"https:\/\/www.farnost-strazske.sk\/index.php?rest_route=\/wp\/v2\/posts\/42505\/revisions\/42507"}],"wp:attachment":[{"href":"https:\/\/www.farnost-strazske.sk\/index.php?rest_route=%2Fwp%2Fv2%2Fmedia&parent=42505"}],"wp:term":[{"taxonomy":"category","embeddable":true,"href":"https:\/\/www.farnost-strazske.sk\/index.php?rest_route=%2Fwp%2Fv2%2Fcategories&post=42505"},{"taxonomy":"post_tag","embeddable":true,"href":"https:\/\/www.farnost-strazske.sk\/index.php?rest_route=%2Fwp%2Fv2%2Ftags&post=42505"}],"curies":[{"name":"wp","href":"https:\/\/api.w.org\/{rel}","templated":true}]}}