{"id":42511,"date":"2022-05-01T22:24:17","date_gmt":"2022-05-01T20:24:17","guid":{"rendered":"https:\/\/www.farnost-strazske.sk\/?p=42511"},"modified":"2022-05-01T22:24:18","modified_gmt":"2022-05-01T20:24:18","slug":"liturgicky-prehlad-a-oznamy-2-5-8-5-2022","status":"publish","type":"post","link":"https:\/\/www.farnost-strazske.sk\/?p=42511","title":{"rendered":"Liturgick\u00fd preh\u013ead a\u00a0oznamy 2.5. \u2013 8.5. 2022"},"content":{"rendered":"<table width=\"97%\">\n<tbody>\n<tr>\n<td width=\"28%\">\n<p style=\"text-align: center;\"><strong>Pondelok \/02.05.\/<\/strong><\/p>\n<p style=\"text-align: center;\">sv. Atan\u00e1za, biskupa a&nbsp;u\u010dite\u013ea<em><br \/>\nspomienka<\/em><\/p>\n<\/td>\n<td width=\"33%\"><strong>18.00 Str\u00e1\u017eske<br \/>\n<\/strong>+ Ladislav Lipovsk\u00fd<\/td>\n<td width=\"33%\"><em><u>16.00\u201317.00 Brekov-sv.zmierenia<\/u><\/em><\/p>\n<p><strong>17.00 Brekov \u2013 detsk\u00e1<br \/>\n<\/strong>+ J\u00e1n a&nbsp;Verona Valiga<\/td>\n<\/tr>\n<tr>\n<td width=\"28%\">\n<p style=\"text-align: center;\"><strong>Utorok \/03.05.\/<\/strong><\/p>\n<p style=\"text-align: center;\">sv. Filipa a&nbsp;Jakuba, apo\u0161tolov<em><br \/>\nsviatok<\/em><\/p>\n<\/td>\n<td width=\"33%\"><em><u>17.00\u201318.00 Str\u00e1\u017eske-sv.zmierenia<\/u><\/em><\/p>\n<p><strong>18.00 Str\u00e1\u017eske<br \/>\n<\/strong>+ Galina Ba\u010dov\u00e1<\/td>\n<td width=\"33%\"><strong>&nbsp;<\/strong><\/p>\n<p>&nbsp;<\/td>\n<\/tr>\n<tr>\n<td width=\"28%\">\n<p style=\"text-align: center;\"><strong>Streda \/04.05.\/<\/strong><\/p>\n<p style=\"text-align: center;\"><em>Sp. sv. Flori\u00e1na, mu\u010den\u00edka<br \/>\nspomienka<\/em><\/p>\n<\/td>\n<td width=\"33%\"><strong>18.00 Str\u00e1\u017eske \u2013 detsk\u00e1<br \/>\n<\/strong>+ z&nbsp;rodiny Jaro\u0161ovej<\/td>\n<td width=\"33%\"><em><u>17.00\u201318.00 Brekov-sv.zmierenia<\/u><\/em><\/p>\n<p><strong>18.00 Brekov<br \/>\n<\/strong>+ J\u00e1n, M\u00e1ria, Jozef \u010ci\u017em\u00e1r<\/td>\n<\/tr>\n<tr>\n<td width=\"28%\">\n<p style=\"text-align: center;\"><strong>\u0160tvrtok <\/strong><strong>\/05.05.\/<\/strong><\/p>\n<p style=\"text-align: center;\"><em>f\u00e9ria<\/em><\/p>\n<\/td>\n<td width=\"33%\"><em><u>17.00\u201318.00 Str\u00e1\u017eske-sv.zmierenia<\/u><\/em><\/p>\n<p><strong>18.00 Str\u00e1\u017eske<br \/>\n<\/strong>+ Du\u0161an Vojnik<\/td>\n<td width=\"33%\"><strong>&nbsp;<\/strong><\/p>\n<p>&nbsp;<\/td>\n<\/tr>\n<tr>\n<td width=\"28%\">\n<p style=\"text-align: center;\"><strong>Piatok <\/strong><strong>\/06.05.\/<\/strong><\/p>\n<p style=\"text-align: center;\"><em>f\u00e9ria<\/em><\/p>\n<\/td>\n<td width=\"33%\"><em><u>08.00 Str\u00e1\u017eske\u2013sv.zmierenia chor\u00fdch<\/u><\/em><\/p>\n<p><em><u>16.00\u201317.00 Krivo\u0161\u0165any-sv.zmierenia<\/u><\/em><\/p>\n<p><strong>17.00 Krivo\u0161\u0165any<\/strong><\/p>\n<p><strong>18.15 Str\u00e1\u017eske<br \/>\n<\/strong>+ Adam a Em\u00edlia Trnkov\u00ed<\/td>\n<td width=\"33%\"><em><u>08.00 Brekov\u2013sv.zmierenia chor\u00fdch<\/u><\/em><\/p>\n<p><em><u>16.00\u201317.00 P.\u010cemern\u00e9-sv.zmierenia<\/u><\/em><\/p>\n<p><strong>17.00 Pust\u00e9 \u010cemern\u00e9<\/strong><\/p>\n<p><strong>18.15 Brekov<br \/>\n<\/strong>+ Marta Mattov\u00e1<\/td>\n<\/tr>\n<tr>\n<td width=\"28%\">\n<p style=\"text-align: center;\"><strong>Sobota <\/strong><strong>\/07.05.\/<\/strong><\/p>\n<p style=\"text-align: center;\"><em>f\u00e9ria<\/em><\/p>\n<\/td>\n<td width=\"33%\"><em><u>17.00 ve\u010deradlo s&nbsp;Pannou M\u00e1riou<\/u><\/em><\/p>\n<p><strong>18.00 Str\u00e1\u017eske \u2013 s&nbsp;plat. Nedele<br \/>\n<\/strong>ZBP pre rodinu Ku\u017emov\u00fa<\/td>\n<td width=\"33%\"><em><u>16.00 ve\u010deradlo s&nbsp;Pannou M\u00e1riou<\/u><\/em><\/p>\n<p><strong>17.00 Brekov \u2013 s&nbsp;plat. Nedele<br \/>\n<\/strong>ZBP pre Stanislava Re\u0161ovsk\u00e9ho &nbsp;<\/td>\n<\/tr>\n<tr>\n<td width=\"28%\">\n<p style=\"text-align: center;\"><strong>Nede\u013ea \/08.05.\/<\/strong><\/p>\n<p style=\"text-align: center;\"><strong>4. ve\u013ekono\u010dn\u00e1 nede\u013ea<\/strong><\/p>\n<\/td>\n<td width=\"33%\"><strong>08.00 Krivo\u0161\u0165any<\/strong><\/p>\n<p><strong>09.30 Str\u00e1\u017eske<br \/>\n<\/strong>ZBP pre Danielu Pop\u010d\u00e1kov\u00fa&nbsp; &nbsp;&nbsp;&nbsp;&nbsp;<\/td>\n<td width=\"33%\"><strong>08.00 Pust\u00e9 \u010cemern\u00e9<\/strong><\/p>\n<p><strong>09.30 Brekov<br \/>\n<\/strong>ZBP pre S\u00e1ru a&nbsp;Sandru Demkov\u00e9<\/td>\n<\/tr>\n<\/tbody>\n<\/table>\n<ul>\n<li><strong><a href=\"http:\/\/www.katolickenoviny.sk\" target=\"_blank\" rel=\"noopener\">KN<\/a> \u010d. 17<\/strong> \u2013 Arcibiskup Mons. J\u00e1n Babjak sa zriekol \u00faradu. \u2013 Do sv\u00e4tyne Bo\u017eieho milosrdenstva v&nbsp;Smi\u017eanoch zav\u00edtal po\u013esk\u00fd kardin\u00e1l Stanislaw Dziwisz. \u2013 Dorka je domovom pre \u013eud\u00ed v&nbsp;kr\u00edze. \u2013 Budeme sa musie\u0165 uskromni\u0165. \u2013 Sp\u00fdta\u0165 sa odborn\u00edka nie je hanbou. \u2013 Ako nema\u0165 prievan v pe\u0148a\u017eenke. \u2013 \u00dacta k&nbsp;star\u0161\u00edm je formou l\u00e1sky. \u2013 Dajme sa prem\u00f4c\u0165 Kristov\u00fdm pokojom. \u2013 Inform\u00e1cie pre \u00fa\u010dastn\u00edkov \u010fakovnej p\u00fate. \u2013 Bo\u017eie milosrdenstvo hovor\u00ed: Pokoj v\u00e1m. \u2013 Je\u017ei\u0161 Kristus chce by\u0165 v\u017edy s&nbsp;nami ako Emanuel. \u2013 Politici maj\u00fa sl\u00fa\u017ei\u0165 \u013eu\u010fom. \u2013 Od Boha m\u00e1me v\u0161etko gr\u00e1tis. \u2013 Som neust\u00e1le v&nbsp;koloto\u010di. \u2013 Vytvori\u0165 domov je \u017eivotnou hodnotou. \u2013 Vidiecky \u010dlovek ako hrdina na pl\u00e1tne. \u2013 Do vrecka i&nbsp;do \u017eivota. \u2013 Pevn\u00e1 v\u00f4\u013ea i&nbsp;dobr\u00e1 strat\u00e9gia u\u0161etria ve\u013ea. \u2013 Aj pri cestovan\u00ed sa d\u00e1 u\u0161etri\u0165. \u2013 Odriekanie je d\u00f4le\u017eit\u00e9 aj pre die\u0165a. \u2013 Tolerujme, preto\u017ee nato sme sa narodili.<\/li>\n<li><strong><u>V&nbsp;stredu 04.05.2022 o&nbsp;19.00 poz\u00fdvame na modlitby otcov<\/u><\/strong><u> so sledovan\u00edm odvet. semifin\u00e1l. duelov LM.<\/u><\/li>\n<li><strong><u>Nasleduj\u00facu nede\u013eu Dobr\u00e9ho Pastiera<\/u><\/strong><u> je zbierka na k\u0148azsk\u00fd semin\u00e1r sv. Karola Boromejsk\u00e9ho v&nbsp;KE.<\/u><\/li>\n<li><strong><u>Po\u010das cel\u00e9ho ve\u013ekono\u010dn\u00e9ho obdobia sa namiesto modlitby<\/u><\/strong> \u201eAnjel P\u00e1na\u201c, modl\u00edme \u201eRaduj sa, nebies Kr\u00e1\u013eovn\u00e1.\u201c <u>Z\u00e1rove\u0148 v\u00e1m v\u0161etk\u00fdm prajeme milostipln\u00e9 a&nbsp;po\u017eehnan\u00e9 ve\u013ekono\u010dn\u00e9 sviatky Zm\u0155tvychvstal\u00e9ho.<\/u><\/li>\n<\/ul>\n","protected":false},"excerpt":{"rendered":"<p>Pondelok \/02.05.\/ sv. Atan\u00e1za, biskupa a&nbsp;u\u010dite\u013ea spomienka 18.00 Str\u00e1\u017eske + Ladislav Lipovsk\u00fd 16.00\u201317.00 Brekov-sv.zmierenia 17.00 Brekov \u2013 detsk\u00e1 + J\u00e1n a&nbsp;Verona Valiga Utorok \/03.05.\/ sv. Filipa a&nbsp;Jakuba, apo\u0161tolov sviatok 17.00\u201318.00 Str\u00e1\u017eske-sv.zmierenia 18.00 Str\u00e1\u017eske + Galina Ba\u010dov\u00e1 &nbsp; &nbsp; Streda \/04.05.\/ Sp. sv. Flori\u00e1na, mu\u010den\u00edka spomienka 18.00 Str\u00e1\u017eske \u2013 detsk\u00e1 + z&nbsp;rodiny Jaro\u0161ovej 17.00\u201318.00 Brekov-sv.zmierenia 18.00 [&hellip;]<\/p>\n","protected":false},"author":1,"featured_media":0,"comment_status":"closed","ping_status":"closed","sticky":false,"template":"","format":"standard","meta":{"ngg_post_thumbnail":0,"footnotes":""},"categories":[4],"tags":[],"class_list":["post-42511","post","type-post","status-publish","format-standard","hentry","category-farske-oznamy"],"views":1003,"_links":{"self":[{"href":"https:\/\/www.farnost-strazske.sk\/index.php?rest_route=\/wp\/v2\/posts\/42511","targetHints":{"allow":["GET"]}}],"collection":[{"href":"https:\/\/www.farnost-strazske.sk\/index.php?rest_route=\/wp\/v2\/posts"}],"about":[{"href":"https:\/\/www.farnost-strazske.sk\/index.php?rest_route=\/wp\/v2\/types\/post"}],"author":[{"embeddable":true,"href":"https:\/\/www.farnost-strazske.sk\/index.php?rest_route=\/wp\/v2\/users\/1"}],"replies":[{"embeddable":true,"href":"https:\/\/www.farnost-strazske.sk\/index.php?rest_route=%2Fwp%2Fv2%2Fcomments&post=42511"}],"version-history":[{"count":1,"href":"https:\/\/www.farnost-strazske.sk\/index.php?rest_route=\/wp\/v2\/posts\/42511\/revisions"}],"predecessor-version":[{"id":42512,"href":"https:\/\/www.farnost-strazske.sk\/index.php?rest_route=\/wp\/v2\/posts\/42511\/revisions\/42512"}],"wp:attachment":[{"href":"https:\/\/www.farnost-strazske.sk\/index.php?rest_route=%2Fwp%2Fv2%2Fmedia&parent=42511"}],"wp:term":[{"taxonomy":"category","embeddable":true,"href":"https:\/\/www.farnost-strazske.sk\/index.php?rest_route=%2Fwp%2Fv2%2Fcategories&post=42511"},{"taxonomy":"post_tag","embeddable":true,"href":"https:\/\/www.farnost-strazske.sk\/index.php?rest_route=%2Fwp%2Fv2%2Ftags&post=42511"}],"curies":[{"name":"wp","href":"https:\/\/api.w.org\/{rel}","templated":true}]}}