{"id":42513,"date":"2022-05-01T22:28:06","date_gmt":"2022-05-01T20:28:06","guid":{"rendered":"https:\/\/www.farnost-strazske.sk\/?p=42513"},"modified":"2022-05-01T22:28:07","modified_gmt":"2022-05-01T20:28:07","slug":"otazka-pre-zradcu","status":"publish","type":"post","link":"https:\/\/www.farnost-strazske.sk\/?p=42513","title":{"rendered":"Ot\u00e1zka pre zradcu"},"content":{"rendered":"\n<p id=\"wnd_TextBlock_472892726_inner_0\" style=\"font-size:17px\">\u00c1no, aj zrada patr\u00ed do \u017eivota \u010dloveka. Proste sa st\u00e1va, vedome i nevedomky a zv\u00e4\u010d\u0161a len z dvoch d\u00f4vodov: aby sme ochr\u00e1nili seba alebo aby sme pre seba nie\u010do z\u00edskali. Zrada je v\u017edy prejavom n\u00e1\u0161ho sebectva.<\/p>\n\n\n\n<p id=\"wnd_TextBlock_472892726_inner_1\" style=\"font-size:17px\">Medzi dvan\u00e1stimi apo\u0161tolmi, ktor\u00fdch si Je\u017ei\u0161 s\u00e1m vyvolil, aby ho sprev\u00e1dzali na cest\u00e1ch, boli dvaja zradcovi. Prv\u00e9mu Je\u017ei\u0161 zveril Cirkev, druh\u00fd sa obesil.<\/p>\n\n\n\n<p id=\"wnd_TextBlock_472892726_inner_2\" style=\"font-size:17px\">Prizn\u00e1vam, \u017ee za pr\u00edbeh toho prv\u00e9ho, apo\u0161tola Petra, som v\u010fa\u010dn\u00fd.<\/p>\n\n\n\n<p id=\"wnd_TextBlock_472892726_inner_3\" style=\"font-size:17px\">V\u017edy som sa p\u00fdtal, \u010di ten moment, ke\u010f pred sl\u00fa\u017ekou zaprel, \u017ee by Je\u017ei\u0161a poznal alebo niekedy stretol, \u010di ten moment s n\u00edm ostal a\u017e do konca \u017eivota. \u010ci si to niekedy odpustil. \u010ci sa od toho niekedy oslobodil. \u010ci sa t\u00e1 rana niekedy zacelila tak, akoby nebola alebo \u010di mu ostala ako trval\u00e1 pamiatka na to, \u017ee aj t\u00ed, ktor\u00ed sa du\u0161uj\u00fa, \u017ee p\u00f4jdu za Je\u017ei\u0161a aj na smr\u0165, ob\u010das zr\u00e1dzaj\u00fa.<\/p>\n\n\n\n<p id=\"wnd_TextBlock_472892726_inner_4\" style=\"font-size:17px\">Naozaj som za pr\u00edbeh Petra v\u010fa\u010dn\u00fd. Zvl\u00e1\u0161\u0165 za t\u00fa \u010das\u0165, ke\u010f sa rozhodne \u00eds\u0165 na lov, hoci Je\u017ei\u0161 mu kedysi povedal, \u017ee ryby viac chyta\u0165 nebude. A pr\u00e1ve tam sa im Je\u017ei\u0161 znova uk\u00e1\u017ee.<\/p>\n\n\n\n<p id=\"wnd_TextBlock_472892726_inner_5\" style=\"font-size:17px\">A Peter? Ak\u00fd je len zbrkl\u00fd. Oble\u010die sa a sk\u00e1\u010de do vody (ja sa pred skokom do vody zv\u00e4\u010d\u0161a vyzliekam). Pl\u00e1va sto metrov ku brehu, len aby bol prv\u00fd pri Je\u017ei\u0161ovi. Potom utek\u00e1 znova ku vode a vyber\u00e1 ryby, aby mali \u010do upiec\u0165 na ohni.<\/p>\n\n\n\n<div class=\"wp-block-image\"><figure class=\"aligncenter is-resized\"><img loading=\"lazy\" decoding=\"async\" src=\"https:\/\/d6scj24zvfbbo.cloudfront.net\/56958a3ff2fd5fdcdbd797b978b04dd5\/200000579-56bae56bb1\/_DSC9213.jpeg?ph=96e19d8f6d\" alt=\"\" width=\"500\" height=\"332\"\/><\/figure><\/div>\n\n\n\n<p id=\"wnd_TextBlock_472892726_inner_6\" style=\"font-size:17px\">Je\u017ei\u0161 vid\u00ed, \u017ee Peter nie je celkom s\u00e1m sebou a tak si ho vezme k sebe a polo\u017e\u00ed mu t\u00fa najmenej pravdepodobn\u00fa ot\u00e1zku: &#8222;Peter, m\u00e1\u0161 ma r\u00e1d?&#8220;<\/p>\n\n\n\n<p id=\"wnd_TextBlock_472892726_inner_7\" style=\"font-size:17px\">Nepovie: &#8222;Vid\u00ed\u0161, hovoril som ti, \u017ee ma zrad\u00ed\u0161!&#8220;<\/p>\n\n\n\n<p id=\"wnd_TextBlock_472892726_inner_8\" style=\"font-size:17px\">Ne\u0161prt\u00e1 sa v \u0148om: &#8222;Ako ti je? Zvl\u00e1da\u0161 to?&#8220;<\/p>\n\n\n\n<p id=\"wnd_TextBlock_472892726_inner_9\" style=\"font-size:17px\">Zauj\u00edma ho len jedna jedin\u00e1 vec: &#8222;M\u00e1\u0161 ma r\u00e1d?&#8220;<\/p>\n\n\n\n<p id=\"wnd_TextBlock_472892726_inner_10\" style=\"font-size:17px\">P\u00fdta sa s l\u00e1skou, s porozumen\u00edm a ukazuje mu, na \u010dom naozaj z\u00e1le\u017e\u00ed. Nie na vine, na minulosti, na zrade a jej d\u00f4sledkoch. Ale na tom, \u010do t\u00e1 zrada sp\u00f4sobila medzi nimi. Oslabila ich vz\u0165ah? Zabila ho? Na\u0161trbila?<\/p>\n\n\n\n<p id=\"wnd_TextBlock_472892726_inner_11\" style=\"font-size:17px\">Peter hovor\u00ed jasne: &#8222;Pane, ty vie\u0161, \u017ee \u0165a m\u00e1m r\u00e1d!&#8220;<\/p>\n\n\n\n<p id=\"wnd_TextBlock_472892726_inner_12\" style=\"font-size:17px\">Je\u017ei\u0161 sa trikr\u00e1t p\u00fdta, Peter trikr\u00e1t odpoved\u00e1.<\/p>\n\n\n\n<p id=\"wnd_TextBlock_472892726_inner_13\" style=\"font-size:17px\">A potom, ako keby len na tom jednom z\u00e1le\u017ealo, Je\u017ei\u0161 mu povie: &#8222;Pas moje ovce&#8230;&#8220; To ako keby povedal: &#8222;Rob, \u010do som ti k\u00e1zal robi\u0165 na po\u010diatku n\u00e1\u0161ho vz\u0165ahu. Ni\u010d sa nezmenilo. Rob, ako keby sa nikdy ni\u010d nestalo, \u017eiadna zrada!&#8220;<\/p>\n\n\n\n<p id=\"wnd_TextBlock_472892726_inner_14\" style=\"font-size:17px\">Tak\u00e1 je Je\u017ei\u0161ova pr\u00edtomnos\u0165&#8230; uzdravuj\u00faca.<\/p>\n\n\n\n<p id=\"wnd_TextBlock_472892726_inner_15\" style=\"font-size:17px\">Mo\u017eno sa Peter tej viny nikdy nezbavil \u00faplne. Mo\u017eno na \u0148u myslel ka\u017ed\u00fd de\u0148. Je\u017ei\u0161 mu v\u0161ak uk\u00e1zal, \u017ee zrady sa st\u00e1vaj\u00fa, ale ak aj napriek nim ost\u00e1va l\u00e1ska k nemu, vo vz\u0165ahu Boha a \u010dloveka sa ni\u010d nemen\u00ed.<\/p>\n\n\n\n<p id=\"wnd_TextBlock_472892726_inner_16\" style=\"font-size:17px\">Je\u017ei\u0161 v sebe nedr\u017e\u00ed hnev, m\u00e1 v\u017edy otvoren\u00fa n\u00e1ru\u010d, do ktorej sa \u010dlovek m\u00f4\u017ee vr\u00e1ti\u0165. A vtedy, ke\u010f prich\u00e1dzame po zrad\u00e1ch a bl\u00faden\u00ed, ho zauj\u00edma iba jedna jedin\u00e1 vec: &#8222;M\u00e1\u0161 ma r\u00e1d?&#8220;<\/p>\n\n\n\n<p id=\"wnd_TextBlock_472892726_inner_17\" style=\"font-size:17px\">Ko\u013eko \u00fa\u013eavy je v tej jednoduchej ot\u00e1zke, v\u0161ak?<\/p>\n\n\n\n<p style=\"font-size:17px\"><em>Autor:&nbsp;<\/em><a rel=\"noreferrer noopener\" href=\"https:\/\/www.vladkostefanic.com\/\" target=\"_blank\"><em>Vladim\u00edr \u0160tefani\u010d<\/em><\/a><\/p>\n","protected":false},"excerpt":{"rendered":"<p>\u00c1no, aj zrada patr\u00ed do \u017eivota \u010dloveka. Proste sa st\u00e1va, vedome i nevedomky a zv\u00e4\u010d\u0161a len z dvoch d\u00f4vodov: aby sme ochr\u00e1nili seba alebo aby sme pre seba nie\u010do z\u00edskali. Zrada je v\u017edy prejavom n\u00e1\u0161ho sebectva. Medzi dvan\u00e1stimi apo\u0161tolmi, ktor\u00fdch si Je\u017ei\u0161 s\u00e1m vyvolil, aby ho sprev\u00e1dzali na cest\u00e1ch, boli dvaja zradcovi. Prv\u00e9mu Je\u017ei\u0161 zveril [&hellip;]<\/p>\n","protected":false},"author":1,"featured_media":0,"comment_status":"closed","ping_status":"closed","sticky":false,"template":"","format":"standard","meta":{"ngg_post_thumbnail":0,"footnotes":""},"categories":[22],"tags":[],"class_list":["post-42513","post","type-post","status-publish","format-standard","hentry","category-zamyslenia"],"views":190,"_links":{"self":[{"href":"https:\/\/www.farnost-strazske.sk\/index.php?rest_route=\/wp\/v2\/posts\/42513","targetHints":{"allow":["GET"]}}],"collection":[{"href":"https:\/\/www.farnost-strazske.sk\/index.php?rest_route=\/wp\/v2\/posts"}],"about":[{"href":"https:\/\/www.farnost-strazske.sk\/index.php?rest_route=\/wp\/v2\/types\/post"}],"author":[{"embeddable":true,"href":"https:\/\/www.farnost-strazske.sk\/index.php?rest_route=\/wp\/v2\/users\/1"}],"replies":[{"embeddable":true,"href":"https:\/\/www.farnost-strazske.sk\/index.php?rest_route=%2Fwp%2Fv2%2Fcomments&post=42513"}],"version-history":[{"count":1,"href":"https:\/\/www.farnost-strazske.sk\/index.php?rest_route=\/wp\/v2\/posts\/42513\/revisions"}],"predecessor-version":[{"id":42514,"href":"https:\/\/www.farnost-strazske.sk\/index.php?rest_route=\/wp\/v2\/posts\/42513\/revisions\/42514"}],"wp:attachment":[{"href":"https:\/\/www.farnost-strazske.sk\/index.php?rest_route=%2Fwp%2Fv2%2Fmedia&parent=42513"}],"wp:term":[{"taxonomy":"category","embeddable":true,"href":"https:\/\/www.farnost-strazske.sk\/index.php?rest_route=%2Fwp%2Fv2%2Fcategories&post=42513"},{"taxonomy":"post_tag","embeddable":true,"href":"https:\/\/www.farnost-strazske.sk\/index.php?rest_route=%2Fwp%2Fv2%2Ftags&post=42513"}],"curies":[{"name":"wp","href":"https:\/\/api.w.org\/{rel}","templated":true}]}}