{"id":42516,"date":"2022-05-08T12:17:10","date_gmt":"2022-05-08T10:17:10","guid":{"rendered":"https:\/\/www.farnost-strazske.sk\/?p=42516"},"modified":"2022-05-08T12:17:11","modified_gmt":"2022-05-08T10:17:11","slug":"liturgicky-prehlad-a-oznamy-9-5-15-5-2022","status":"publish","type":"post","link":"https:\/\/www.farnost-strazske.sk\/?p=42516","title":{"rendered":"Liturgick\u00fd preh\u013ead a\u00a0oznamy 9.5. \u2013 15.5. 2022"},"content":{"rendered":"<table width=\"97%\">\n<tbody>\n<tr>\n<td width=\"28%\">\n<p style=\"text-align: center;\"><strong>Pondelok \/09.05.\/<\/strong><\/p>\n<p style=\"text-align: center;\"><em>f\u00e9ria<\/em><\/p>\n<\/td>\n<td width=\"33%\"><strong>18.00 Str\u00e1\u017eske \u2013 v\u00fdro\u010dn\u00e1<br \/>\n<\/strong>+ Pavel Ma\u0165a\u0161<\/td>\n<td width=\"33%\"><strong>17.00 Brekov \u2013 detsk\u00e1<br \/>\n<\/strong>+ z&nbsp;rodiny Jacinovej<\/td>\n<\/tr>\n<tr>\n<td width=\"28%\">\n<p style=\"text-align: center;\"><strong>Utorok \/10.05.\/<\/strong><\/p>\n<p style=\"text-align: center;\"><em>f\u00e9ria<\/em><\/p>\n<\/td>\n<td width=\"33%\"><em><u>09.00 Vysok\u00e1 n\/U \u2013 k\u0148az. Rekolekcie<\/u><\/em><\/p>\n<p><strong>18.00 Str\u00e1\u017eske<br \/>\n<\/strong>+ Jozef\u00edna Cvejku\u0161ov\u00e1<\/td>\n<td width=\"33%\"><strong>17.00 Pust\u00e9 \u010cemern\u00e9<\/strong><\/td>\n<\/tr>\n<tr>\n<td width=\"28%\">\n<p style=\"text-align: center;\"><strong>Streda \/11.05.\/<\/strong><\/p>\n<p style=\"text-align: center;\"><em>f\u00e9ria<\/em><\/p>\n<\/td>\n<td width=\"33%\"><strong>18.00 Str\u00e1\u017eske \u2013 detsk\u00e1<br \/>\n<\/strong>+ Anna \u010cegi\u0148ov\u00e1<\/td>\n<td width=\"33%\"><strong>17.00 Brekov \u2013 v\u00fdro\u010dn\u00e1<br \/>\n<\/strong>+ Mari\u00e1n Goro\u013e<\/td>\n<\/tr>\n<tr>\n<td width=\"28%\">\n<p style=\"text-align: center;\"><strong>\u0160tvrtok <\/strong><strong>\/12.05.\/<\/strong><\/p>\n<p style=\"text-align: center;\"><em>f\u00e9ria<\/em><\/p>\n<\/td>\n<td width=\"33%\"><strong>18.00 Str\u00e1\u017eske \u2013 v\u00fdro\u010dn\u00e1<br \/>\n<\/strong>+ Marta Karko\u0161iakov\u00e1<\/td>\n<td width=\"33%\"><em><u>16.00\u201317.00 Krivo\u0161\u0165any-sv.zmierenia<\/u><\/em><\/p>\n<p><strong>17.00 Krivo\u0161\u0165any<\/strong><\/td>\n<\/tr>\n<tr>\n<td width=\"28%\">\n<p style=\"text-align: center;\"><strong>Piatok <\/strong><strong>\/13.05.\/<\/strong><\/p>\n<p style=\"text-align: center;\">Preblahoslavenej Fatimskej Panny M\u00e1rie<em><br \/>\nspomienka<\/em><\/p>\n<\/td>\n<td width=\"33%\"><em><u>16.00 Ador\u00e1cia s&nbsp;ve\u010deradlom<\/u><\/em><\/p>\n<p><strong>18.00 Str\u00e1\u017eske<br \/>\n<\/strong>ZBP pre M\u00e1riu Da\u0148ov\u00fa s&nbsp;rod.<\/td>\n<td width=\"33%\"><em><u>16.15 Ador\u00e1cia s&nbsp;ve\u010deradlom<\/u><\/em><\/p>\n<p><strong>17.00 Brekov<br \/>\n<\/strong>+ z&nbsp;rodiny Miha\u013ekovej \u010d. 139<\/td>\n<\/tr>\n<tr>\n<td width=\"28%\">\n<p style=\"text-align: center;\"><strong>Sobota <\/strong><strong>\/14.05.\/<\/strong><\/p>\n<p style=\"text-align: center;\">sv. Mateja, apo\u0161tola<em><br \/>\nsviatok<\/em><\/p>\n<\/td>\n<td width=\"33%\"><strong>18.00 Str\u00e1\u017eske \u2013 s&nbsp;plat. Nedele<br \/>\n<\/strong>+ J\u00e1n Me\u0148ov\u010d\u00edk<\/td>\n<td width=\"33%\"><strong>17.00 Brekov \u2013 s&nbsp;plat. Nedele<br \/>\n<\/strong>+ Anton, M\u00e1ria, Michal Jacina &nbsp;<\/td>\n<\/tr>\n<tr>\n<td width=\"28%\">\n<p style=\"text-align: center;\"><strong>Nede\u013ea \/15.05.\/<\/strong><\/p>\n<p style=\"text-align: center;\"><strong>5. ve\u013ekono\u010dn\u00e1 nede\u013ea<\/strong><\/p>\n<\/td>\n<td width=\"33%\"><strong>09.00 Str\u00e1\u017eske<br \/>\n<\/strong>ZBP pre Martinu Anakwe s&nbsp;rod.<\/p>\n<p><strong>10.30 Krivo\u0161\u0165any \u2013 odpust. sl\u00e1v.<br \/>\n<\/strong>Za veriacich celej farnosti&nbsp; &nbsp;&nbsp;&nbsp;&nbsp;<\/td>\n<td width=\"33%\"><strong>08.00 Brekov<br \/>\n<\/strong>ZBP pre Irenu Barla\u0161ov\u00fa s&nbsp;rod.<\/p>\n<p><strong>09.15 Pust\u00e9 \u010cemern\u00e9<\/strong><\/td>\n<\/tr>\n<\/tbody>\n<\/table>\n<ul>\n<li><strong><a href=\"http:\/\/www.katolickenoviny.sk\" target=\"_blank\" rel=\"noopener\">KN<\/a> \u010d. 18<\/strong> \u2013 Pomoc st\u00e1le potrebuj\u00fa, lebo mnoh\u00ed stratili v\u0161etko. \u2013 P\u00e1pe\u017e Franti\u0161ek vlial p\u00fatnikom do s\u0155dc rados\u0165 a z\u00e1rove\u0148&nbsp;n\u00e1dej. \u2013 P\u00fatnikov dojalo otcovsk\u00e9 prijatie. \u2013 T\u00e1, ktor\u00e1 miluje bezpodmiene\u010dne. \u2013 By\u0165 mamou je t\u00fdm najkraj\u0161\u00edm poslan\u00edm. \u2013 Radostn\u00e1 staroba otv\u00e1ra bud\u00facnos\u0165. \u2013 D\u00f4le\u017eit\u00e9 je rozv\u00edja\u0165 ekonomiku mieru. \u2013 Rodn\u00fd dom p\u00e1pe\u017ea J\u00e1na Pavla I. \u2013 Susedn\u00e9 \u010cesko m\u00e1 nov\u00e9ho nuncia. \u2013 Na sv\u00e4t\u00fa om\u0161u detskou \u017eeleznicou. \u2013 M\u00e1riino bo\u017esk\u00e9 materstvo je z\u00e1\u0161titou. \u2013 Kto ve\u013ea dostal, mus\u00ed tie\u017e ve\u013ea d\u00e1va\u0165. \u2013 Pr\u00edprava a&nbsp;z\u00e1rove\u0148 pamiatka na Eucharistick\u00fd de\u0148. \u2013 Dve zlat\u00e9 pre Slov\u00e1kov. \u2013 Vyletie\u0165 z&nbsp;hniezda nie je tak\u00e9 jednoduch\u00e9. \u2013 M\u00e1ria ako oby\u010dajn\u00e1, chudobn\u00e1 matka. \u2013 P\u00e1n Boh n\u00e1s miluje pozdvihn\u00fa\u0165 zo zeme. \u2013 Nemaj\u00fa chlieb, ale p\u00fdtali si ru\u017eence.<\/li>\n<li><strong><u>V&nbsp;utorok 10.05.2022 o&nbsp;09.00 budeme ma\u0165 op\u00e4\u0165 dekan\u00e1tne k\u0148azsk\u00e9 rekolekcie vo Vysokej nad Uhom.<\/u><\/strong><\/li>\n<li><strong><u>Nasleduj\u00facu 5. ve\u013ekono\u010dn\u00fa nede\u013eu 15.05.2022 o&nbsp;10.30<\/u><\/strong> rovnako v\u0161etk\u00fdch srde\u010dne poz\u00fdvame na odpustov\u00fa sl\u00e1vnos\u0165 sv. J\u00e1na Nepomuck\u00e9ho na najmen\u0161iu fili\u00e1lku do Krivo\u0161\u0165an, ktorej hlavn\u00fdm celebrantom a&nbsp;z\u00e1rove\u0148 sl\u00e1vnostn\u00fdm kazate\u013eom bude m\u00f4j cten\u00fd spolu\u017eiak Daniel Bole\u0161, s\u00fa\u010dasn\u00fd far\u00e1r v&nbsp;susednom Starom.<\/li>\n<li><strong><u>Po\u010das cel\u00e9ho ve\u013ekono\u010dn\u00e9ho obdobia sa namiesto modlitby<\/u><\/strong> \u201eAnjel P\u00e1na\u201c, modl\u00edme \u201eRaduj sa, nebies Kr\u00e1\u013eovn\u00e1\u201c <strong><u>a&nbsp;po\u010das mari\u00e1nskeho mesiaca m\u00e1ja sa pred sv\u00e4tou om\u0161ou budeme modlieva\u0165 lit\u00e1nie loret\u00e1nske.<\/u><\/strong><\/li>\n<\/ul>\n","protected":false},"excerpt":{"rendered":"<p>Pondelok \/09.05.\/ f\u00e9ria 18.00 Str\u00e1\u017eske \u2013 v\u00fdro\u010dn\u00e1 + Pavel Ma\u0165a\u0161 17.00 Brekov \u2013 detsk\u00e1 + z&nbsp;rodiny Jacinovej Utorok \/10.05.\/ f\u00e9ria 09.00 Vysok\u00e1 n\/U \u2013 k\u0148az. Rekolekcie 18.00 Str\u00e1\u017eske + Jozef\u00edna Cvejku\u0161ov\u00e1 17.00 Pust\u00e9 \u010cemern\u00e9 Streda \/11.05.\/ f\u00e9ria 18.00 Str\u00e1\u017eske \u2013 detsk\u00e1 + Anna \u010cegi\u0148ov\u00e1 17.00 Brekov \u2013 v\u00fdro\u010dn\u00e1 + Mari\u00e1n Goro\u013e \u0160tvrtok \/12.05.\/ f\u00e9ria 18.00 [&hellip;]<\/p>\n","protected":false},"author":1,"featured_media":0,"comment_status":"closed","ping_status":"closed","sticky":false,"template":"","format":"standard","meta":{"ngg_post_thumbnail":0,"footnotes":""},"categories":[4],"tags":[],"class_list":["post-42516","post","type-post","status-publish","format-standard","hentry","category-farske-oznamy"],"views":939,"_links":{"self":[{"href":"https:\/\/www.farnost-strazske.sk\/index.php?rest_route=\/wp\/v2\/posts\/42516","targetHints":{"allow":["GET"]}}],"collection":[{"href":"https:\/\/www.farnost-strazske.sk\/index.php?rest_route=\/wp\/v2\/posts"}],"about":[{"href":"https:\/\/www.farnost-strazske.sk\/index.php?rest_route=\/wp\/v2\/types\/post"}],"author":[{"embeddable":true,"href":"https:\/\/www.farnost-strazske.sk\/index.php?rest_route=\/wp\/v2\/users\/1"}],"replies":[{"embeddable":true,"href":"https:\/\/www.farnost-strazske.sk\/index.php?rest_route=%2Fwp%2Fv2%2Fcomments&post=42516"}],"version-history":[{"count":1,"href":"https:\/\/www.farnost-strazske.sk\/index.php?rest_route=\/wp\/v2\/posts\/42516\/revisions"}],"predecessor-version":[{"id":42517,"href":"https:\/\/www.farnost-strazske.sk\/index.php?rest_route=\/wp\/v2\/posts\/42516\/revisions\/42517"}],"wp:attachment":[{"href":"https:\/\/www.farnost-strazske.sk\/index.php?rest_route=%2Fwp%2Fv2%2Fmedia&parent=42516"}],"wp:term":[{"taxonomy":"category","embeddable":true,"href":"https:\/\/www.farnost-strazske.sk\/index.php?rest_route=%2Fwp%2Fv2%2Fcategories&post=42516"},{"taxonomy":"post_tag","embeddable":true,"href":"https:\/\/www.farnost-strazske.sk\/index.php?rest_route=%2Fwp%2Fv2%2Ftags&post=42516"}],"curies":[{"name":"wp","href":"https:\/\/api.w.org\/{rel}","templated":true}]}}