{"id":42518,"date":"2022-05-08T12:19:49","date_gmt":"2022-05-08T10:19:49","guid":{"rendered":"https:\/\/www.farnost-strazske.sk\/?p=42518"},"modified":"2022-05-08T12:19:51","modified_gmt":"2022-05-08T10:19:51","slug":"dobry-pastier","status":"publish","type":"post","link":"https:\/\/www.farnost-strazske.sk\/?p=42518","title":{"rendered":"Dobr\u00fd pastier"},"content":{"rendered":"\n<p id=\"wnd_TextBlock_650249321_inner_0\" style=\"font-size:17px\">Ke\u010f sa farizeji op\u00fdtaj\u00fa Je\u017ei\u0161a priamo, \u010di je naozaj Bo\u017e\u00ed Syn, odpoved\u00e1 im podobenstvom o ovciach, v ktorom t\u00ed, ktor\u00ed po\u010d\u00favaj\u00fa jeho hlas a id\u00fa za n\u00edm, rozumej\u00fa, k\u00fdm Je\u017ei\u0161 naozaj je. A ke\u010f\u017ee farizeji vytu\u0161ia, \u017ee oni do tejto skupiny nepatria, chystaj\u00fa sa zodvihn\u00fa\u0165 skaly a kame\u0148ova\u0165 ho.<\/p>\n\n\n\n<p id=\"wnd_TextBlock_650249321_inner_1\" style=\"font-size:17px\">&#8222;Moje ovce po\u010d\u00favaj\u00fa m\u00f4j hlas, ja ich pozn\u00e1m a ony id\u00fa za mnou!&#8220;<\/p>\n\n\n\n<p id=\"wnd_TextBlock_650249321_inner_2\" style=\"font-size:17px\">Po\u010d\u00favaj\u00fa a nasleduj\u00fa!<\/p>\n\n\n\n<p id=\"wnd_TextBlock_650249321_inner_3\" style=\"font-size:17px\">Pri inej pr\u00edle\u017eitosti Je\u017ei\u0161 rozpr\u00e1va podobenstvo o rozsieva\u010dovi. Podobenstvo o hlase, ktor\u00fd po\u010duj\u00fa v\u0161etci, ale len niektor\u00ed robia to, \u010do ten hlas hovor\u00ed. A len t\u00ed niektor\u00ed tak prin\u00e1\u0161aj\u00fa skuto\u010dn\u00fa \u00farodu. Naozaj len niektor\u00ed.<\/p>\n\n\n\n<p id=\"wnd_TextBlock_650249321_inner_4\" style=\"font-size:17px\">Je\u017ei\u0161a pozn\u00e1 takmer ka\u017ed\u00fd. A mnoh\u00ed aj po\u010duli jeho hlas, pr\u00edbehy o \u0148om, skutky, ktor\u00e9 konal, slov\u00e1, ktor\u00e9 povedal, pris\u013e\u00fabenia, ktor\u00e9 zanechal.<\/p>\n\n\n\n<p id=\"wnd_TextBlock_650249321_inner_5\" style=\"font-size:17px\">A predsa&#8230; id\u00fa za n\u00edm?<\/p>\n\n\n\n<p id=\"wnd_TextBlock_650249321_inner_6\" style=\"font-size:17px\">Po\u010du\u0165 nesta\u010d\u00ed. Vedie\u0165 nesta\u010d\u00ed.<\/p>\n\n\n\n<p id=\"wnd_TextBlock_650249321_inner_7\" style=\"font-size:17px\">Ak nevykro\u010d\u00edm cestou, ktorou kr\u00e1\u010da on, ni\u010d z toho nesta\u010d\u00ed. Do neba sa toti\u017e nejde cestou katechizmu. Nik ma tam nebude sk\u00fa\u0161a\u0165, \u010do viem o Betleheme a \u010do o Kalv\u00e1rii. Do neba sa kr\u00e1\u010da s Je\u017ei\u0161om. Za n\u00edm. Nie vedomos\u0165ami, ale s odovzdan\u00fdm srdcom, ktor\u00e9 mu nik nevytrhne z ruky.<\/p>\n\n\n\n<div class=\"wp-block-image\"><figure class=\"aligncenter is-resized\"><img loading=\"lazy\" decoding=\"async\" src=\"https:\/\/d6scj24zvfbbo.cloudfront.net\/56958a3ff2fd5fdcdbd797b978b04dd5\/200000588-b3d63b3d66\/PIA.jpeg?ph=96e19d8f6d\" alt=\"\" width=\"500\" height=\"334\"\/><\/figure><\/div>\n\n\n\n<p id=\"wnd_TextBlock_650249321_inner_8\" style=\"font-size:17px\">V jednom podobenstve je Dobr\u00fd pastier dobr\u00fd, lebo h\u013ead\u00e1 straten\u00fa ove\u010dku. V inom je zasa dobr\u00fd, lebo n\u00e1m d\u00e1va slov\u00e1, ktor\u00e9 m\u00e1me po\u010d\u00fava\u0165 a nasledova\u0165, aby sme kr\u00e1\u010dali spr\u00e1vnymi cestami.<\/p>\n\n\n\n<p id=\"wnd_TextBlock_650249321_inner_9\" style=\"font-size:17px\">Tak \u010di onak, jedno i druh\u00e9 potrebujeme ako so\u013e.<\/p>\n\n\n\n<p id=\"wnd_TextBlock_650249321_inner_10\" style=\"font-size:17px\">Lebo po\u010d\u00fava\u0165 a nasledova\u0165 pastiera e\u0161te neznamen\u00e1, \u017ee si jeho slov\u00e1 nevysvetl\u00edm po svojom alebo neprisp\u00f4sob\u00edm pod\u013ea seba. Je\u017ei\u0161 mi v\u0161ak d\u00e1va uistenie, \u017ee ak na ceste po\u010d\u00favania a nasledovania zabl\u00fadim, nenech\u00e1 ma vlkom, ale vyd\u00e1 sa ma h\u013eada\u0165, aby ma priviedol nasp\u00e4\u0165 domov.<\/p>\n\n\n\n<p style=\"font-size:17px\"><em>Autor:&nbsp;<\/em><a rel=\"noreferrer noopener\" href=\"https:\/\/www.vladkostefanic.com\/\" target=\"_blank\"><em>Vladim\u00edr \u0160tefani\u010d<\/em><\/a><\/p>\n","protected":false},"excerpt":{"rendered":"<p>Ke\u010f sa farizeji op\u00fdtaj\u00fa Je\u017ei\u0161a priamo, \u010di je naozaj Bo\u017e\u00ed Syn, odpoved\u00e1 im podobenstvom o ovciach, v ktorom t\u00ed, ktor\u00ed po\u010d\u00favaj\u00fa jeho hlas a id\u00fa za n\u00edm, rozumej\u00fa, k\u00fdm Je\u017ei\u0161 naozaj je. A ke\u010f\u017ee farizeji vytu\u0161ia, \u017ee oni do tejto skupiny nepatria, chystaj\u00fa sa zodvihn\u00fa\u0165 skaly a kame\u0148ova\u0165 ho. &#8222;Moje ovce po\u010d\u00favaj\u00fa m\u00f4j hlas, ja [&hellip;]<\/p>\n","protected":false},"author":1,"featured_media":0,"comment_status":"closed","ping_status":"closed","sticky":false,"template":"","format":"standard","meta":{"ngg_post_thumbnail":0,"footnotes":""},"categories":[22],"tags":[],"class_list":["post-42518","post","type-post","status-publish","format-standard","hentry","category-zamyslenia"],"views":155,"_links":{"self":[{"href":"https:\/\/www.farnost-strazske.sk\/index.php?rest_route=\/wp\/v2\/posts\/42518","targetHints":{"allow":["GET"]}}],"collection":[{"href":"https:\/\/www.farnost-strazske.sk\/index.php?rest_route=\/wp\/v2\/posts"}],"about":[{"href":"https:\/\/www.farnost-strazske.sk\/index.php?rest_route=\/wp\/v2\/types\/post"}],"author":[{"embeddable":true,"href":"https:\/\/www.farnost-strazske.sk\/index.php?rest_route=\/wp\/v2\/users\/1"}],"replies":[{"embeddable":true,"href":"https:\/\/www.farnost-strazske.sk\/index.php?rest_route=%2Fwp%2Fv2%2Fcomments&post=42518"}],"version-history":[{"count":1,"href":"https:\/\/www.farnost-strazske.sk\/index.php?rest_route=\/wp\/v2\/posts\/42518\/revisions"}],"predecessor-version":[{"id":42519,"href":"https:\/\/www.farnost-strazske.sk\/index.php?rest_route=\/wp\/v2\/posts\/42518\/revisions\/42519"}],"wp:attachment":[{"href":"https:\/\/www.farnost-strazske.sk\/index.php?rest_route=%2Fwp%2Fv2%2Fmedia&parent=42518"}],"wp:term":[{"taxonomy":"category","embeddable":true,"href":"https:\/\/www.farnost-strazske.sk\/index.php?rest_route=%2Fwp%2Fv2%2Fcategories&post=42518"},{"taxonomy":"post_tag","embeddable":true,"href":"https:\/\/www.farnost-strazske.sk\/index.php?rest_route=%2Fwp%2Fv2%2Ftags&post=42518"}],"curies":[{"name":"wp","href":"https:\/\/api.w.org\/{rel}","templated":true}]}}