{"id":42520,"date":"2022-05-15T22:42:11","date_gmt":"2022-05-15T20:42:11","guid":{"rendered":"https:\/\/www.farnost-strazske.sk\/?p=42520"},"modified":"2022-05-15T22:47:11","modified_gmt":"2022-05-15T20:47:11","slug":"liturgicky-prehlad-a-oznamy-16-5-22-5-2022","status":"publish","type":"post","link":"https:\/\/www.farnost-strazske.sk\/?p=42520","title":{"rendered":"Liturgick\u00fd preh\u013ead a\u00a0oznamy 16.5. \u2013 22.5. 2022"},"content":{"rendered":"<table width=\"97%\">\n<tbody>\n<tr>\n<td width=\"28%\">\n<p style=\"text-align: center;\"><strong>Pondelok \/16.05.\/<\/strong><\/p>\n<p style=\"text-align: center;\">sv. J\u00e1na Nepomuck\u00e9ho, k\u0148aza a&nbsp;mu\u010den\u00edka<em><br \/>\nspomienka<\/em><\/p>\n<\/td>\n<td width=\"33%\"><strong>18.00 Str\u00e1\u017eske \u2013 detsk\u00e1 \u2013 n\u00e1cvik<br \/>\n<\/strong>+ z&nbsp;rodiny Horv\u00e1thovej<\/td>\n<td width=\"33%\"><strong>17.00 Krivo\u0161\u0165any \u2013 Ipsa die<\/strong><\/td>\n<\/tr>\n<tr>\n<td width=\"28%\">\n<p style=\"text-align: center;\"><strong>Utorok \/17.05.\/<\/strong><\/p>\n<p style=\"text-align: center;\"><em>f\u00e9ria<\/em><\/p>\n<\/td>\n<td width=\"33%\"><strong>18.00 Str\u00e1\u017eske \u2013 v\u00fdro\u010dn\u00e1<br \/>\n<\/strong>+ Andrej Cehula<\/td>\n<td width=\"33%\"><strong>17.00 Brekov<br \/>\n<\/strong>+ \u013dudmila \u0160tofejov\u00e1<\/td>\n<\/tr>\n<tr>\n<td width=\"28%\">\n<p style=\"text-align: center;\"><strong>Streda \/18.05.\/<\/strong><\/p>\n<p style=\"text-align: center;\"><em>f\u00e9ria<\/em><\/p>\n<\/td>\n<td width=\"33%\"><span style=\"text-decoration: underline;\"><em>16.30 sviatos\u0165 zmierenia \u2013 pr\u00edbuzn\u00ed<\/em><\/span>&nbsp;<\/p>\n<p><strong>18.00 Str\u00e1\u017eske \u2013 detsk\u00e1 \u2013 n\u00e1cvik<br \/>\n<\/strong>ZBP pre Annu Dolhomutov\u00fa<\/td>\n<td width=\"33%\"><strong>18.00 Brekov \u2013 v\u00fdro\u010dn\u00e1<br \/>\n<\/strong>+ Eva Kirvejov\u00e1<\/td>\n<\/tr>\n<tr>\n<td width=\"28%\">\n<p style=\"text-align: center;\"><strong>\u0160tvrtok <\/strong><strong>\/19.05.\/<\/strong><\/p>\n<p style=\"text-align: center;\"><em>f\u00e9ria<\/em><\/p>\n<\/td>\n<td width=\"33%\"><strong>07.00 Str\u00e1\u017eske<br \/>\n<\/strong>+ Anna Osifov\u00e1&nbsp;<\/p>\n<p><em><u>15.30 upratovanie farsk\u00e9ho kostola<\/u><\/em><\/td>\n<td width=\"33%\"><strong>17.00 Pust\u00e9 \u010cemern\u00e9<\/strong><\/td>\n<\/tr>\n<tr>\n<td width=\"28%\">\n<p style=\"text-align: center;\"><strong>Piatok <\/strong><strong>\/20.05.\/<\/strong><\/p>\n<p style=\"text-align: center;\">sv. Bernard\u00edna Siensk\u00e9ho, k\u0148aza<em><br \/>\nspomienka<\/em><\/p>\n<\/td>\n<td width=\"33%\"><em><u>16.00 Ador\u00e1cia s&nbsp;ve\u010deradlom<\/u><\/em>&nbsp;<\/p>\n<p><strong>18.00 Str\u00e1\u017eske<br \/>\n<\/strong>+ Jozef, Anna, Ladislav Lipovsk\u00fd<\/td>\n<td width=\"33%\"><strong>17.00 Brekov<br \/>\n<\/strong>+ Margita \u0160imkaninov\u00e1<\/td>\n<\/tr>\n<tr>\n<td width=\"28%\">\n<p style=\"text-align: center;\"><strong>Sobota <\/strong><strong>\/21.05.\/<\/strong><\/p>\n<p style=\"text-align: center;\"><em>f\u00e9ria<\/em><\/p>\n<\/td>\n<td width=\"33%\"><em><u>09.00 Prv\u00e1 sv\u00e4t\u00e1 spove\u010f det\u00ed, krsty, kaj\u00faca pobo\u017enos\u0165 a&nbsp;gener\u00e1lka n\u00e1cvik<\/u><\/em>&nbsp;<\/p>\n<p><strong>18.00 Str\u00e1\u017eske \u2013 s&nbsp;plat. Nedele<br \/>\n<\/strong>+ J\u00e1n \u0160renkel<\/td>\n<td width=\"33%\"><em><u>16.15 Ador\u00e1cia s&nbsp;ve\u010deradlom<\/u><\/em>&nbsp;<\/p>\n<p><strong>17.00 Brekov \u2013 s&nbsp;plat. Nedele<br \/>\n<\/strong>+ Margita Maderi\u010dov\u00e1 &nbsp;<\/td>\n<\/tr>\n<tr>\n<td width=\"28%\">\n<p style=\"text-align: center;\"><strong>Nede\u013ea \/22.05.\/<\/strong><\/p>\n<p style=\"text-align: center;\"><strong>6. ve\u013ekono\u010dn\u00e1 nede\u013ea<\/strong><\/p>\n<\/td>\n<td width=\"33%\"><strong>08.00 Str\u00e1\u017eske<br \/>\n<\/strong>ZBP pre kur\u00e1tora J\u00e1na Mis\u00e1ra&nbsp;<\/p>\n<p><strong>10.30 Str\u00e1\u017eske \u2013 1 sv. prij\u00edmanie<br \/>\n<\/strong>Za rodiny prvoprij\u00edmaj\u00facich det\u00ed&nbsp; &nbsp;&nbsp;&nbsp;&nbsp;<\/td>\n<td width=\"33%\"><strong>08.00 Brekov<br \/>\n<\/strong>ZBP pre rodinu Dran\u010d\u00e1kov\u00fa&nbsp;<\/p>\n<p><strong>09.15 Pust\u00e9 \u010cemern\u00e9<\/strong><\/p>\n<p><strong>09.15 Krivo\u0161\u0165any<\/strong><\/td>\n<\/tr>\n<\/tbody>\n<\/table>\n<ul>\n<li><strong><a href=\"http:\/\/www.katolickenoviny.sk\" target=\"_blank\" rel=\"noopener\">KN<\/a> \u010d. 19<\/strong> \u2013 Pr\u00edroda je Bo\u017e\u00edm darom. \u2013 Bu\u010f pochv\u00e1len\u00fd, Pane, za sestru Zem. \u2013 Nov\u00fd kostol na najmlad\u0161om ko\u0161ickom s\u00eddlisku \u0164ahanovce. \u2013 Klimatick\u00e1 \u00fazkos\u0165 nie je cestou. \u2013 \u0160kola so zelen\u00fdm srdcom. \u2013 Re\u0161pektujme miesto, na ktorom \u017eijeme. \u2013 Odmietajme n\u00e1bo\u017eensk\u00fa pretv\u00e1rku. \u2013 Nov\u00fd administr\u00e1tor Pre\u0161ovskej archieparchie, vladyka Peter Rusn\u00e1k. \u2013 P\u00e1pe\u017e Franti\u0161ek po\u010fakoval \u0160vaj\u010diarskej garde. \u2013 Susedn\u00e9 Ma\u010farsko m\u00e1 nov\u00e9ho nuncia. \u2013 Kres\u0165an a&nbsp;klimatick\u00e1 zmena. \u2013 Vekom star\u00e9, ale duchom mlad\u00e9. \u2013 Dechtick\u00e1 Katar\u00ednka op\u00e4\u0165 raz o\u017eila p\u00fatnikmi. \u2013 \u010coraz viac ekoaktiv\u00edt medzi mlad\u00fdmi. \u2013 Pr\u00edrodn\u00e9 dedi\u010dstvo zachovaj n\u00e1m, Pane.<\/li>\n<li><strong><u>V&nbsp;stredu 18.05.2022 od 16.30<\/u><\/strong> mil\u00ed rodi\u010dia a&nbsp;pr\u00edbuzn\u00ed vyu\u017eite mo\u017enos\u0165 prijatia sviatosti zmierenia pred nede\u013enou sl\u00e1vnos\u0165ou prv\u00e9ho sv\u00e4t\u00e9ho prij\u00edmania det\u00ed <strong><u>a&nbsp;n\u00e1sledne vo \u0161tvrtok 19.05.2022 od 15.30<\/u><\/strong> pr\u00edprava interi\u00e9ru a exteri\u00e9ru, teda cel\u00e9ho okolia farsk\u00e9ho kostola na samotn\u00fa nede\u013en\u00fa sl\u00e1vnos\u0165 1. sv\u00e4t\u00e9ho prij\u00edmania.<\/li>\n<li><strong><u>Po\u010das cel\u00e9ho ve\u013ekono\u010dn\u00e9ho obdobia sa namiesto modlitby<\/u><\/strong> \u201eAnjel P\u00e1na\u201c, modl\u00edme \u201eRaduj sa, nebies Kr\u00e1\u013eovn\u00e1\u201c <strong><u>a&nbsp;po\u010das mari\u00e1nskeho mesiaca m\u00e1ja sa pred sv\u00e4tou om\u0161ou budeme modlieva\u0165 lit\u00e1nie loret\u00e1nske.<\/u><\/strong><\/li>\n<\/ul>\n","protected":false},"excerpt":{"rendered":"<p>Pondelok \/16.05.\/ sv. J\u00e1na Nepomuck\u00e9ho, k\u0148aza a&nbsp;mu\u010den\u00edka spomienka 18.00 Str\u00e1\u017eske \u2013 detsk\u00e1 \u2013 n\u00e1cvik + z&nbsp;rodiny Horv\u00e1thovej 17.00 Krivo\u0161\u0165any \u2013 Ipsa die Utorok \/17.05.\/ f\u00e9ria 18.00 Str\u00e1\u017eske \u2013 v\u00fdro\u010dn\u00e1 + Andrej Cehula 17.00 Brekov + \u013dudmila \u0160tofejov\u00e1 Streda \/18.05.\/ f\u00e9ria 16.30 sviatos\u0165 zmierenia \u2013 pr\u00edbuzn\u00ed&nbsp; 18.00 Str\u00e1\u017eske \u2013 detsk\u00e1 \u2013 n\u00e1cvik ZBP pre Annu Dolhomutov\u00fa [&hellip;]<\/p>\n","protected":false},"author":1,"featured_media":0,"comment_status":"closed","ping_status":"closed","sticky":false,"template":"","format":"standard","meta":{"ngg_post_thumbnail":0,"footnotes":""},"categories":[4],"tags":[],"class_list":["post-42520","post","type-post","status-publish","format-standard","hentry","category-farske-oznamy"],"views":928,"_links":{"self":[{"href":"https:\/\/www.farnost-strazske.sk\/index.php?rest_route=\/wp\/v2\/posts\/42520","targetHints":{"allow":["GET"]}}],"collection":[{"href":"https:\/\/www.farnost-strazske.sk\/index.php?rest_route=\/wp\/v2\/posts"}],"about":[{"href":"https:\/\/www.farnost-strazske.sk\/index.php?rest_route=\/wp\/v2\/types\/post"}],"author":[{"embeddable":true,"href":"https:\/\/www.farnost-strazske.sk\/index.php?rest_route=\/wp\/v2\/users\/1"}],"replies":[{"embeddable":true,"href":"https:\/\/www.farnost-strazske.sk\/index.php?rest_route=%2Fwp%2Fv2%2Fcomments&post=42520"}],"version-history":[{"count":3,"href":"https:\/\/www.farnost-strazske.sk\/index.php?rest_route=\/wp\/v2\/posts\/42520\/revisions"}],"predecessor-version":[{"id":42525,"href":"https:\/\/www.farnost-strazske.sk\/index.php?rest_route=\/wp\/v2\/posts\/42520\/revisions\/42525"}],"wp:attachment":[{"href":"https:\/\/www.farnost-strazske.sk\/index.php?rest_route=%2Fwp%2Fv2%2Fmedia&parent=42520"}],"wp:term":[{"taxonomy":"category","embeddable":true,"href":"https:\/\/www.farnost-strazske.sk\/index.php?rest_route=%2Fwp%2Fv2%2Fcategories&post=42520"},{"taxonomy":"post_tag","embeddable":true,"href":"https:\/\/www.farnost-strazske.sk\/index.php?rest_route=%2Fwp%2Fv2%2Ftags&post=42520"}],"curies":[{"name":"wp","href":"https:\/\/api.w.org\/{rel}","templated":true}]}}