{"id":42523,"date":"2022-05-15T22:46:00","date_gmt":"2022-05-15T20:46:00","guid":{"rendered":"https:\/\/www.farnost-strazske.sk\/?p=42523"},"modified":"2022-05-15T22:46:02","modified_gmt":"2022-05-15T20:46:02","slug":"milovat-ako-boh-nie-je-normalne","status":"publish","type":"post","link":"https:\/\/www.farnost-strazske.sk\/?p=42523","title":{"rendered":"Milova\u0165 ako Boh nie je norm\u00e1lne"},"content":{"rendered":"\n<p id=\"wnd_TextBlock_461428503_inner_0\" style=\"font-size:17px\">Je\u017ei\u0161 hovor\u00ed: &#8222;Pod\u013ea toho spoznaj\u00fa v\u0161etci, \u017ee ste moji u\u010den\u00edci, ak sa budete navz\u00e1jom milova\u0165.&#8220; Znie to tak, ako keby nebolo prirodzen\u00e9, aby sa \u013eudia navz\u00e1jom milovali. Ako keby sa Je\u017ei\u0161 po tridsiatich rokoch \u017eivota medzi \u013eu\u010fmi rozhliadol okolo seba, smutne pok\u00fdval hlavou a povedal: &#8222;Nie, \u013eudia, jeden druh\u00e9ho, naozaj v l\u00e1ske nemaj\u00fa!&#8220;<\/p>\n\n\n\n<p id=\"wnd_TextBlock_461428503_inner_1\" style=\"font-size:17px\">Viem, \u017ee existuje p\u00fdcha, egoizmus a mnoh\u00e9 in\u00e9 neduhy, ktor\u00fdmi \u010dlovek nastavuje chrb\u00e1t in\u00e9mu \u010dloveku. \u0160irok\u00e9 lakte a ohov\u00e1rania, ktor\u00e9 poni\u017euj\u00fa \u010dloveka a\u017e do prachu, len aby jeden zv\u00ed\u0165azil, len aby jeden vynikol. Medzi \u013eu\u010fmi s\u00fa v\u00ed\u0165azi a porazen\u00ed, tak to predsa bolo odjak\u017eiva, u\u017e od Kaina a \u00c1bela. Nie l\u00e1ska, ale s\u00fa\u0165a\u017eivos\u0165, nadradenos\u0165 a cti\u017eiadostivos\u0165, ktor\u00e9 nech\u00e1vaj\u00fa vynikn\u00fa\u0165 jednotlivca. Nie jednota, po ktorej tak Je\u017ei\u0161 volal, ale rozdelenie.<\/p>\n\n\n\n<div class=\"wp-block-image\"><figure class=\"aligncenter is-resized\"><img loading=\"lazy\" decoding=\"async\" src=\"https:\/\/d6scj24zvfbbo.cloudfront.net\/56958a3ff2fd5fdcdbd797b978b04dd5\/200000277-2c5f92d586\/_DSC4949-7.jpg?ph=96e19d8f6d\" alt=\"\" width=\"500\" height=\"332\"\/><\/figure><\/div>\n\n\n\n<p id=\"wnd_TextBlock_461428503_inner_2\" style=\"font-size:17px\">\u013dudia s\u00fa odjak\u017eiva zl\u00e9 pokolenie. Ve\u010f takto n\u00e1s nazval aj s\u00e1m Je\u017ei\u0161. Ne\u010dudo, ke\u010f n\u00e1s vid\u00ed bez v\u0161etk\u00fdch t\u00fdch masiek a p\u00f3z, ktor\u00fdmi sa chr\u00e1nime alebo iba skr\u00fdvame pred \u013eu\u010fmi. Zl\u00e9 pokolenie. Bl\u00fadiace v egoizme, nasiaknut\u00e9 sebectvom ako jedom, zamilovan\u00e9 do seba.<\/p>\n\n\n\n<p id=\"wnd_TextBlock_461428503_inner_3\" style=\"font-size:17px\">Tak\u00ed sme. Najsk\u00f4r sa d\u00edvame na seba, potom na druh\u00fdch.<\/p>\n\n\n\n<p id=\"wnd_TextBlock_461428503_inner_4\" style=\"font-size:17px\">Aj preto si Je\u017ei\u0161 dovol\u00ed poveda\u0165: &#8222;Nov\u00e9 prik\u00e1zanie v\u00e1m d\u00e1vam, aby ste sa milovali, ako som ja miloval v\u00e1s!&#8220;<\/p>\n\n\n\n<p id=\"wnd_TextBlock_461428503_inner_5\" style=\"font-size:17px\">Lebo l\u00e1ska nie je samozrejmos\u0165. Lebo to nie je pre \u010dloveka norm\u00e1lne.<\/p>\n\n\n\n<p id=\"wnd_TextBlock_461428503_inner_6\" style=\"font-size:17px\">Milova\u0165 ako Boh nie je norm\u00e1lne.<\/p>\n\n\n\n<p id=\"wnd_TextBlock_461428503_inner_7\" style=\"font-size:17px\">Pozri sa na kr\u00ed\u017e a rozumej, \u010do je skuto\u010dn\u00e1 l\u00e1ska. \u010co znamen\u00e1 milova\u0165 ako Boh. \u010co znamen\u00e1 zabudn\u00fa\u0165 na seba, len aby sa t\u00ed druh\u00ed mali lep\u0161ie. Rozumej, \u010do je skuto\u010dn\u00e1 prehra a \u010do skuto\u010dn\u00e9 v\u00ed\u0165azstvo. \u017de nebo sa in\u00e1\u010d d\u00edva na to, z \u010doho sme my urobili s\u00fa\u0165a\u017e.<\/p>\n\n\n\n<p id=\"wnd_TextBlock_461428503_inner_8\" style=\"font-size:17px\">\u010clovek predsa nie je rebr\u00edk, po ktorom sa ide k v\u00fd\u0161in\u00e1m. Aspo\u0148 nie pre Je\u017ei\u0161a. Boh s\u00e1m zo seba urobil rebr\u00edk. S\u00e1m seba pon\u00ed\u017eil, aby bol \u010dlovek vyv\u00fd\u0161en\u00fd a\u017e do neba.<\/p>\n\n\n\n<p id=\"wnd_TextBlock_461428503_inner_9\" style=\"font-size:17px\">Takto miluje Boh. A takto m\u00e1 milova\u0165 jeho skuto\u010dn\u00fd u\u010den\u00edk.<\/p>\n\n\n\n<p id=\"wnd_TextBlock_461428503_inner_10\" style=\"font-size:17px\">Nie, ja takto \u010dloveka nemilujem. P\u00ed\u0161em to, aby si niekto nenam\u00fd\u0161\u013eal, \u017ee u\u017e takto miluje, alebo sa ne\u013eutoval, \u017ee takto \u010dloveka milova\u0165 nedok\u00e1\u017ee.<\/p>\n\n\n\n<p id=\"wnd_TextBlock_461428503_inner_11\" style=\"font-size:17px\">Nie, takto naozaj \u010dloveka nemiluje takmer nik.<\/p>\n\n\n\n<p id=\"wnd_TextBlock_461428503_inner_12\" style=\"font-size:17px\">To v\u0161ak neznamen\u00e1, \u017ee sa o to nebudem sna\u017ei\u0165.<\/p>\n\n\n\n<p id=\"wnd_TextBlock_461428503_inner_13\" style=\"font-size:17px\">Viem prizna\u0165, kedy som myslel viac na seba, ne\u017e na \u010dloveka po mojom boku. A tie\u017e viem nanovo, u\u017e po stotis\u00edci kr\u00e1t, vyslovi\u0165 t\u00fa\u017ebu, aby som sa pri najbli\u017e\u0161ej pr\u00edle\u017eitosti zachoval ako skuto\u010dn\u00fd u\u010den\u00edk.<\/p>\n\n\n\n<p style=\"font-size:17px\"><em>Autor:&nbsp;<\/em><a rel=\"noreferrer noopener\" href=\"https:\/\/www.vladkostefanic.com\/\" target=\"_blank\"><em>Vladim\u00edr \u0160tefani\u010d<\/em><\/a><\/p>\n","protected":false},"excerpt":{"rendered":"<p>Je\u017ei\u0161 hovor\u00ed: &#8222;Pod\u013ea toho spoznaj\u00fa v\u0161etci, \u017ee ste moji u\u010den\u00edci, ak sa budete navz\u00e1jom milova\u0165.&#8220; Znie to tak, ako keby nebolo prirodzen\u00e9, aby sa \u013eudia navz\u00e1jom milovali. Ako keby sa Je\u017ei\u0161 po tridsiatich rokoch \u017eivota medzi \u013eu\u010fmi rozhliadol okolo seba, smutne pok\u00fdval hlavou a povedal: &#8222;Nie, \u013eudia, jeden druh\u00e9ho, naozaj v l\u00e1ske nemaj\u00fa!&#8220; Viem, \u017ee [&hellip;]<\/p>\n","protected":false},"author":1,"featured_media":0,"comment_status":"closed","ping_status":"closed","sticky":false,"template":"","format":"standard","meta":{"ngg_post_thumbnail":0,"footnotes":""},"categories":[22],"tags":[],"class_list":["post-42523","post","type-post","status-publish","format-standard","hentry","category-zamyslenia"],"views":177,"_links":{"self":[{"href":"https:\/\/www.farnost-strazske.sk\/index.php?rest_route=\/wp\/v2\/posts\/42523","targetHints":{"allow":["GET"]}}],"collection":[{"href":"https:\/\/www.farnost-strazske.sk\/index.php?rest_route=\/wp\/v2\/posts"}],"about":[{"href":"https:\/\/www.farnost-strazske.sk\/index.php?rest_route=\/wp\/v2\/types\/post"}],"author":[{"embeddable":true,"href":"https:\/\/www.farnost-strazske.sk\/index.php?rest_route=\/wp\/v2\/users\/1"}],"replies":[{"embeddable":true,"href":"https:\/\/www.farnost-strazske.sk\/index.php?rest_route=%2Fwp%2Fv2%2Fcomments&post=42523"}],"version-history":[{"count":1,"href":"https:\/\/www.farnost-strazske.sk\/index.php?rest_route=\/wp\/v2\/posts\/42523\/revisions"}],"predecessor-version":[{"id":42524,"href":"https:\/\/www.farnost-strazske.sk\/index.php?rest_route=\/wp\/v2\/posts\/42523\/revisions\/42524"}],"wp:attachment":[{"href":"https:\/\/www.farnost-strazske.sk\/index.php?rest_route=%2Fwp%2Fv2%2Fmedia&parent=42523"}],"wp:term":[{"taxonomy":"category","embeddable":true,"href":"https:\/\/www.farnost-strazske.sk\/index.php?rest_route=%2Fwp%2Fv2%2Fcategories&post=42523"},{"taxonomy":"post_tag","embeddable":true,"href":"https:\/\/www.farnost-strazske.sk\/index.php?rest_route=%2Fwp%2Fv2%2Ftags&post=42523"}],"curies":[{"name":"wp","href":"https:\/\/api.w.org\/{rel}","templated":true}]}}