{"id":42527,"date":"2022-05-22T15:29:45","date_gmt":"2022-05-22T13:29:45","guid":{"rendered":"https:\/\/www.farnost-strazske.sk\/?p=42527"},"modified":"2022-05-22T15:29:46","modified_gmt":"2022-05-22T13:29:46","slug":"liturgicky-prehlad-a-oznamy-23-5-29-5-2022","status":"publish","type":"post","link":"https:\/\/www.farnost-strazske.sk\/?p=42527","title":{"rendered":"Liturgick\u00fd preh\u013ead a\u00a0oznamy 23.5.\u2013 29.5. 2022"},"content":{"rendered":"<table width=\"97%\">\n<tbody>\n<tr>\n<td width=\"28%\">\n<p style=\"text-align: center;\"><strong>Pondelok \/23.05.\/<\/strong><\/p>\n<p style=\"text-align: center;\"><em>f\u00e9ria<\/em><\/p>\n<\/td>\n<td width=\"33%\"><strong>18.00 Str\u00e1\u017eske<br \/>\n<\/strong>+ Pirox Olexej<\/td>\n<td width=\"33%\"><strong>17.00 Brekov<br \/>\n<\/strong>+ J\u00e1n Vajs<\/td>\n<\/tr>\n<tr>\n<td width=\"28%\">\n<p style=\"text-align: center;\"><strong>Utorok \/24.05.\/<\/strong><\/p>\n<p style=\"text-align: center;\"><em>f\u00e9ria<\/em><\/p>\n<\/td>\n<td width=\"33%\"><strong>07.00 Str\u00e1\u017eske<br \/>\n<\/strong>+ z&nbsp;rod\u00edn Tu\u0161aj a Kolibabovej<\/td>\n<td width=\"33%\"><strong>&nbsp;<\/strong><\/td>\n<\/tr>\n<tr>\n<td width=\"28%\">\n<p style=\"text-align: center;\"><strong>Streda \/25.05.\/<\/strong><\/p>\n<p style=\"text-align: center;\"><em>f\u00e9ria<\/em><\/p>\n<\/td>\n<td width=\"33%\"><strong>18.00 Str\u00e1\u017eske \u2013 detsk\u00e1 &#8211; s&nbsp;plat. Sviatku<br \/>\n<\/strong>+ z&nbsp;rod\u00edn Ba\u00e1n a Kolibabovej<\/td>\n<td width=\"33%\"><strong>17.00 Brekov \u2013 s&nbsp;plat. Sviatku<br \/>\n<\/strong>+ z&nbsp;rodiny Nemcovej \u010d. 55<\/td>\n<\/tr>\n<tr>\n<td width=\"28%\">\n<p style=\"text-align: center;\"><strong>\u0160tvrtok <\/strong><strong>\/26.05.\/<\/strong><\/p>\n<p style=\"text-align: center;\"><strong>Sl\u00e1vnos\u0165 Nanebovyst\u00fapenia P\u00e1na<br \/>\n<em>patroc\u00ednium farsk\u00e9ho kostola<\/em><\/strong><\/p>\n<\/td>\n<td width=\"33%\"><strong>17.00 Krivo\u0161\u0165any<\/strong><\/p>\n<p><strong>18.15 Str\u00e1\u017eske \u2013 Ipsa die<br \/>\n<\/strong>ZBP pre Pavla Me\u0148ov\u010d\u00edka<\/td>\n<td width=\"33%\"><strong>17.00 Pust\u00e9 \u010cemern\u00e9<\/strong><\/p>\n<p><strong>18.15 Brekov<br \/>\n<\/strong>ZBP pre \u013dudmilu Baranov\u00fa<\/td>\n<\/tr>\n<tr>\n<td width=\"28%\">\n<p style=\"text-align: center;\"><strong>Piatok <\/strong><strong>\/27.05.\/<\/strong><\/p>\n<p style=\"text-align: center;\">Duchovn\u00e1 obnova pred odpustom<\/p>\n<\/td>\n<td width=\"33%\"><em><u>16.00 Ador\u00e1cia s&nbsp;ve\u010deradlom<\/u><\/em><\/p>\n<p><strong>18.00 Str\u00e1\u017eske \u2013 duch. Obnova<br \/>\n<\/strong>+ \u0160tefan a&nbsp;Irena Klemb\u00e1r<\/td>\n<td width=\"33%\"><strong>17.00 Brekov<br \/>\n<\/strong>+ z&nbsp;rod\u00edn Ka\u0161\u0161aiovej a&nbsp;Pavl\u00edkovej<\/p>\n<p><em><u>18.00 prosebn\u00e1 sv\u00e4t\u00e1 liturgia \u2013 A. V.<\/u><\/em><\/td>\n<\/tr>\n<tr>\n<td width=\"28%\">\n<p style=\"text-align: center;\"><strong>Sobota <\/strong><strong>\/28.05.\/<\/strong><\/p>\n<p style=\"text-align: center;\">Duchovn\u00e1 obnova pred odpustom<\/p>\n<\/td>\n<td width=\"33%\"><em><u>16.00 Ador\u00e1cia s&nbsp;ve\u010deradlom<\/u><\/em><\/p>\n<p><strong>18.00 Str\u00e1\u017eske \u2013 duch. Obnova<br \/>\n<\/strong>+ Mari\u00e1n \u0160renkel<\/td>\n<td width=\"33%\"><strong>17.00 Brekov \u2013 s&nbsp;plat. Nedele<br \/>\n<\/strong>+ J\u00e1n Tu\u0161aj<\/p>\n<p><em><u>18.00 \u010fakovn\u00e1 sv\u00e4t\u00e1 liturgia \u2013 \u013d. J.<\/u><\/em><\/td>\n<\/tr>\n<tr>\n<td width=\"28%\">\n<p style=\"text-align: center;\"><strong>Nede\u013ea \/29.05.\/<\/strong><\/p>\n<p style=\"text-align: center;\"><strong>7. ve\u013ekono\u010dn\u00e1 nede\u013ea<\/strong><\/p>\n<\/td>\n<td width=\"33%\"><strong>09.00 Krivo\u0161\u0165any<\/strong><\/p>\n<p><strong>10.30 Str\u00e1\u017eske \u2013 odpustov\u00e1 sl\u00e1v.<br \/>\n<\/strong>ZBP pre Ingrid Mi\u0161kov\u00fa s&nbsp;rod.<br \/>\nZa veriacich celej farnosti&nbsp; &nbsp;&nbsp;&nbsp;&nbsp;<\/td>\n<td width=\"33%\"><strong>08.00 Brekov<br \/>\n<\/strong>ZBP Antona a M\u00e1riu Porva\u017en\u00edk<\/p>\n<p><strong>09.15 Pust\u00e9 \u010cemern\u00e9<\/strong><\/td>\n<\/tr>\n<\/tbody>\n<\/table>\n<ul>\n<li><strong><a href=\"http:\/\/www.katolickenoviny.sk\" target=\"_blank\" rel=\"noopener\">KN<\/a> \u010d. 20<\/strong> \u2013 Stove\u017eat\u00e1 Praha m\u00e1 nov\u00e9ho arcibiskupa Mons. J\u00e1na Graubnera. \u2013 Integr\u00e1cia je prijatie a&nbsp;z\u00e1rove\u0148 porozumenie. \u2013 Odmietaj\u00fa by\u0165 len prosebn\u00edkmi a&nbsp;doma sa nechc\u00fa c\u00edti\u0165 druhorad\u00ed. \u2013 Zdedi\u0165 dobro je najcennej\u0161\u00edm majetkom. \u2013 Aj deti \u0161\u00edria radostn\u00fa zves\u0165. \u2013 Rodina je oporou v&nbsp;n\u00e1ro\u010dn\u00fdch \u010dasoch. \u2013 V&nbsp;R\u00edme sv\u00e4tore\u010dili 10 blahoslaven\u00fdch. \u2013 Pokoj vych\u00e1dza z&nbsp;l\u00e1skav\u00e9ho srdca. \u2013 Janko Kr\u00e1\u013e, b\u00e1snik a&nbsp;vizion\u00e1r opraden\u00fd legendami. \u2013 Nov\u00e1 publik\u00e1cia k&nbsp;hist\u00f3rii KN. \u2013 \u010co dok\u00e1\u017ee dobr\u00fd u\u010dite\u013e. \u2013 Ke\u010f sa \u013eudsk\u00e9 srdcia otvoria in\u00fdm.<\/li>\n<li><strong><u>Nasleduj\u00faci v\u00edkend 26.05. \u2013 29.05. 2022<\/u><\/strong> ste v\u0161etci srde\u010dne pozvan\u00ed najprv na Ipsa die a&nbsp;potom aj na duchovn\u00fa obnovu pred odpustom za \u00fa\u010dasti spolubratov gr. kat. duchovn\u00fdch otcov a&nbsp;z\u00e1rove\u0148 kazate\u013eov, ktorej program si v\u0161imnite na plag\u00e1toch v\u00fdvesiek a&nbsp;n\u00e1sledne vo 7. ve\u013ekono\u010dn\u00fa nede\u013eu 29.05.2022 o&nbsp;10.30 na samotn\u00fa odpustov\u00fa sl\u00e1vnos\u0165 Nanebovyst\u00fapenia P\u00e1na do farsk\u00e9ho kostola v&nbsp;Str\u00e1\u017eskom, ktorej hlavn\u00fdm celebrantom a&nbsp;z\u00e1rove\u0148 sl\u00e1vnostn\u00fdm kazate\u013eom bude cten\u00fd spolu\u017eiak Daniel Bole\u0161, s\u00fa\u010dasn\u00fd far\u00e1r v Starom.<\/li>\n<li><strong><u>Nov\u00e9nu k&nbsp;Duchu Sv\u00e4t\u00e9mu sa za\u010dneme modli\u0165 od piatka 27.05.2022<\/u><\/strong> pred sv\u00e4t\u00fdmi om\u0161ami s&nbsp;lit\u00e1niami.<\/li>\n<li><strong><u>Po\u010das cel\u00e9ho ve\u013ekono\u010dn\u00e9ho obdobia sa namiesto modlitby<\/u><\/strong> \u201eAnjel P\u00e1na\u201c, modl\u00edme \u201eRaduj sa, nebies Kr\u00e1\u013eovn\u00e1\u201c <strong><u>a&nbsp;po\u010das mari\u00e1nskeho mesiaca m\u00e1ja sa pred sv\u00e4tou om\u0161ou budeme modlieva\u0165 lit\u00e1nie loret\u00e1nske.<\/u><\/strong><\/li>\n<\/ul>\n","protected":false},"excerpt":{"rendered":"<p>Pondelok \/23.05.\/ f\u00e9ria 18.00 Str\u00e1\u017eske + Pirox Olexej 17.00 Brekov + J\u00e1n Vajs Utorok \/24.05.\/ f\u00e9ria 07.00 Str\u00e1\u017eske + z&nbsp;rod\u00edn Tu\u0161aj a Kolibabovej &nbsp; Streda \/25.05.\/ f\u00e9ria 18.00 Str\u00e1\u017eske \u2013 detsk\u00e1 &#8211; s&nbsp;plat. Sviatku + z&nbsp;rod\u00edn Ba\u00e1n a Kolibabovej 17.00 Brekov \u2013 s&nbsp;plat. Sviatku + z&nbsp;rodiny Nemcovej \u010d. 55 \u0160tvrtok \/26.05.\/ Sl\u00e1vnos\u0165 Nanebovyst\u00fapenia P\u00e1na patroc\u00ednium [&hellip;]<\/p>\n","protected":false},"author":1,"featured_media":0,"comment_status":"closed","ping_status":"closed","sticky":false,"template":"","format":"standard","meta":{"ngg_post_thumbnail":0,"footnotes":""},"categories":[4],"tags":[],"class_list":["post-42527","post","type-post","status-publish","format-standard","hentry","category-farske-oznamy"],"views":1316,"_links":{"self":[{"href":"https:\/\/www.farnost-strazske.sk\/index.php?rest_route=\/wp\/v2\/posts\/42527","targetHints":{"allow":["GET"]}}],"collection":[{"href":"https:\/\/www.farnost-strazske.sk\/index.php?rest_route=\/wp\/v2\/posts"}],"about":[{"href":"https:\/\/www.farnost-strazske.sk\/index.php?rest_route=\/wp\/v2\/types\/post"}],"author":[{"embeddable":true,"href":"https:\/\/www.farnost-strazske.sk\/index.php?rest_route=\/wp\/v2\/users\/1"}],"replies":[{"embeddable":true,"href":"https:\/\/www.farnost-strazske.sk\/index.php?rest_route=%2Fwp%2Fv2%2Fcomments&post=42527"}],"version-history":[{"count":1,"href":"https:\/\/www.farnost-strazske.sk\/index.php?rest_route=\/wp\/v2\/posts\/42527\/revisions"}],"predecessor-version":[{"id":42528,"href":"https:\/\/www.farnost-strazske.sk\/index.php?rest_route=\/wp\/v2\/posts\/42527\/revisions\/42528"}],"wp:attachment":[{"href":"https:\/\/www.farnost-strazske.sk\/index.php?rest_route=%2Fwp%2Fv2%2Fmedia&parent=42527"}],"wp:term":[{"taxonomy":"category","embeddable":true,"href":"https:\/\/www.farnost-strazske.sk\/index.php?rest_route=%2Fwp%2Fv2%2Fcategories&post=42527"},{"taxonomy":"post_tag","embeddable":true,"href":"https:\/\/www.farnost-strazske.sk\/index.php?rest_route=%2Fwp%2Fv2%2Ftags&post=42527"}],"curies":[{"name":"wp","href":"https:\/\/api.w.org\/{rel}","templated":true}]}}