{"id":42688,"date":"2022-05-29T22:51:00","date_gmt":"2022-05-29T20:51:00","guid":{"rendered":"https:\/\/www.farnost-strazske.sk\/?p=42688"},"modified":"2022-05-29T22:51:01","modified_gmt":"2022-05-29T20:51:01","slug":"liturgicky-prehlad-a-oznamy-30-5-5-6-2022","status":"publish","type":"post","link":"https:\/\/www.farnost-strazske.sk\/?p=42688","title":{"rendered":"Liturgick\u00fd preh\u013ead a\u00a0oznamy 30.5. \u2013 5.6. 2022"},"content":{"rendered":"<table width=\"97%\">\n<tbody>\n<tr>\n<td width=\"28%\">\n<p style=\"text-align: center;\"><strong>Pondelok \/30.05.\/<\/strong><\/p>\n<p style=\"text-align: center;\"><em>f\u00e9ria<\/em><\/p>\n<\/td>\n<td width=\"33%\"><strong>18.00 Str\u00e1\u017eske<br \/>\n<\/strong>+ Michal Tec\u00e1k<\/td>\n<td width=\"33%\"><em><u>16.00\u201317.00 Brekov-sv.zmierenia<\/u><\/em><\/p>\n<p><strong>17.00 Brekov<br \/>\n<\/strong>+ J\u00e1n, Peter, Helena, Ter\u00e9zia Kus\u00e1<\/td>\n<\/tr>\n<tr>\n<td width=\"28%\">\n<p style=\"text-align: center;\"><strong>Utorok \/31.05.\/<\/strong><\/p>\n<p style=\"text-align: center;\"><em>f\u00e9ria<\/em><\/p>\n<\/td>\n<td width=\"33%\"><em><u>17.00\u201318.00 Str\u00e1\u017eske-sv.zmierenia<\/u><\/em><\/p>\n<p><strong>18.00 Str\u00e1\u017eske<br \/>\n<\/strong>+ Michal a&nbsp;Berta \u0160pir\u0148\u00e1k<\/td>\n<td width=\"33%\"><strong>&nbsp;<\/strong><\/td>\n<\/tr>\n<tr>\n<td width=\"28%\">\n<p style=\"text-align: center;\"><strong>Streda \/01.06.\/<\/strong><\/p>\n<p style=\"text-align: center;\">sv. Just\u00edna, mu\u010den\u00edka<em><br \/>\nspomienka<\/em><\/p>\n<\/td>\n<td width=\"33%\"><em><u>17.00\u201318.00 Str\u00e1\u017eske-sv.zmierenia<\/u><\/em><\/p>\n<p><strong>18.00 Str\u00e1\u017eske \u2013 detsk\u00e1<br \/>\n<\/strong>+ z&nbsp;rod\u00edn Bavo\u013e\u00e1rovej, Ol\u0161avovej<\/td>\n<td width=\"33%\"><em><u>16.00\u201317.00 Brekov-sv.zmierenia<\/u><\/em><\/p>\n<p><strong>17.00 Brekov<br \/>\n<\/strong>+ Du\u0161an a&nbsp;Marta Ma\u010farik<\/td>\n<\/tr>\n<tr>\n<td width=\"28%\">\n<p style=\"text-align: center;\"><strong>\u0160tvrtok <\/strong><strong>\/02.06.\/<\/strong><\/p>\n<p style=\"text-align: center;\">sv. Marcel\u00edna a&nbsp;Petra, mu\u010d.<em><br \/>\nspomienka<\/em><\/p>\n<\/td>\n<td width=\"33%\"><em><u>17.00\u201318.00 Str\u00e1\u017eske-sv.zmierenia<\/u><\/em><\/p>\n<p><strong>18.00 Str\u00e1\u017eske<br \/>\n<\/strong>+ M\u00e1ria Pandov\u00e1<\/td>\n<td width=\"33%\"><strong>&nbsp;<\/strong><\/td>\n<\/tr>\n<tr>\n<td width=\"28%\">\n<p style=\"text-align: center;\"><strong>Piatok <\/strong><strong>\/03.06.\/<\/strong><\/p>\n<p style=\"text-align: center;\">sv. Karola Lwangu a&nbsp;spolo\u010dn\u00edkov mu\u010den\u00edkov<strong><em><br \/>\n<\/em><\/strong><em>spomienka<\/em><\/p>\n<\/td>\n<td width=\"33%\"><em><u>08.00 Str\u00e1\u017eske\u2013sv.zmierenia chor\u00fdch<\/u><\/em><\/p>\n<p><em><u>16.00\u201317.00 Krivo\u0161\u0165any-sv.zmierenia<\/u><\/em><\/p>\n<p><strong>17.00 Krivo\u0161\u0165any<\/strong><\/p>\n<p><strong>18.15 Str\u00e1\u017eske<br \/>\n<\/strong>+ Zlatica Beh\u00fanov\u00e1<\/td>\n<td width=\"33%\"><em><u>08.00 Brekov\u2013sv.zmierenia<\/u><\/em><\/p>\n<p><em><u>16.00\u201317.00 P. \u010cemern\u00e9-sv.zmierenia<\/u><\/em><\/p>\n<p><strong>17.00 Pust\u00e9 \u010cemern\u00e9<\/strong><\/p>\n<p><strong>18.15 Brekov<br \/>\n<\/strong>+ z&nbsp;rod. Tom\u00e1\u0161ovej i Demeterovej<\/td>\n<\/tr>\n<tr>\n<td width=\"28%\">\n<p style=\"text-align: center;\"><strong>Sobota <\/strong><strong>\/04.06.\/<\/strong><\/p>\n<p style=\"text-align: center;\">sv. Bonif\u00e1ca, biskupa a&nbsp;mu\u010d.<em><br \/>\nspomienka<\/em><\/p>\n<\/td>\n<td width=\"33%\"><em><u>17.15 ve\u010deradlo s&nbsp;Pannou M\u00e1riou<\/u><\/em><\/p>\n<p><strong>18.00 Str\u00e1\u017eske \u2013 s&nbsp;plat. Nedele<br \/>\n<\/strong>ZBP pre Jaroslavu Mikulov\u00fa<\/td>\n<td width=\"33%\"><em><u>16.15 ve\u010deradlo s&nbsp;Pannou M\u00e1riou<\/u><\/em><\/p>\n<p><strong>17.00 Brekov \u2013 s&nbsp;plat. Nedele<br \/>\n<\/strong>+ z&nbsp;rod\u00edn Ambrovej a Bokovej<\/td>\n<\/tr>\n<tr>\n<td width=\"28%\">\n<p style=\"text-align: center;\"><strong>Tur\u00ed\u010dna nede\u013ea \/05.06.\/<\/strong><\/p>\n<p style=\"text-align: center;\"><strong>Zoslanie Ducha Sv\u00e4t\u00e9ho<\/strong><\/p>\n<\/td>\n<td width=\"33%\"><strong>08.00 Krivo\u0161\u0165any<\/strong><\/p>\n<p><strong>09.30 Str\u00e1\u017eske<br \/>\n<\/strong>ZBP pre rodinu B\u00e1nov\u00fa&nbsp; &nbsp;&nbsp;&nbsp;&nbsp;<\/td>\n<td width=\"33%\"><strong>08.00 Pust\u00e9 \u010cemern\u00e9<\/strong><\/p>\n<p><strong>09.30 Brekov<br \/>\n<\/strong>ZBP pre Ondreja,&nbsp;Martinu Bartko<\/td>\n<\/tr>\n<\/tbody>\n<\/table>\n<ul>\n<li><strong><a href=\"http:\/\/www.katolickenoviny.sk\" target=\"_blank\" rel=\"noopener\">KN<\/a> \u010d. 21<\/strong> \u2013 Obete Cirkev nepo\u0161kodzuj\u00fa. \u2013 Mus\u00edme prejs\u0165 o\u010distou. \u2013 \u010castej\u0161ie sa zd\u00f4veria pr\u00e1ve k\u0148azovi. \u2013 Modli\u0165 sa za obete nesta\u010d\u00ed. \u2013 \u017divotom si nechcem nies\u0165 nen\u00e1vis\u0165. \u2013 K&nbsp;obetiam sa skl\u00e1\u0148ajme ako k sam\u00e9mu Je\u017ei\u0161ovi Kristovi. \u2013 Aj protest je sp\u00f4sob modlitby. \u2013 Kritika za ignor\u00e1ciu prevencie potratov. \u2013 T\u00fd\u017ede\u0148 osl\u00e1v dobr\u00e9ho srdca . \u2013 Synoda na\u010d\u00fava aj \u013eu\u010fom so zdravotn\u00fdm postihnut\u00edm. \u2013 Aby Cirkev v&nbsp;\u010c\u00edne \u017eila v&nbsp;slobode a pokoji. \u2013 Moc ako l\u00e1skav\u00e1 sila. \u2013 Rozumie\u0165 Bohu i bez zbyto\u010dn\u00fdch slov. \u2013 Ututl\u00e1vanie nie je spr\u00e1vnou cestou.<\/li>\n<li><strong><u>Nov\u00e9nu k&nbsp;Duchu Sv\u00e4t\u00e9mu sa budeme spolo\u010dne modli\u0165 e\u0161te do Tur\u00ed\u010dnej nedele 05.06.2022,<\/u><\/strong> kedy kv\u00f4li odpustovej sl\u00e1vnosti prebehne presunut\u00e1 zbierka na podporu katol\u00edckych m\u00e9di\u00ed TV Lux i&nbsp;r\u00e1dia Lumen.<\/li>\n<li><strong><u>Po\u010das cel\u00e9ho ve\u013ekono\u010dn\u00e9ho obdobia sa namiesto modlitby<\/u><\/strong> \u201eAnjel P\u00e1na\u201c, modl\u00edme \u201eRaduj sa, nebies Kr\u00e1\u013eovn\u00e1\u201c <strong><u>a&nbsp;po\u010das mari\u00e1nskeho mesiaca m\u00e1ja sa pred sv\u00e4tou om\u0161ou budeme modlieva\u0165 lit\u00e1nie loret\u00e1nske.<\/u><\/strong><\/li>\n<\/ul>\n","protected":false},"excerpt":{"rendered":"<p>Pondelok \/30.05.\/ f\u00e9ria 18.00 Str\u00e1\u017eske + Michal Tec\u00e1k 16.00\u201317.00 Brekov-sv.zmierenia 17.00 Brekov + J\u00e1n, Peter, Helena, Ter\u00e9zia Kus\u00e1 Utorok \/31.05.\/ f\u00e9ria 17.00\u201318.00 Str\u00e1\u017eske-sv.zmierenia 18.00 Str\u00e1\u017eske + Michal a&nbsp;Berta \u0160pir\u0148\u00e1k &nbsp; Streda \/01.06.\/ sv. Just\u00edna, mu\u010den\u00edka spomienka 17.00\u201318.00 Str\u00e1\u017eske-sv.zmierenia 18.00 Str\u00e1\u017eske \u2013 detsk\u00e1 + z&nbsp;rod\u00edn Bavo\u013e\u00e1rovej, Ol\u0161avovej 16.00\u201317.00 Brekov-sv.zmierenia 17.00 Brekov + Du\u0161an a&nbsp;Marta Ma\u010farik \u0160tvrtok [&hellip;]<\/p>\n","protected":false},"author":1,"featured_media":0,"comment_status":"closed","ping_status":"closed","sticky":false,"template":"","format":"standard","meta":{"ngg_post_thumbnail":0,"footnotes":""},"categories":[4],"tags":[],"class_list":["post-42688","post","type-post","status-publish","format-standard","hentry","category-farske-oznamy"],"views":1021,"_links":{"self":[{"href":"https:\/\/www.farnost-strazske.sk\/index.php?rest_route=\/wp\/v2\/posts\/42688","targetHints":{"allow":["GET"]}}],"collection":[{"href":"https:\/\/www.farnost-strazske.sk\/index.php?rest_route=\/wp\/v2\/posts"}],"about":[{"href":"https:\/\/www.farnost-strazske.sk\/index.php?rest_route=\/wp\/v2\/types\/post"}],"author":[{"embeddable":true,"href":"https:\/\/www.farnost-strazske.sk\/index.php?rest_route=\/wp\/v2\/users\/1"}],"replies":[{"embeddable":true,"href":"https:\/\/www.farnost-strazske.sk\/index.php?rest_route=%2Fwp%2Fv2%2Fcomments&post=42688"}],"version-history":[{"count":1,"href":"https:\/\/www.farnost-strazske.sk\/index.php?rest_route=\/wp\/v2\/posts\/42688\/revisions"}],"predecessor-version":[{"id":42689,"href":"https:\/\/www.farnost-strazske.sk\/index.php?rest_route=\/wp\/v2\/posts\/42688\/revisions\/42689"}],"wp:attachment":[{"href":"https:\/\/www.farnost-strazske.sk\/index.php?rest_route=%2Fwp%2Fv2%2Fmedia&parent=42688"}],"wp:term":[{"taxonomy":"category","embeddable":true,"href":"https:\/\/www.farnost-strazske.sk\/index.php?rest_route=%2Fwp%2Fv2%2Fcategories&post=42688"},{"taxonomy":"post_tag","embeddable":true,"href":"https:\/\/www.farnost-strazske.sk\/index.php?rest_route=%2Fwp%2Fv2%2Ftags&post=42688"}],"curies":[{"name":"wp","href":"https:\/\/api.w.org\/{rel}","templated":true}]}}