{"id":42690,"date":"2022-05-29T22:54:46","date_gmt":"2022-05-29T20:54:46","guid":{"rendered":"https:\/\/www.farnost-strazske.sk\/?p=42690"},"modified":"2022-05-29T22:54:48","modified_gmt":"2022-05-29T20:54:48","slug":"zabudnuta-modlitba","status":"publish","type":"post","link":"https:\/\/www.farnost-strazske.sk\/?p=42690","title":{"rendered":"Zabudnut\u00e1 modlitba"},"content":{"rendered":"\n<p id=\"wnd_TextBlock_973587484_inner_0\" style=\"font-size:17px\">Mo\u017eno sme podcenili nie\u010do, \u010do Je\u017ei\u0161 pova\u017eoval za v\u00fdsostne d\u00f4le\u017eit\u00e9:&nbsp;<em>Aby v\u0161etci boli jedno, ako ty, Ot\u010de, vo mne a ja v tebe, aby svet uveril, \u017ee si ma ty poslal<\/em>.<\/p>\n\n\n\n<p id=\"wnd_TextBlock_973587484_inner_1\" style=\"font-size:17px\">Podcenili sme jednotu, v\u010faka ktorej svet uver\u00ed v Je\u017ei\u0161a.<\/p>\n\n\n\n<p id=\"wnd_TextBlock_973587484_inner_2\" style=\"font-size:17px\">Osobn\u00e1 viera je fajn. M\u00f4j vz\u0165ah s Je\u017ei\u0161om je fajn. Moje pre\u017e\u00edvanie viery je fajn. Ak sa v\u0161ak nedeje v spolo\u010denstve, ak sa nedeje zajedno s babi\u010dkou v lavici predo mnou, ako keby t\u00e1 bola moja sestra, \u010di s mu\u017eom v k\u00fate kostola, akoby ten bol m\u00f4j skuto\u010dn\u00fd brat, tak moja osobn\u00e1 viera nijako nenap\u013a\u0148a Je\u017ei\u0161ovu t\u00fa\u017ebu, aby sme i\u0161li do cel\u00e9ho sveta a hl\u00e1sali pravdu o Bohu, o sebe a o \u010dloveku.<\/p>\n\n\n\n<div class=\"wp-block-image\"><figure class=\"aligncenter is-resized\"><img loading=\"lazy\" decoding=\"async\" src=\"https:\/\/96e19d8f6d.clvaw-cdnwnd.com\/56958a3ff2fd5fdcdbd797b978b04dd5\/200000644-9b36b9b36d\/_DSC1300.jpg?ph=96e19d8f6d\" alt=\"\" width=\"480\" height=\"319\"\/><\/figure><\/div>\n\n\n\n<p id=\"wnd_TextBlock_973587484_inner_3\" style=\"font-size:17px\">Je to podobn\u00e9 ako v tom pr\u00edbehu, ke\u010f sa matka s dc\u00e9rou a synom vyber\u00fa k rieke. K\u00fdm dc\u00e9ra, zdatn\u00e1 plavky\u0148a, sa prech\u00e1dza s matkou po brehu, chlapec sa mot\u00e1 nebezpe\u010dne bl\u00edzko pri vode. Matka syna napom\u00edna, on v\u0161ak neposl\u00facha. \u0160mykne sa, padne do rieky a top\u00ed sa. Vtedy sa dc\u00e9ra hod\u00ed matke okolo krku a pote\u0161uje ju slovami: &#8222;Nepla\u010d, mama, mal \u0165a posl\u00facha\u0165! Ak sa utop\u00ed, bude\u0161 ma\u0165 e\u0161te m\u0148a&#8230; a ja budem v\u017edy poslu\u0161n\u00e1!&#8220;<\/p>\n\n\n\n<p id=\"wnd_TextBlock_973587484_inner_4\" style=\"font-size:17px\">Tak\u00e1 je ob\u010das aj na\u0161a viera. A\u017e pr\u00edli\u0161 osobn\u00e1, a\u017e pr\u00edli\u0161 iba na\u0161a. \u010co v\u0161ak znamenaj\u00fa v\u0161etky na\u0161e s\u013euby, ktor\u00e9 d\u00e1vame Bohu a v\u0161etka na\u0161a viera, ak nie sme ochotn\u00ed sk\u00e1ka\u0165 do vody?<\/p>\n\n\n\n<p id=\"wnd_TextBlock_973587484_inner_5\" style=\"font-size:17px\">Hoci vid\u00edme a za\u017e\u00edvame ko\u013eko zla rob\u00ed nejednota v rodine, nejednota v parlamente, nejednota v Cirkvi, nejednota v kolekt\u00edve, v triede a nejednota vo farnosti, predsa o t\u00fa jednotu, podobn\u00fa jednote Otca a Syna &#8211; ako si ju \u017eelal Je\u017ei\u0161 &#8211; nijako nebojujeme.<\/p>\n\n\n\n<p id=\"wnd_TextBlock_973587484_inner_6\" style=\"font-size:17px\">Podcenili sme jednotu. Zabudli sme, \u017ee na nej z\u00e1le\u017e\u00ed. A postavili sme okolo seba m\u00fary, natiahli ostnat\u00e9 dr\u00f4ty a \u017eijeme si iba to svoje &#8211; vo svete i vo viere, ako keby Je\u017ei\u0161 mohol by\u0165 iba n\u00e1\u0161&#8230; akoby tak\u00fd chcel by\u0165.<\/p>\n\n\n\n<p id=\"wnd_TextBlock_973587484_inner_7\" style=\"font-size:17px\">&#8222;Aby aj oni boli v n\u00e1s jedno, aby svet uveril, \u017ee si ma ty poslal!&#8220; takto sa modl\u00ed Je\u017ei\u0161. Aby boli jedno. Aby svet uveril. Mysl\u00edm, \u017ee by sme t\u00fato zabudnut\u00fa modlitbu mali bra\u0165 v\u00e1\u017enej\u0161ie&#8230;<\/p>\n\n\n\n<p style=\"font-size:17px\"><em>Autor:&nbsp;<\/em><a rel=\"noreferrer noopener\" href=\"https:\/\/www.vladkostefanic.com\/\" target=\"_blank\"><em>Vladim\u00edr \u0160tefani\u010d<\/em><\/a><\/p>\n","protected":false},"excerpt":{"rendered":"<p>Mo\u017eno sme podcenili nie\u010do, \u010do Je\u017ei\u0161 pova\u017eoval za v\u00fdsostne d\u00f4le\u017eit\u00e9:&nbsp;Aby v\u0161etci boli jedno, ako ty, Ot\u010de, vo mne a ja v tebe, aby svet uveril, \u017ee si ma ty poslal. Podcenili sme jednotu, v\u010faka ktorej svet uver\u00ed v Je\u017ei\u0161a. Osobn\u00e1 viera je fajn. M\u00f4j vz\u0165ah s Je\u017ei\u0161om je fajn. Moje pre\u017e\u00edvanie viery je fajn. Ak [&hellip;]<\/p>\n","protected":false},"author":1,"featured_media":0,"comment_status":"closed","ping_status":"closed","sticky":false,"template":"","format":"standard","meta":{"ngg_post_thumbnail":0,"footnotes":""},"categories":[22],"tags":[],"class_list":["post-42690","post","type-post","status-publish","format-standard","hentry","category-zamyslenia"],"views":160,"_links":{"self":[{"href":"https:\/\/www.farnost-strazske.sk\/index.php?rest_route=\/wp\/v2\/posts\/42690","targetHints":{"allow":["GET"]}}],"collection":[{"href":"https:\/\/www.farnost-strazske.sk\/index.php?rest_route=\/wp\/v2\/posts"}],"about":[{"href":"https:\/\/www.farnost-strazske.sk\/index.php?rest_route=\/wp\/v2\/types\/post"}],"author":[{"embeddable":true,"href":"https:\/\/www.farnost-strazske.sk\/index.php?rest_route=\/wp\/v2\/users\/1"}],"replies":[{"embeddable":true,"href":"https:\/\/www.farnost-strazske.sk\/index.php?rest_route=%2Fwp%2Fv2%2Fcomments&post=42690"}],"version-history":[{"count":1,"href":"https:\/\/www.farnost-strazske.sk\/index.php?rest_route=\/wp\/v2\/posts\/42690\/revisions"}],"predecessor-version":[{"id":42691,"href":"https:\/\/www.farnost-strazske.sk\/index.php?rest_route=\/wp\/v2\/posts\/42690\/revisions\/42691"}],"wp:attachment":[{"href":"https:\/\/www.farnost-strazske.sk\/index.php?rest_route=%2Fwp%2Fv2%2Fmedia&parent=42690"}],"wp:term":[{"taxonomy":"category","embeddable":true,"href":"https:\/\/www.farnost-strazske.sk\/index.php?rest_route=%2Fwp%2Fv2%2Fcategories&post=42690"},{"taxonomy":"post_tag","embeddable":true,"href":"https:\/\/www.farnost-strazske.sk\/index.php?rest_route=%2Fwp%2Fv2%2Ftags&post=42690"}],"curies":[{"name":"wp","href":"https:\/\/api.w.org\/{rel}","templated":true}]}}