{"id":42694,"date":"2022-06-05T12:06:00","date_gmt":"2022-06-05T10:06:00","guid":{"rendered":"https:\/\/www.farnost-strazske.sk\/?p=42694"},"modified":"2022-06-05T12:06:01","modified_gmt":"2022-06-05T10:06:01","slug":"liturgicky-prehlad-a-oznamy-6-6-12-6-2022","status":"publish","type":"post","link":"https:\/\/www.farnost-strazske.sk\/?p=42694","title":{"rendered":"Liturgick\u00fd preh\u013ead a\u00a0oznamy 6.6. \u2013 12.6. 2022"},"content":{"rendered":"<table width=\"97%\">\n<tbody>\n<tr>\n<td width=\"28%\">\n<p style=\"text-align: center;\"><strong>Pondelok \/06.06.\/<\/strong><\/p>\n<p style=\"text-align: center;\">Panny M\u00e1rie, Matky Cirkvi<em><br \/>\nspomienka<\/em><\/p>\n<\/td>\n<td width=\"33%\"><strong>17.00 Str\u00e1\u017eske<br \/>\n<\/strong>+ z&nbsp;rodiny Hud\u00e1kovej<\/td>\n<td width=\"33%\"><strong>18.00 Brekov \u2013 konsekra\u010dn\u00e1<br \/>\n<\/strong>ZBP pre Petra Miha\u013eka s&nbsp;rod.<br \/>\nZBP pre Annu Kov\u00e1\u010dov\u00fa s&nbsp;rod.<\/td>\n<\/tr>\n<tr>\n<td width=\"28%\">\n<p style=\"text-align: center;\"><strong>Utorok \/07.06.\/<\/strong><\/p>\n<p style=\"text-align: center;\"><em>f\u00e9ria<\/em><\/p>\n<\/td>\n<td width=\"33%\"><strong>18.00 Str\u00e1\u017eske \u2013 v\u00fdro\u010dn\u00e1<br \/>\n<\/strong>+ Viera Marekov\u00e1<\/td>\n<td width=\"33%\"><strong>17.00 Pust\u00e9 \u010cemern\u00e9<\/strong><\/td>\n<\/tr>\n<tr>\n<td width=\"28%\">\n<p style=\"text-align: center;\"><strong>Streda \/08.06.\/<\/strong><\/p>\n<p style=\"text-align: center;\"><em>f\u00e9ria<\/em><\/p>\n<\/td>\n<td width=\"33%\"><strong>18.00 Str\u00e1\u017eske \u2013 detsk\u00e1<br \/>\n<\/strong>+ Michal a&nbsp;M\u00e1ria Tec\u00e1k<\/td>\n<td width=\"33%\"><strong>17.00 Brekov<br \/>\n<\/strong>+ Milan Horv\u00e1t<\/td>\n<\/tr>\n<tr>\n<td width=\"28%\">\n<p style=\"text-align: center;\"><strong>\u0160tvrtok <\/strong><strong>\/09.06.\/<\/strong><\/p>\n<p style=\"text-align: center;\">Sviatok N\u00e1\u0161ho P\u00e1na Je\u017ei\u0161a Krista, Najvy\u0161\u0161ieho a&nbsp;Ve\u010dn\u00e9ho k\u0148aza<\/p>\n<\/td>\n<td width=\"33%\"><span style=\"text-decoration: underline;\"><em>16.00 Eucharistick\u00e1 ador\u00e1cia<\/em><\/span><\/p>\n<p><strong>18.00 Str\u00e1\u017eske<br \/>\n<\/strong>+ Irena Klemb\u00e1rov\u00e1<\/td>\n<td width=\"33%\"><strong>17.00 Krivo\u0161\u0165any<\/strong><\/td>\n<\/tr>\n<tr>\n<td width=\"28%\">\n<p style=\"text-align: center;\"><strong>Piatok <\/strong><strong>\/10.06.\/<\/strong><\/p>\n<p style=\"text-align: center;\"><em>f\u00e9ria<\/em><\/p>\n<\/td>\n<td width=\"33%\"><strong>18.00 Str\u00e1\u017eske<br \/>\n<\/strong>+ J\u00e1n, M\u00e1ria, Jozef Kus\u00fd<\/td>\n<td width=\"33%\"><strong>17.00 Brekov<br \/>\n<\/strong>+ V\u00e1clav, \u013dudmila, V\u00e1clav Benda<\/td>\n<\/tr>\n<tr>\n<td width=\"28%\">\n<p style=\"text-align: center;\"><strong>Sobota <\/strong><strong>\/11.06.\/<\/strong><\/p>\n<p style=\"text-align: center;\">sv. Barnab\u00e1\u0161a, apo\u0161tola<em><br \/>\nsviatok<\/em><\/p>\n<\/td>\n<td width=\"33%\"><strong>18.00 Str\u00e1\u017eske \u2013 s&nbsp;plat. Nedele<br \/>\n<\/strong>ZBP pre Julianu Miha\u013eov\u00fa s&nbsp;rod.<\/td>\n<td width=\"33%\"><span style=\"text-decoration: underline;\">15.00 Krivo\u0161\u0165any \u2013 sob\u00e1\u0161. obrad<\/span><\/p>\n<p><strong>17.00 Brekov \u2013 s&nbsp;plat. Nedele<br \/>\n<\/strong>+ Michal, \u0160tef\u00e1nia, Helena P.<\/td>\n<\/tr>\n<tr>\n<td width=\"28%\">\n<p style=\"text-align: center;\"><strong>Nede\u013ea \/12.06.\/<\/strong><\/p>\n<p style=\"text-align: center;\"><strong>11. nede\u013ea v&nbsp;obdob\u00ed cez rok Nede\u013ea Najsv\u00e4tej\u0161ej Trojice<\/strong><\/p>\n<\/td>\n<td width=\"33%\"><strong>08.00 Krivo\u0161\u0165any<\/strong><\/p>\n<p><strong>09.30 Str\u00e1\u017eske<br \/>\n<\/strong>ZBP pre Mari\u00e1na a&nbsp;Ingrid s&nbsp;rod.&nbsp; &nbsp;&nbsp;&nbsp;&nbsp;<\/td>\n<td width=\"33%\"><strong>08.00 Brekov<br \/>\n<\/strong>ZBP pre \u0160tefana a&nbsp;M\u00e1riu \u0160tofej<\/p>\n<p><strong>09.15 Pust\u00e9 \u010cemern\u00e9<\/strong><\/p>\n<p><strong>10.30 Pust\u00e9 \u010cemern\u00e9 \u2013 gr. odpust<\/strong><\/td>\n<\/tr>\n<\/tbody>\n<\/table>\n<ul>\n<li><strong><a href=\"http:\/\/www.katolickenoviny.sk\" target=\"_blank\" rel=\"noopener\">KN<\/a> \u010d. 22<\/strong> \u2013 K\u0148azstvo je stav bytia, nie funkcia. \u2013 Kandid\u00e1ti na k\u0148azstvo sa vyberaj\u00fa pozorne. \u2013 Povolania si mus\u00edme vymodli\u0165. \u2013 Mal som in\u00e9 pl\u00e1ny, ale Boh mal lep\u0161ie. \u2013 Dobr\u00fd far\u00e1r ned\u00e1 farn\u00edkom vyd\u00fdchnu\u0165. \u2013 V\u017edy v\u0161etko vlo\u017ei\u0165 do Bo\u017eej r\u00e9\u017eie. \u2013 Roz\u010darovanie m\u00f4\u017ee paralyzova\u0165 du\u0161u. \u2013 Chor\u00ed maj\u00fa v&nbsp;M\u00e1riinom srdci miesto. \u2013 Nikto sa nem\u00f4\u017ee zachr\u00e1ni\u0165 s\u00e1m. \u2013 Kostoly s\u00fa rovnak\u00fdmi ter\u010dami ako civiln\u00e9 budovy. \u2013 Zomrel kardin\u00e1l Angelo Sodano. \u2013 Na cestu novok\u0148azom. \u2013 Ner\u00e1tali s&nbsp;t\u00fdm, \u017eeby mohol by\u0165 biskupom. \u2013 Ke\u010f je herec dobre obsaden\u00fd, je to rados\u0165. \u2013 Odpove\u010f na Bo\u017eie pozvanie \u2013 Sprievodca k&nbsp;ve\u010dn\u00e9mu \u017eivotu. \u2013 \u0160tyri piliere k\u0148azsk\u00e9ho \u017eivota. \u2013 Vidie\u0165 veriacim priamo do tv\u00e1re. \u2013 Priate\u013e, sprievodca a&nbsp;opora. \u2013 Novok\u0148azi i&nbsp;absolventi.<\/li>\n<li><strong><u>Dnes na Tur\u00ed\u010dnu nede\u013eu 05.06.2022 sa uskuto\u010dn\u00ed presunut\u00e1 zbierka na podporu katol\u00edckych m\u00e9di\u00ed.<\/u><\/strong><\/li>\n<li><strong><u>Zajtra v&nbsp;pondelok 06.06.2022 o&nbsp;18.00 na fili\u00e1lke v&nbsp;Brekove budeme sl\u00e1vi\u0165 v\u00fdro\u010die konsekr\u00e1cie<\/u><\/strong> za pr\u00edtomnosti a&nbsp;z\u00e1rove\u0148 v&nbsp;r\u00e9\u017eii cten\u00e9ho a mil\u00e9ho rod\u00e1ka <strong><u>vdp. Jozefa Kadlica, rektora UPC v&nbsp;Ko\u0161iciach.<\/u><\/strong><\/li>\n<li><strong><u>V&nbsp;priebehu nasleduj\u00faceho t\u00fd\u017ed\u0148a<\/u><\/strong><u> sa bud\u00fa v&nbsp;s\u00e1kristii farsk\u00e9ho kostola po sv. om\u0161iach<\/u> spisova\u0165 \u00famysly na nasleduj\u00faci polrok a\u017e do konca kalend\u00e1rneho roka. Vzh\u013eadom na viacero pohrebn\u00fdch a&nbsp;v\u00fdro\u010dn\u00fdch sv. om\u0161\u00ed berte na seba vz\u00e1jomn\u00fd oh\u013ead a&nbsp;v\u00fdro\u010dn\u00e9 sv. om\u0161e je potrebn\u00e9 pr\u00eds\u0165 e\u0161te potvrdi\u0165, hoci s\u00fa rezervovan\u00e9.<\/li>\n<li><strong><u>Od sp. Panny M\u00e1rie, Matky Cirkvi sa op\u00e4\u0165 za\u010dneme spolo\u010dne modlieva\u0165 modlitbu: \u201eAnjel P\u00e1na\u201c.<\/u><\/strong><\/li>\n<\/ul>\n","protected":false},"excerpt":{"rendered":"<p>Pondelok \/06.06.\/ Panny M\u00e1rie, Matky Cirkvi spomienka 17.00 Str\u00e1\u017eske + z&nbsp;rodiny Hud\u00e1kovej 18.00 Brekov \u2013 konsekra\u010dn\u00e1 ZBP pre Petra Miha\u013eka s&nbsp;rod. ZBP pre Annu Kov\u00e1\u010dov\u00fa s&nbsp;rod. Utorok \/07.06.\/ f\u00e9ria 18.00 Str\u00e1\u017eske \u2013 v\u00fdro\u010dn\u00e1 + Viera Marekov\u00e1 17.00 Pust\u00e9 \u010cemern\u00e9 Streda \/08.06.\/ f\u00e9ria 18.00 Str\u00e1\u017eske \u2013 detsk\u00e1 + Michal a&nbsp;M\u00e1ria Tec\u00e1k 17.00 Brekov + Milan Horv\u00e1t [&hellip;]<\/p>\n","protected":false},"author":1,"featured_media":0,"comment_status":"closed","ping_status":"closed","sticky":false,"template":"","format":"standard","meta":{"ngg_post_thumbnail":0,"footnotes":""},"categories":[4],"tags":[],"class_list":["post-42694","post","type-post","status-publish","format-standard","hentry","category-farske-oznamy"],"views":1172,"_links":{"self":[{"href":"https:\/\/www.farnost-strazske.sk\/index.php?rest_route=\/wp\/v2\/posts\/42694","targetHints":{"allow":["GET"]}}],"collection":[{"href":"https:\/\/www.farnost-strazske.sk\/index.php?rest_route=\/wp\/v2\/posts"}],"about":[{"href":"https:\/\/www.farnost-strazske.sk\/index.php?rest_route=\/wp\/v2\/types\/post"}],"author":[{"embeddable":true,"href":"https:\/\/www.farnost-strazske.sk\/index.php?rest_route=\/wp\/v2\/users\/1"}],"replies":[{"embeddable":true,"href":"https:\/\/www.farnost-strazske.sk\/index.php?rest_route=%2Fwp%2Fv2%2Fcomments&post=42694"}],"version-history":[{"count":3,"href":"https:\/\/www.farnost-strazske.sk\/index.php?rest_route=\/wp\/v2\/posts\/42694\/revisions"}],"predecessor-version":[{"id":42697,"href":"https:\/\/www.farnost-strazske.sk\/index.php?rest_route=\/wp\/v2\/posts\/42694\/revisions\/42697"}],"wp:attachment":[{"href":"https:\/\/www.farnost-strazske.sk\/index.php?rest_route=%2Fwp%2Fv2%2Fmedia&parent=42694"}],"wp:term":[{"taxonomy":"category","embeddable":true,"href":"https:\/\/www.farnost-strazske.sk\/index.php?rest_route=%2Fwp%2Fv2%2Fcategories&post=42694"},{"taxonomy":"post_tag","embeddable":true,"href":"https:\/\/www.farnost-strazske.sk\/index.php?rest_route=%2Fwp%2Fv2%2Ftags&post=42694"}],"curies":[{"name":"wp","href":"https:\/\/api.w.org\/{rel}","templated":true}]}}