{"id":42698,"date":"2022-06-05T23:11:19","date_gmt":"2022-06-05T21:11:19","guid":{"rendered":"https:\/\/www.farnost-strazske.sk\/?p=42698"},"modified":"2022-06-05T23:11:21","modified_gmt":"2022-06-05T21:11:21","slug":"byt-ako-boh","status":"publish","type":"post","link":"https:\/\/www.farnost-strazske.sk\/?p=42698","title":{"rendered":"By\u0165 ako Boh"},"content":{"rendered":"\n<p id=\"wnd_TextBlock_483648135_inner_0\" style=\"font-size:17px\">Boh pozn\u00e1 ka\u017ed\u00fa na\u0161u t\u00fa\u017ebu a nech u\u017e je t\u00e1 ak\u00e1ko\u013evek, v\u017edy sa ju sna\u017e\u00ed pretransformova\u0165 tak, aby n\u00e1s viedla k nemu a potom za n\u00edm a\u017e tam, na ve\u010dnos\u0165.<\/p>\n\n\n\n<p id=\"wnd_TextBlock_483648135_inner_1\" style=\"font-size:17px\">Prv\u00e1 z pokazen\u00fdch t\u00fa\u017eob, ktor\u00fa n\u00e1m Boh nech\u00e1va, je t\u00fa\u017eba&nbsp;<em>by\u0165 ako Boh<\/em>. U\u017e odvtedy, od raja, ke\u010f sa prv\u00ed \u013eudia nechali zvies\u0165 hadom, ktor\u00fd v nich t\u00fa t\u00fa\u017ebu odhalil: &#8222;Ak budete z neho jes\u0165 (ovocie zo stromu), otvoria sa v\u00e1m o\u010di a vy budete ako Boh!&#8220;<\/p>\n\n\n\n<p id=\"wnd_TextBlock_483648135_inner_2\" style=\"font-size:17px\">By\u0165 ako Boh. Nez\u00e1visl\u00fd. Samostatn\u00fd. Sebesta\u010dn\u00fd.<\/p>\n\n\n\n<p id=\"wnd_TextBlock_483648135_inner_3\" style=\"font-size:17px\">By\u0165 ako Boh. Zvl\u00e1dnu\u0165 v\u0161etko s\u00e1m. Nikoho nepotrebova\u0165, nikoho neprosi\u0165 a o ni\u010d ne\u017eobra\u0165. Dok\u00e1za\u0165 \u017eivot zvl\u00e1dnu\u0165 s\u00e1m.<\/p>\n\n\n\n<p id=\"wnd_TextBlock_483648135_inner_4\" style=\"font-size:17px\">Tak\u00e1 je t\u00fa\u017eba v \u010dloveku. A Boh, ten ju predsa len \u010dloveku nevezme, naopak, potvrd\u00ed ju a pretvor\u00ed. Aj preto Je\u017ei\u0161 povie: &#8222;Vy teda bu\u010fte dokonal\u00ed, ako je dokonal\u00fd v\u00e1\u0161 nebesk\u00fd Otec!&#8220; A potom: &#8222;Ako m\u0148a poslal Otec, aj ja posielam v\u00e1s!&#8220; A potom na nich d\u00fdchne Ducha.<\/p>\n\n\n\n<p id=\"wnd_TextBlock_483648135_inner_5\" style=\"font-size:17px\">Ako keby povedal: &#8222;Bu\u010fte ako Boh! Pomocou Ducha Sv\u00e4t\u00e9ho!&#8220;<\/p>\n\n\n\n<p id=\"wnd_TextBlock_483648135_inner_6\" style=\"font-size:17px\">Z \u013eudsk\u00fdch s\u00edl to nie je mo\u017en\u00e9. Zo \u017eiadnych s\u00edl. Je to mo\u017en\u00e9 iba z Boha. A tak im d\u00e1va Ducha Sv\u00e4t\u00e9ho. Aby boli ako Boh. Ale pod\u013ea jeho predst\u00e1v, nie na\u0161ich. Pod\u013ea jeho v\u00f4le, nie na\u0161ej.<\/p>\n\n\n\n<div class=\"wp-block-image\"><figure class=\"aligncenter is-resized\"><img loading=\"lazy\" decoding=\"async\" src=\"https:\/\/96e19d8f6d.clvaw-cdnwnd.com\/56958a3ff2fd5fdcdbd797b978b04dd5\/200000666-cf674cf677\/_DSC8883.jpg?ph=96e19d8f6d\" alt=\"\" width=\"600\" height=\"399\"\/><\/figure><\/div>\n\n\n\n<p style=\"font-size:17px\">Boh pozn\u00e1 ka\u017ed\u00fa na\u0161u t\u00fa\u017ebu a v\u017edy sa ju sna\u017e\u00ed pretransformova\u0165 tak, aby n\u00e1s viedla k nemu a potom za n\u00edm a\u017e tam, na ve\u010dnos\u0165.<\/p>\n\n\n\n<p style=\"font-size:17px\">By\u0165 ako Boh.<\/p>\n\n\n\n<p style=\"font-size:17px\">T\u00e1to t\u00fa\u017eba je v n\u00e1s. A je len na n\u00e1s, ako s \u0148ou nalo\u017e\u00edme.<\/p>\n\n\n\n<p style=\"font-size:17px\">Alebo po svojom, hrdo a odv\u00e1\u017ene, \u017ee nepotrebujeme Boha a v\u0161etko zvl\u00e1dneme aj bez neho. \u00c1no, aj tak\u00fato mo\u017enos\u0165 m\u00e1me, ve\u010f Boh n\u00e1m nechal predsa slobodu.<\/p>\n\n\n\n<p style=\"font-size:17px\">Alebo po jeho, pokorne a s d\u00f4verou, \u017ee bez neho nezvl\u00e1dneme ni\u010d ako to povedal: &#8222;Bezo m\u0148a nem\u00f4\u017eete ni\u010d urobi\u0165!&#8220;<\/p>\n\n\n\n<p style=\"font-size:17px\">Ja sa teda rozhodujem s n\u00edm.<\/p>\n\n\n\n<p style=\"font-size:17px\">Lebo, na tom sa zhodneme asi v\u0161etci, ka\u017ed\u00e1 t\u00fa\u017eba, ako aj t\u00e1\u00a0<em>by\u0165 ako Boh,<\/em>\u00a0sa skuto\u010dne a plne m\u00f4\u017ee vyplni\u0165 jedine s n\u00edm.\u00a0<\/p>\n\n\n\n<p style=\"font-size:17px\"><em>Autor:&nbsp;<\/em><a rel=\"noreferrer noopener\" href=\"https:\/\/www.vladkostefanic.com\/\" target=\"_blank\"><em>Vladim\u00edr \u0160tefani\u010d<\/em><\/a><\/p>\n","protected":false},"excerpt":{"rendered":"<p>Boh pozn\u00e1 ka\u017ed\u00fa na\u0161u t\u00fa\u017ebu a nech u\u017e je t\u00e1 ak\u00e1ko\u013evek, v\u017edy sa ju sna\u017e\u00ed pretransformova\u0165 tak, aby n\u00e1s viedla k nemu a potom za n\u00edm a\u017e tam, na ve\u010dnos\u0165. Prv\u00e1 z pokazen\u00fdch t\u00fa\u017eob, ktor\u00fa n\u00e1m Boh nech\u00e1va, je t\u00fa\u017eba&nbsp;by\u0165 ako Boh. U\u017e odvtedy, od raja, ke\u010f sa prv\u00ed \u013eudia nechali zvies\u0165 hadom, ktor\u00fd v [&hellip;]<\/p>\n","protected":false},"author":1,"featured_media":0,"comment_status":"closed","ping_status":"closed","sticky":false,"template":"","format":"standard","meta":{"ngg_post_thumbnail":0,"footnotes":""},"categories":[22],"tags":[],"class_list":["post-42698","post","type-post","status-publish","format-standard","hentry","category-zamyslenia"],"views":170,"_links":{"self":[{"href":"https:\/\/www.farnost-strazske.sk\/index.php?rest_route=\/wp\/v2\/posts\/42698","targetHints":{"allow":["GET"]}}],"collection":[{"href":"https:\/\/www.farnost-strazske.sk\/index.php?rest_route=\/wp\/v2\/posts"}],"about":[{"href":"https:\/\/www.farnost-strazske.sk\/index.php?rest_route=\/wp\/v2\/types\/post"}],"author":[{"embeddable":true,"href":"https:\/\/www.farnost-strazske.sk\/index.php?rest_route=\/wp\/v2\/users\/1"}],"replies":[{"embeddable":true,"href":"https:\/\/www.farnost-strazske.sk\/index.php?rest_route=%2Fwp%2Fv2%2Fcomments&post=42698"}],"version-history":[{"count":1,"href":"https:\/\/www.farnost-strazske.sk\/index.php?rest_route=\/wp\/v2\/posts\/42698\/revisions"}],"predecessor-version":[{"id":42699,"href":"https:\/\/www.farnost-strazske.sk\/index.php?rest_route=\/wp\/v2\/posts\/42698\/revisions\/42699"}],"wp:attachment":[{"href":"https:\/\/www.farnost-strazske.sk\/index.php?rest_route=%2Fwp%2Fv2%2Fmedia&parent=42698"}],"wp:term":[{"taxonomy":"category","embeddable":true,"href":"https:\/\/www.farnost-strazske.sk\/index.php?rest_route=%2Fwp%2Fv2%2Fcategories&post=42698"},{"taxonomy":"post_tag","embeddable":true,"href":"https:\/\/www.farnost-strazske.sk\/index.php?rest_route=%2Fwp%2Fv2%2Ftags&post=42698"}],"curies":[{"name":"wp","href":"https:\/\/api.w.org\/{rel}","templated":true}]}}