{"id":42700,"date":"2022-06-12T23:43:20","date_gmt":"2022-06-12T21:43:20","guid":{"rendered":"https:\/\/www.farnost-strazske.sk\/?p=42700"},"modified":"2022-06-12T23:43:21","modified_gmt":"2022-06-12T21:43:21","slug":"liturgicky-prehlad-a-oznamy-13-6-19-6-2022","status":"publish","type":"post","link":"https:\/\/www.farnost-strazske.sk\/?p=42700","title":{"rendered":"Liturgick\u00fd preh\u013ead a\u00a0oznamy 13.6. \u2013 19.6. 2022"},"content":{"rendered":"<table width=\"97%\">\n<tbody>\n<tr>\n<td width=\"28%\">\n<p style=\"text-align: center;\"><strong>Pondelok \/13.06.\/<\/strong><\/p>\n<p style=\"text-align: center;\">sv. Antona Padu\u00e1nskeho, k\u0148aza a&nbsp;u\u010dite\u013ea Cirkvi<em><br \/>\nspomienka<\/em><\/p>\n<\/td>\n<td width=\"33%\"><strong>18.00 Str\u00e1\u017eske<br \/>\n<\/strong>+ J\u00e1n a&nbsp;Helena Bern\u00e1t<\/td>\n<td width=\"33%\"><strong>17.00 Brekov<br \/>\n<\/strong>+ Du\u0161an Nemec<\/td>\n<\/tr>\n<tr>\n<td width=\"28%\">\n<p style=\"text-align: center;\"><strong>Utorok \/14.06.\/<\/strong><\/p>\n<p style=\"text-align: center;\"><em>f\u00e9ria<\/em><\/p>\n<\/td>\n<td width=\"33%\"><strong>07.00 Str\u00e1\u017eske<br \/>\n<\/strong>+ Emil Hud\u00e1k<\/td>\n<td width=\"33%\"><strong>&nbsp;<\/strong><\/p>\n<p>&nbsp;<\/td>\n<\/tr>\n<tr>\n<td width=\"28%\">\n<p style=\"text-align: center;\"><strong>Streda \/15.06.\/<\/strong><\/p>\n<p style=\"text-align: center;\"><em>f\u00e9ria<\/em><\/p>\n<\/td>\n<td width=\"33%\"><strong>18.00 Str\u00e1\u017eske \u2013 vig\u00edlna<br \/>\n<\/strong>+ M\u00e1ria Prista\u0161ov\u00e1<\/td>\n<td width=\"33%\"><strong>17.00 Brekov \u2013 vig\u00edlna<br \/>\n<\/strong>+ z&nbsp;rodiny Nemcovej<\/td>\n<\/tr>\n<tr>\n<td width=\"28%\">\n<p style=\"text-align: center;\"><strong>\u0160tvrtok <\/strong><strong>\/16.06.\/<\/strong><\/p>\n<p style=\"text-align: center;\"><strong>Sl\u00e1vnos\u0165 Najsv\u00e4tej\u0161ieho Kristovho Tela a Krvi<\/strong><\/p>\n<\/td>\n<td width=\"33%\"><strong>17.00 Krivo\u0161\u0165any<\/strong><\/p>\n<p><strong>18.15 Str\u00e1\u017eske \u2013 olt\u00e1riky<br \/>\n<\/strong>ZBP pre Vladim\u00edra \u0160\u00e1ndora s&nbsp;rod<\/td>\n<td width=\"33%\"><strong>17.00 Pust\u00e9 \u010cemern\u00e9<\/strong><\/p>\n<p><strong>18.15 Brekov \u2013 olt\u00e1riky<br \/>\n<\/strong>ZBP pre Moniku Slep\u00e1kov\u00fa<\/td>\n<\/tr>\n<tr>\n<td width=\"28%\">\n<p style=\"text-align: center;\"><strong>Piatok <\/strong><strong>\/17.06.\/<\/strong><\/p>\n<p style=\"text-align: center;\"><em>f\u00e9ria<\/em><\/p>\n<\/td>\n<td width=\"33%\"><strong><em><u>10.00 Ko\u0161ice &#8211; diakon. vysviacka<\/u><\/em><\/strong><\/p>\n<p><strong>18.00 Str\u00e1\u017eske<br \/>\n<\/strong>ZBP pre Helenu P\u0161eni\u010d\u0148\u00e1kov\u00fa<\/td>\n<td width=\"33%\"><strong><em><u>10.00 Ko\u0161ice \u2013 diakon. vysviacka<\/u><\/em><\/strong><\/p>\n<p><strong>17.00 Brekov<br \/>\n<\/strong>+ z&nbsp;rodiny Tom\u010diovej<\/td>\n<\/tr>\n<tr>\n<td width=\"28%\">\n<p style=\"text-align: center;\"><strong>Sobota <\/strong><strong>\/18.06.\/<\/strong><\/p>\n<p style=\"text-align: center;\"><em>f\u00e9ria<\/em><\/p>\n<\/td>\n<td width=\"33%\"><strong><em><u>10.00 Ko\u0161ice -k\u0148azsk\u00e1 vysviacka<\/u><\/em><\/strong><\/p>\n<p><strong>16.00 Str\u00e1\u017eske \u2013 sob\u00e1\u0161na spn.<br \/>\n<\/strong>ZBP pre Martina i&nbsp;Simonu Bug\u00e1r<\/td>\n<td width=\"33%\"><strong><em><u>10.00 Ko\u0161ice &#8211; k\u0148azsk\u00e1 vysviacka<\/u><\/em><\/strong><\/p>\n<p><strong>17.00 Brekov \u2013 s&nbsp;plat. Nedele<br \/>\n<\/strong>+ \u013dudmila Tom\u010dov\u00e1<\/td>\n<\/tr>\n<tr>\n<td width=\"28%\">\n<p style=\"text-align: center;\"><strong>Nede\u013ea \/19.06.\/<\/strong><\/p>\n<p style=\"text-align: center;\"><strong>12. nede\u013ea v&nbsp;obdob\u00ed cez rok<\/strong><\/p>\n<\/td>\n<td width=\"33%\"><strong>08.00 Krivo\u0161\u0165any <\/strong><\/p>\n<p><strong>09.15 Str\u00e1\u017eske<br \/>\n<\/strong>ZBP Michal, Pavol, M\u00e1ria, Anna<\/p>\n<p><strong>11.00 V. Revi\u0161tia \u2013 odpust. sl\u00e1v.<\/strong>&nbsp; &nbsp;&nbsp;&nbsp;&nbsp;<\/td>\n<td width=\"33%\"><strong>08.00 Pust\u00e9 \u010cemern\u00e9 <\/strong><\/p>\n<p><strong>09.00 Brekov<br \/>\n<\/strong>ZBP pre rodinu Horv\u00e1tov\u00fa<\/p>\n<p><strong>1<\/strong><strong>1.00 Sabinov &#8211; k\u0148azsk\u00e9 prim\u00edcie<\/strong><\/td>\n<\/tr>\n<\/tbody>\n<\/table>\n<ul>\n<li><strong><a href=\"http:\/\/www.katolickenoviny.sk\" target=\"_blank\" rel=\"noopener\">KN<\/a> \u010d. 23<\/strong> \u2013 Spolupracujme s&nbsp;Duchom Sv\u00e4t\u00fdm, ktor\u00fd udr\u017eiava vieru neust\u00e1le mlad\u00fa. \u2013 Ka\u017ed\u00e9ho, kto m\u0148a vyzn\u00e1 pred \u013eu\u010fmi, aj ja vyzn\u00e1m pred svoj\u00edm Otcom. \u2013 Najjednoduch\u0161ie sa s&nbsp;Bohom stret\u00e1vame v Eucharistii. \u2013 Nechajme Je\u017ei\u0161a prejs\u0165 ulicami miest a ded\u00edn. \u2013 Neopus\u0165 ma Pane, ke\u010f mi sily ochabn\u00fa. \u2013 Posv\u00e4tn\u00fd ru\u017eenec za pokoj a&nbsp;mier vo svete. \u2013 Gospelov\u00ed fan\u00fa\u0161ici si pri\u0161li na svoje. \u2013 V&nbsp;sile Ducha Sv\u00e4t\u00e9ho odpusti\u0165 a&nbsp;obja\u0165. \u2013 Evanjelizujme pr\u00edkladom l\u00e1sky v rodin\u00e1ch. \u2013 Deti pozvali p\u00e1pe\u017ea Franti\u0161ka na Ukrajinu. \u2013 Cirkev \u017eije a&nbsp;rastie z Eucharistie. \u2013 Eucharistia je dia\u013enicou s&nbsp;neobmedzenou r\u00fdchlos\u0165ou. \u2013 Oble\u010dte sa do telev\u00edznych inscen\u00e1ci\u00ed. \u2013 Biblick\u00e1 olympi\u00e1da. \u2013 Ako vzdelanie ovplyv\u0148uje v\u00fd\u0161ku platu. \u2013 Prij\u00edmanie Eucharistie do r\u00fak.<\/li>\n<li><strong><u>Nasleduj\u00faci v\u00edkend 17.06. \u2013 18.06.2022 sa v&nbsp;Ko\u0161ickej katedr\u00e1le \u2013 D\u00f3me sv. Al\u017ebety o&nbsp;10.00 hod.<\/u><\/strong> bud\u00fa vysluhova\u0165 diakonsk\u00e9 i&nbsp;k\u0148azsk\u00e9 vysviacky a&nbsp;nasleduj\u00face&nbsp;nedele i&nbsp;samotn\u00e9 k\u0148azsk\u00e9 prim\u00edcie novok\u0148azov.<\/li>\n<\/ul>\n","protected":false},"excerpt":{"rendered":"<p>Pondelok \/13.06.\/ sv. Antona Padu\u00e1nskeho, k\u0148aza a&nbsp;u\u010dite\u013ea Cirkvi spomienka 18.00 Str\u00e1\u017eske + J\u00e1n a&nbsp;Helena Bern\u00e1t 17.00 Brekov + Du\u0161an Nemec Utorok \/14.06.\/ f\u00e9ria 07.00 Str\u00e1\u017eske + Emil Hud\u00e1k &nbsp; &nbsp; Streda \/15.06.\/ f\u00e9ria 18.00 Str\u00e1\u017eske \u2013 vig\u00edlna + M\u00e1ria Prista\u0161ov\u00e1 17.00 Brekov \u2013 vig\u00edlna + z&nbsp;rodiny Nemcovej \u0160tvrtok \/16.06.\/ Sl\u00e1vnos\u0165 Najsv\u00e4tej\u0161ieho Kristovho Tela a Krvi [&hellip;]<\/p>\n","protected":false},"author":1,"featured_media":0,"comment_status":"closed","ping_status":"closed","sticky":false,"template":"","format":"standard","meta":{"ngg_post_thumbnail":0,"footnotes":""},"categories":[4],"tags":[],"class_list":["post-42700","post","type-post","status-publish","format-standard","hentry","category-farske-oznamy"],"views":1187,"_links":{"self":[{"href":"https:\/\/www.farnost-strazske.sk\/index.php?rest_route=\/wp\/v2\/posts\/42700","targetHints":{"allow":["GET"]}}],"collection":[{"href":"https:\/\/www.farnost-strazske.sk\/index.php?rest_route=\/wp\/v2\/posts"}],"about":[{"href":"https:\/\/www.farnost-strazske.sk\/index.php?rest_route=\/wp\/v2\/types\/post"}],"author":[{"embeddable":true,"href":"https:\/\/www.farnost-strazske.sk\/index.php?rest_route=\/wp\/v2\/users\/1"}],"replies":[{"embeddable":true,"href":"https:\/\/www.farnost-strazske.sk\/index.php?rest_route=%2Fwp%2Fv2%2Fcomments&post=42700"}],"version-history":[{"count":1,"href":"https:\/\/www.farnost-strazske.sk\/index.php?rest_route=\/wp\/v2\/posts\/42700\/revisions"}],"predecessor-version":[{"id":42701,"href":"https:\/\/www.farnost-strazske.sk\/index.php?rest_route=\/wp\/v2\/posts\/42700\/revisions\/42701"}],"wp:attachment":[{"href":"https:\/\/www.farnost-strazske.sk\/index.php?rest_route=%2Fwp%2Fv2%2Fmedia&parent=42700"}],"wp:term":[{"taxonomy":"category","embeddable":true,"href":"https:\/\/www.farnost-strazske.sk\/index.php?rest_route=%2Fwp%2Fv2%2Fcategories&post=42700"},{"taxonomy":"post_tag","embeddable":true,"href":"https:\/\/www.farnost-strazske.sk\/index.php?rest_route=%2Fwp%2Fv2%2Ftags&post=42700"}],"curies":[{"name":"wp","href":"https:\/\/api.w.org\/{rel}","templated":true}]}}