{"id":42705,"date":"2022-06-19T22:43:07","date_gmt":"2022-06-19T20:43:07","guid":{"rendered":"https:\/\/www.farnost-strazske.sk\/?p=42705"},"modified":"2022-06-19T22:43:08","modified_gmt":"2022-06-19T20:43:08","slug":"liturgicky-prehlad-a-oznamy-20-6-26-6-2022","status":"publish","type":"post","link":"https:\/\/www.farnost-strazske.sk\/?p=42705","title":{"rendered":"<strong>Liturgick\u00fd preh\u013ead a&nbsp;oznamy <\/strong><strong>20.6. \u2013 26.6. 2022<\/strong>"},"content":{"rendered":"<table width=\"97%\">\n<tbody>\n<tr>\n<td width=\"28%\">\n<p style=\"text-align: center;\"><strong>Pondelok \/20.06.\/<\/strong><\/p>\n<p style=\"text-align: center;\"><em>f\u00e9ria<\/em><\/p>\n<\/td>\n<td width=\"33%\"><strong>18.00 Str\u00e1\u017eske<br \/>\n<\/strong>+ J\u00e1n Kirvej<\/td>\n<td width=\"33%\"><strong>17.00 Brekov<br \/>\n<\/strong>+ z&nbsp;rodiny Miha\u013ekovej \u010d. 247<\/td>\n<\/tr>\n<tr>\n<td width=\"28%\">\n<p style=\"text-align: center;\"><strong>Utorok \/21.06.\/<\/strong><\/p>\n<p style=\"text-align: center;\">sv. Alojza Gonz\u00e1gu, reho\u013en\u00edka<em><br \/>\nspomienka<\/em><\/p>\n<\/td>\n<td width=\"33%\"><strong>07.00 Str\u00e1\u017eske<br \/>\n<\/strong>+ Michal a&nbsp;Mariana Maru\u0161\u010d\u00e1k<\/td>\n<td width=\"33%\"><strong>&nbsp;<\/strong><\/p>\n<p>&nbsp;<\/td>\n<\/tr>\n<tr>\n<td width=\"28%\">\n<p style=\"text-align: center;\"><strong>Streda \/22.06.\/<\/strong><\/p>\n<p style=\"text-align: center;\"><em>f\u00e9ria<\/em><\/p>\n<\/td>\n<td width=\"33%\"><strong>18.00 Str\u00e1\u017eske \u2013 vig\u00edlna<br \/>\n<\/strong>+ Michal a&nbsp;Verona Ma\u0165a\u0161<\/td>\n<td width=\"33%\"><strong>17.00 Brekov \u2013 vig\u00edlna<br \/>\n<\/strong>+ Michal Havrilko<\/td>\n<\/tr>\n<tr>\n<td width=\"28%\">\n<p style=\"text-align: center;\"><strong>\u0160tvrtok <\/strong><strong>\/23.06.\/<\/strong><\/p>\n<p style=\"text-align: center;\">Narodenie sv. J\u00e1na Krstite\u013ea, predchodcu Mesi\u00e1\u0161a<\/p>\n<\/td>\n<td width=\"33%\"><strong>17.00 Krivo\u0161\u0165any<\/strong><\/p>\n<p><strong>18.15 Str\u00e1\u017eske<br \/>\n<\/strong>ZBP pre Milo\u0161a i&nbsp;Adrianu Ki\u017eik<\/td>\n<td width=\"33%\"><strong>17.00 Pust\u00e9 \u010cemern\u00e9<\/strong><\/p>\n<p><strong>18.15 Brekov<br \/>\n<\/strong>ZBP pre Helenu P\u0161eni\u010d\u0148\u00e1kov\u00fa<\/td>\n<\/tr>\n<tr>\n<td width=\"28%\">\n<p style=\"text-align: center;\"><strong>Piatok <\/strong><strong>\/24.06.\/<\/strong><\/p>\n<p style=\"text-align: center;\">Sl\u00e1vnos\u0165 Najsv\u00e4tej\u0161ieho srdca Je\u017ei\u0161ovho<\/p>\n<\/td>\n<td width=\"33%\"><strong>17.00 Krivo\u0161\u0165any<\/strong><\/p>\n<p><strong>18.15 Str\u00e1\u017eske<br \/>\n<\/strong>+ Anton Balog<\/td>\n<td width=\"33%\"><strong>17.00 Pust\u00e9 \u010cemern\u00e9<\/strong><\/p>\n<p><strong>18.15 Brekov<br \/>\n<\/strong>+ J\u00e1n Kov\u00e1\u010d<\/td>\n<\/tr>\n<tr>\n<td width=\"28%\">\n<p style=\"text-align: center;\"><strong>Sobota <\/strong><strong>\/25.06.\/<\/strong><\/p>\n<p style=\"text-align: center;\">Nepo\u0161kvrnen\u00e9 srdce Panny M\u00e1rie<\/p>\n<\/td>\n<td width=\"33%\"><em><u>17.15 ve\u010deradlo s&nbsp;Pannou M\u00e1riou<\/u><\/em><\/p>\n<p><strong>18.00 Str\u00e1\u017eske \u2013 s&nbsp;plat. Nedele<br \/>\n<\/strong>+ J\u00e1n a&nbsp;Al\u017ebeta Je\u0161ko<\/td>\n<td width=\"33%\"><em><u>16.15 ve\u010deradlo s&nbsp;Pannou M\u00e1riou<\/u><\/em><\/p>\n<p><strong>17.00 Brekov \u2013 s&nbsp;plat. Nedele<br \/>\n<\/strong>+ M\u00e1ria Packov\u00e1<\/td>\n<\/tr>\n<tr>\n<td width=\"28%\">\n<p style=\"text-align: center;\"><strong>Nede\u013ea \/26.06.\/<\/strong><\/p>\n<p style=\"text-align: center;\"><strong>13. nede\u013ea v&nbsp;obdob\u00ed cez rok<\/strong><\/p>\n<\/td>\n<td width=\"33%\"><strong>08.00 Krivo\u0161\u0165any<\/strong><\/p>\n<p><strong>09.30 Str\u00e1\u017eske<br \/>\n<\/strong>ZBP pre J\u00e1na \u0160\u00e1ndora s rodinou&nbsp; &nbsp;&nbsp;&nbsp;&nbsp;<\/td>\n<td width=\"33%\"><strong>08.00 Brekov<br \/>\n<\/strong>ZBP pre Marianu a&nbsp;Luciu Demko<\/p>\n<p><strong>09.30 Pust\u00e9 \u010cemern\u00e9<\/strong><\/td>\n<\/tr>\n<\/tbody>\n<\/table>\n<ul>\n<li><strong><a href=\"http:\/\/www.katolickenoviny.sk\" target=\"_blank\" rel=\"noopener\">KN<\/a> \u010d. 24<\/strong> \u2013 M\u00e1me nov\u00fdch k\u0148azov. \u2013 Bo\u017eiu milos\u0165 si m\u00e1 farnos\u0165 vyprosi\u0165. \u2013 Ka\u017ed\u00fd m\u00e1 \u010dosi, \u010d\u00edm m\u00f4\u017ee ostatn\u00fdch obohati\u0165. \u2013 Kr\u00e1\u013eovn\u00e1 rodiny je tu doma. \u2013 Vysla\u0165 svetlicu s&nbsp;prosbou o pomoc. \u2013 Star\u00ed \u013eudia ako poslovia ne\u017enosti. \u2013 \u017di\u0165 s&nbsp;druh\u00fdmi a&nbsp;pre druh\u00fdch. \u2013 Nov\u00fd syst\u00e9m nahlasovania zneu\u017e\u00edvania. \u2013 Teroristick\u00fd \u00fatok na katol\u00edcky kostol v Nig\u00e9rii. \u2013 K\u0148azi zo Sic\u00edlie na audiencii u&nbsp;p\u00e1pe\u017ea Franti\u0161ka. \u2013 \u017div\u00e9 spolo\u010denstvo Bo\u017eieho \u013eudu. \u2013 Dok\u00e1\u017ee \u013eud\u00ed zladi\u0165 do jednej harm\u00f3nie. \u2013 Magdal\u00e9nka \u017eiari \u010dist\u00fdmi l\u00edniami. \u2013 Stretn\u00fa\u0165 Je\u017ei\u0161a a&nbsp;u\u017e na\u0148ho nikdy nezabudn\u00fa\u0165. \u2013 Laici d\u00e1vaj\u00fa farnosti a&nbsp;z\u00e1rove\u0148 samotnej Cirkvi akt\u00edvny \u017eivot. \u2013 Zanietenie venoval slovensk\u00e9mu \u013eudu. \u2013 Dielo Rytier Don Quijote de la Mancha patr\u00ed k&nbsp;najkraj\u0161\u00edm knih\u00e1m Slovenska.<\/li>\n<li><strong><u>Nasleduj\u00faci v\u00edkend 23.06. \u2013 25.06.2022 budeme sl\u00e1vi\u0165 tri v\u00fdznamn\u00e9 udalosti liturgick\u00e9ho kalend\u00e1ra:<\/u><\/strong> sl\u00e1vnos\u0165 narodenia sv. J\u00e1na Krstite\u013ea, sl\u00e1vnos\u0165 Najsv\u00e4tej\u0161ieho srdca Je\u017ei\u0161ovho i&nbsp;Nepo\u0161kvrnen\u00e9 srdce P. M\u00e1rie<\/li>\n<li><strong><u>Nasleduj\u00facu nede\u013eu 26.06.2022 sa uskuto\u010dn\u00ed tradi\u010dn\u00e1 zbierka na dobro\u010dinn\u00e9 diela p\u00e1pe\u017ea Franti\u0161ka.<\/u><\/strong><\/li>\n<\/ul>\n","protected":false},"excerpt":{"rendered":"<p>Pondelok \/20.06.\/ f\u00e9ria 18.00 Str\u00e1\u017eske + J\u00e1n Kirvej 17.00 Brekov + z&nbsp;rodiny Miha\u013ekovej \u010d. 247 Utorok \/21.06.\/ sv. Alojza Gonz\u00e1gu, reho\u013en\u00edka spomienka 07.00 Str\u00e1\u017eske + Michal a&nbsp;Mariana Maru\u0161\u010d\u00e1k &nbsp; &nbsp; Streda \/22.06.\/ f\u00e9ria 18.00 Str\u00e1\u017eske \u2013 vig\u00edlna + Michal a&nbsp;Verona Ma\u0165a\u0161 17.00 Brekov \u2013 vig\u00edlna + Michal Havrilko \u0160tvrtok \/23.06.\/ Narodenie sv. J\u00e1na Krstite\u013ea, predchodcu [&hellip;]<\/p>\n","protected":false},"author":1,"featured_media":0,"comment_status":"closed","ping_status":"closed","sticky":false,"template":"","format":"standard","meta":{"ngg_post_thumbnail":0,"footnotes":""},"categories":[4],"tags":[],"class_list":["post-42705","post","type-post","status-publish","format-standard","hentry","category-farske-oznamy"],"views":1366,"_links":{"self":[{"href":"https:\/\/www.farnost-strazske.sk\/index.php?rest_route=\/wp\/v2\/posts\/42705","targetHints":{"allow":["GET"]}}],"collection":[{"href":"https:\/\/www.farnost-strazske.sk\/index.php?rest_route=\/wp\/v2\/posts"}],"about":[{"href":"https:\/\/www.farnost-strazske.sk\/index.php?rest_route=\/wp\/v2\/types\/post"}],"author":[{"embeddable":true,"href":"https:\/\/www.farnost-strazske.sk\/index.php?rest_route=\/wp\/v2\/users\/1"}],"replies":[{"embeddable":true,"href":"https:\/\/www.farnost-strazske.sk\/index.php?rest_route=%2Fwp%2Fv2%2Fcomments&post=42705"}],"version-history":[{"count":1,"href":"https:\/\/www.farnost-strazske.sk\/index.php?rest_route=\/wp\/v2\/posts\/42705\/revisions"}],"predecessor-version":[{"id":42706,"href":"https:\/\/www.farnost-strazske.sk\/index.php?rest_route=\/wp\/v2\/posts\/42705\/revisions\/42706"}],"wp:attachment":[{"href":"https:\/\/www.farnost-strazske.sk\/index.php?rest_route=%2Fwp%2Fv2%2Fmedia&parent=42705"}],"wp:term":[{"taxonomy":"category","embeddable":true,"href":"https:\/\/www.farnost-strazske.sk\/index.php?rest_route=%2Fwp%2Fv2%2Fcategories&post=42705"},{"taxonomy":"post_tag","embeddable":true,"href":"https:\/\/www.farnost-strazske.sk\/index.php?rest_route=%2Fwp%2Fv2%2Ftags&post=42705"}],"curies":[{"name":"wp","href":"https:\/\/api.w.org\/{rel}","templated":true}]}}