{"id":42707,"date":"2022-06-19T22:46:19","date_gmt":"2022-06-19T20:46:19","guid":{"rendered":"https:\/\/www.farnost-strazske.sk\/?p=42707"},"modified":"2022-06-19T22:46:20","modified_gmt":"2022-06-19T20:46:20","slug":"da-sa-najst","status":"publish","type":"post","link":"https:\/\/www.farnost-strazske.sk\/?p=42707","title":{"rendered":"D\u00e1 sa n\u00e1js\u0165"},"content":{"rendered":"\n<p id=\"wnd_TextBlock_932129405_inner_0\" style=\"font-size:17px\">Vini\u0165 Boha je jednoduch\u00e9. Za veci, ktor\u00e9 sa stali n\u00e1m \u010di \u013eu\u010fom okolo n\u00e1s. Je to tak\u00e9 \u013eahk\u00e9, ba niekedy a\u017e \u017eiad\u00face, pri poh\u013eade na mnoh\u00e9 rany, jazvy, nedorozumenia a podvody, ktor\u00e9 n\u00e1m \u017eivot dennodenne prin\u00e1\u0161a. Obvi\u0148ova\u0165 Boha mo\u017eno kedyko\u013evek a m\u00f4\u017ee to robi\u0165 hocikto, zvl\u00e1\u0161\u0165, ak sme dosia\u013e nepochopili a e\u0161te neobjavili, k\u00fdm Je\u017ei\u0161 naozaj je.<\/p>\n\n\n\n<p id=\"wnd_TextBlock_932129405_inner_1\" style=\"font-size:17px\">Zopakujem: spochyb\u0148ova\u0165 Bo\u017eiu dobrotu, jeho starostlivos\u0165 a jedine\u010dn\u00fd z\u00e1ujem o m\u00f4j \u017eivot, ide to \u013eahko, pokia\u013e som e\u0161te nezak\u00fasil, kto je Je\u017ei\u0161.<\/p>\n\n\n\n<p id=\"wnd_TextBlock_932129405_inner_2\" style=\"font-size:17px\">Peter, hoci vyzn\u00e1, \u017ee Je\u017ei\u0161 je Mesi\u00e1\u0161, st\u00e1le nerozumie, \u010do to znamen\u00e1. Vyslov\u00ed to meno, mo\u017eno sa pri tom vysloven\u00ed aj zachveje, av\u0161ak to poznanie n\u00edm nezatrasie tak, aby ch\u00e1pal a prijal to, \u010do bude nasledova\u0165: \u017ee Je\u017ei\u0161 sa dobrovo\u013ene rozhodne \u00eds\u0165 do Jeruzalema a dovol\u00ed, aby ho ukri\u017eovali.<\/p>\n\n\n\n<p id=\"wnd_TextBlock_932129405_inner_3\" style=\"font-size:17px\">Z \u013eudsk\u00e9ho nazerania na svet sa to ani prija\u0165 ned\u00e1. Ani pochopi\u0165.<\/p>\n\n\n\n<p id=\"wnd_TextBlock_932129405_inner_4\" style=\"font-size:17px\">Peter tomu nerozumie vtedy, ke\u010f im o tom Je\u017ei\u0161 hovor\u00ed a nerozumie, ani ke\u010f sa tak stane.<\/p>\n\n\n\n<p id=\"wnd_TextBlock_932129405_inner_5\" style=\"font-size:17px\">Mesi\u00e1\u0161a ukri\u017euj\u00fa. Peter je zdrven\u00fd. A ke\u010f \u017eeny prich\u00e1dzaj\u00fa, aby mu zvestovali, \u017ee videli \u017eiv\u00e9ho Je\u017ei\u0161a, &#8211; vraj vstal z m\u0155tvych, &#8211; nem\u00f4\u017ee tomu uveri\u0165. Lebo st\u00e1le nevid\u00ed v plnej pravde, k\u00fdm Je\u017ei\u0161 je.<\/p>\n\n\n\n<p id=\"wnd_TextBlock_932129405_inner_6\" style=\"font-size:17px\">A Petrovi e\u0161te chv\u00ed\u013eu potrv\u00e1, k\u00fdm pochop\u00ed, k\u00fdm Je\u017ei\u0161 naozaj je.<\/p>\n\n\n\n<div class=\"wp-block-image\"><figure class=\"aligncenter is-resized\"><img loading=\"lazy\" decoding=\"async\" src=\"https:\/\/96e19d8f6d.clvaw-cdnwnd.com\/56958a3ff2fd5fdcdbd797b978b04dd5\/200000285-20b4b21ae6\/_DSC5272.jpg?ph=96e19d8f6d\" alt=\"\" width=\"500\" height=\"334\"\/><\/figure><\/div>\n\n\n\n<p id=\"wnd_TextBlock_932129405_inner_7\" style=\"font-size:17px\">Ak by sme naozaj uverili a odhalili, k\u00fdm Je\u017ei\u0161 je, mnoh\u00e9 by sa v na\u0161om \u017eivote radik\u00e1lne zmenilo. \u013dudsk\u00e9 by sa obalilo milos\u0165ou, ktor\u00e1 by n\u00e1s dr\u017eala viac nad oblakmi ako na zemi. Nemysl\u00edm t\u00fdm, \u017ee by sme boli roj\u010div\u00fd \u010di zasnen\u00fd. Ale \u017ee Je\u017ei\u0161 n\u00e1m, ak pochop\u00edme, k\u00fdm je, m\u00f4\u017ee da\u0165 \u00faplne nov\u00e9 videnie ka\u017edodennosti &#8211; optikou neba, nie zeme ako domova.<\/p>\n\n\n\n<p id=\"wnd_TextBlock_932129405_inner_8\" style=\"font-size:17px\">Zmyslom zeme toti\u017e nie je zem.<\/p>\n\n\n\n<p id=\"wnd_TextBlock_932129405_inner_9\" style=\"font-size:17px\">Aby sme to v\u0161ak pochopili, potrebujeme vidie\u0165 skuto\u010dn\u00e9ho Je\u017ei\u0161a.<\/p>\n\n\n\n<p id=\"wnd_TextBlock_932129405_inner_10\" style=\"font-size:17px\">To sa v\u0161ak ned\u00e1 z \u013eudsk\u00fdch s\u00edl. Aj to je milos\u0165, za ktor\u00fa treba prosi\u0165 &#8211; zak\u00fasi\u0165 skuto\u010dn\u00e9ho Boha. Dostali sme v\u0161ak pris\u013e\u00fabenie, \u017ee t\u00ed, ktor\u00ed bud\u00fa t\u00fa\u017ei\u0165, Boha aj za\u017eij\u00fa:&nbsp;<em>Budete ma h\u013eada\u0165 a n\u00e1jdete ma; ak ma budete h\u013eada\u0165 cel\u00fdm svoj\u00edm srdcom, d\u00e1m sa v\u00e1m n\u00e1js\u0165 &#8211; hovor\u00ed P\u00e1n<\/em>&nbsp;(Jer29, 13).<\/p>\n\n\n\n<p id=\"wnd_TextBlock_932129405_inner_11\" style=\"font-size:17px\">D\u00e1 sa n\u00e1m n\u00e1js\u0165!<\/p>\n\n\n\n<p id=\"wnd_TextBlock_932129405_inner_12\" style=\"font-size:17px\">\u017del\u00e1m si Boha vidie\u0165. Aby som skrze neho rozumel svetu a ka\u017edodennosti optikou bud\u00faceho (skuto\u010dn\u00e9ho) domova, ktor\u00fd nekone\u010dne prevy\u0161uje \u010doko\u013evek, \u010do sme dosia\u013e videli \u010di za\u017eili&#8230;<\/p>\n\n\n\n<p style=\"font-size:17px\"><em>Autor:&nbsp;<\/em><a rel=\"noreferrer noopener\" href=\"https:\/\/www.vladkostefanic.com\/\" target=\"_blank\"><em>Vladim\u00edr \u0160tefani\u010d<\/em><\/a><\/p>\n","protected":false},"excerpt":{"rendered":"<p>Vini\u0165 Boha je jednoduch\u00e9. Za veci, ktor\u00e9 sa stali n\u00e1m \u010di \u013eu\u010fom okolo n\u00e1s. Je to tak\u00e9 \u013eahk\u00e9, ba niekedy a\u017e \u017eiad\u00face, pri poh\u013eade na mnoh\u00e9 rany, jazvy, nedorozumenia a podvody, ktor\u00e9 n\u00e1m \u017eivot dennodenne prin\u00e1\u0161a. Obvi\u0148ova\u0165 Boha mo\u017eno kedyko\u013evek a m\u00f4\u017ee to robi\u0165 hocikto, zvl\u00e1\u0161\u0165, ak sme dosia\u013e nepochopili a e\u0161te neobjavili, k\u00fdm Je\u017ei\u0161 [&hellip;]<\/p>\n","protected":false},"author":1,"featured_media":0,"comment_status":"closed","ping_status":"closed","sticky":false,"template":"","format":"standard","meta":{"ngg_post_thumbnail":0,"footnotes":""},"categories":[22],"tags":[],"class_list":["post-42707","post","type-post","status-publish","format-standard","hentry","category-zamyslenia"],"views":211,"_links":{"self":[{"href":"https:\/\/www.farnost-strazske.sk\/index.php?rest_route=\/wp\/v2\/posts\/42707","targetHints":{"allow":["GET"]}}],"collection":[{"href":"https:\/\/www.farnost-strazske.sk\/index.php?rest_route=\/wp\/v2\/posts"}],"about":[{"href":"https:\/\/www.farnost-strazske.sk\/index.php?rest_route=\/wp\/v2\/types\/post"}],"author":[{"embeddable":true,"href":"https:\/\/www.farnost-strazske.sk\/index.php?rest_route=\/wp\/v2\/users\/1"}],"replies":[{"embeddable":true,"href":"https:\/\/www.farnost-strazske.sk\/index.php?rest_route=%2Fwp%2Fv2%2Fcomments&post=42707"}],"version-history":[{"count":1,"href":"https:\/\/www.farnost-strazske.sk\/index.php?rest_route=\/wp\/v2\/posts\/42707\/revisions"}],"predecessor-version":[{"id":42708,"href":"https:\/\/www.farnost-strazske.sk\/index.php?rest_route=\/wp\/v2\/posts\/42707\/revisions\/42708"}],"wp:attachment":[{"href":"https:\/\/www.farnost-strazske.sk\/index.php?rest_route=%2Fwp%2Fv2%2Fmedia&parent=42707"}],"wp:term":[{"taxonomy":"category","embeddable":true,"href":"https:\/\/www.farnost-strazske.sk\/index.php?rest_route=%2Fwp%2Fv2%2Fcategories&post=42707"},{"taxonomy":"post_tag","embeddable":true,"href":"https:\/\/www.farnost-strazske.sk\/index.php?rest_route=%2Fwp%2Fv2%2Ftags&post=42707"}],"curies":[{"name":"wp","href":"https:\/\/api.w.org\/{rel}","templated":true}]}}