{"id":42712,"date":"2022-06-26T22:44:18","date_gmt":"2022-06-26T20:44:18","guid":{"rendered":"https:\/\/www.farnost-strazske.sk\/?p=42712"},"modified":"2022-06-26T22:44:19","modified_gmt":"2022-06-26T20:44:19","slug":"liturgicky-prehlad-a-oznamy-27-6-3-7-2022","status":"publish","type":"post","link":"https:\/\/www.farnost-strazske.sk\/?p=42712","title":{"rendered":"Liturgick\u00fd preh\u013ead a\u00a0oznamy 27.6. \u2013 3.7. 2022"},"content":{"rendered":"<table width=\"97%\">\n<tbody>\n<tr>\n<td width=\"28%\">\n<p style=\"text-align: center;\"><strong>Pondelok \/27.06.\/<\/strong><\/p>\n<p style=\"text-align: center;\">sv. Cyrila Alexandrijsk\u00e9ho<em><br \/>\nspomienka<\/em><\/p>\n<\/td>\n<td width=\"33%\"><strong>18.00 Str\u00e1\u017eske<br \/>\n<\/strong>+ z&nbsp;rod\u00edn Duncovej, Klemb\u00e1rovej<\/td>\n<td width=\"33%\"><em><u>15.30\u201317.00 Brekov-sv.zmierenia<\/u><\/em><\/p>\n<p><strong>17.00 Brekov<br \/>\n<\/strong>+ Pavol Starigazda<\/td>\n<\/tr>\n<tr>\n<td width=\"28%\">\n<p style=\"text-align: center;\"><strong>Utorok \/28.06.\/<\/strong><\/p>\n<p style=\"text-align: center;\">sv. Ireneja, biskupa, mu\u010den\u00edka<em><br \/>\nspomienka<\/em><\/p>\n<\/td>\n<td width=\"33%\"><em><u>16.30\u201318.00 Str\u00e1\u017eske-sv.zmierenia<\/u><\/em><\/p>\n<p><strong>18.00 Str\u00e1\u017eske \u2013 vig\u00edlna<br \/>\n<\/strong>+ J\u00e1n Feren\u010d\u00edk<\/td>\n<td width=\"33%\"><strong>&nbsp;<\/strong><\/p>\n<p>&nbsp;<\/td>\n<\/tr>\n<tr>\n<td width=\"28%\">\n<p style=\"text-align: center;\"><strong>Streda \/29.06.\/<\/strong><\/p>\n<p style=\"text-align: center;\">Sl\u00e1vnos\u0165 sv. Petra a&nbsp;Pavla, apo\u0161tolov<\/p>\n<\/td>\n<td width=\"33%\"><em><u>16.00\u201317.00 Krivo\u0161\u0165any-sv.zmierenia<\/u><\/em><\/p>\n<p><strong>17.00 Krivo\u0161\u0165any<\/strong><\/p>\n<p><strong>18.15 Str\u00e1\u017eske<br \/>\n<\/strong>ZBP pre Petra a&nbsp;Pavla Obla\u017en\u00fdch<\/td>\n<td width=\"33%\"><em><u>16.00\u201317.00 P.\u010cemern\u00e9-sv.zmierenia<\/u><\/em><\/p>\n<p><strong>17.00 Pust\u00e9 \u010cemern\u00e9 <\/strong><\/p>\n<p><strong>18.15 Brekov<br \/>\n<\/strong>ZBP pre Bohuzn\u00e1mu rodinu<\/td>\n<\/tr>\n<tr>\n<td width=\"28%\">\n<p style=\"text-align: center;\"><strong>\u0160tvrtok <\/strong><strong>\/30.06.\/<\/strong><\/p>\n<p style=\"text-align: center;\">Prv\u00ed mu\u010den\u00edci Cirkvi v R\u00edme<\/p>\n<\/td>\n<td width=\"33%\"><em><u>16.30\u201318.00 Str\u00e1\u017eske-sv.zmierenia<\/u><\/em><\/p>\n<p><strong>18.00 Str\u00e1\u017eske<br \/>\n<\/strong>ZBP pre r. Ki\u017eik, Mra\u017eik, Zmuda<\/td>\n<td width=\"33%\"><strong>&nbsp;<\/strong><\/td>\n<\/tr>\n<tr>\n<td width=\"28%\">\n<p style=\"text-align: center;\"><strong>Piatok <\/strong><strong>\/01.07.\/<\/strong><\/p>\n<p style=\"text-align: center;\"><em>f\u00e9ria<\/em><\/p>\n<\/td>\n<td width=\"33%\"><em><u>08.00 Str\u00e1\u017eske\u2013sv.zmierenia chor\u00fdch<\/u><\/em><\/p>\n<p><strong>17.00 Krivo\u0161\u0165any<\/strong><\/p>\n<p><strong>18.15 Str\u00e1\u017eske<br \/>\n<\/strong>+ z&nbsp;rod\u00edn Lacovej a \u0160irokej<\/td>\n<td width=\"33%\"><em><u>08.00 Brekov\u2013sv.zmierenia chor\u00fdch<\/u><\/em><\/p>\n<p><strong>17.00 Pust\u00e9 \u010cemern\u00e9<\/strong><\/p>\n<p><strong>18.15 Brekov<br \/>\n<\/strong>+ z&nbsp;rod\u00edn Jurovej a Timkovej<\/td>\n<\/tr>\n<tr>\n<td width=\"28%\">\n<p style=\"text-align: center;\"><strong>Sobota <\/strong><strong>\/02.07.\/<\/strong><\/p>\n<p style=\"text-align: center;\">Sviatok Nav\u0161t\u00edvenia Panny M\u00e1rie<\/p>\n<\/td>\n<td width=\"33%\"><em><u>08.00 ve\u010deradlo s&nbsp;Pannou M\u00e1riou<\/u><\/em><\/p>\n<p><strong>09.00 Str\u00e1\u017eske<br \/>\n<\/strong>+ Mari\u00e1n Ba\u00e1n<\/td>\n<td width=\"33%\"><em><u>16.00 ve\u010deradlo s&nbsp;Pannou M\u00e1riou<\/u><\/em><\/p>\n<p><strong>17.00 Brekov \u2013 pod hradom spn.<br \/>\n<\/strong>+ z&nbsp;rodiny Sasovej<\/td>\n<\/tr>\n<tr>\n<td width=\"28%\">\n<p style=\"text-align: center;\"><strong>Nede\u013ea \/03.07.\/<\/strong><\/p>\n<p style=\"text-align: center;\"><strong>14. nede\u013ea v&nbsp;obdob\u00ed cez rok<\/strong><\/p>\n<\/td>\n<td width=\"33%\"><strong>08.00 Krivo\u0161\u0165any<\/strong><\/p>\n<p><strong>09.30 Str\u00e1\u017eske<br \/>\n<\/strong>ZBP pre M\u00e1riu Horv\u00e1tov\u00fa&nbsp; &nbsp;&nbsp;&nbsp;&nbsp;<\/td>\n<td width=\"33%\"><strong>08.00 Pust\u00e9 \u010cemern\u00e9<\/strong><\/p>\n<p><strong>09.30 Brekov<br \/>\n<\/strong>ZBP pre Ladislava a&nbsp;Irenu Nemec<\/td>\n<\/tr>\n<\/tbody>\n<\/table>\n<ul>\n<li><strong><a href=\"http:\/\/www.katolickenoviny.sk\" target=\"_blank\" rel=\"noopener\">KN<\/a> \u010d. 25<\/strong> \u2013 Je\u017ei\u0161 Kristus kr\u00e1\u010da cestou \u017eivotom spolu s nami. \u2013 Spr\u00e1vny \u00famysel prin\u00e1\u0161a plnos\u0165 darov. \u2013 Ko\u013eko ru\u017eencov sa d\u00e1 pomodli\u0165 na bicykli. \u2013 Hlas p\u00fa\u0161te a&nbsp;\u017eivota v&nbsp;\u00dadol\u00ed smrti. \u2013 Na Mari\u00e1nsku horu do Levo\u010de s&nbsp;archou \u00famyslov. \u2013 Nav\u0161tevujme star\u00fdch a chor\u00fdch. \u2013 Kr\u00e1\u010da\u0165 za Majstrom s&nbsp;darom \u013eudskosti. \u2013 Charitn\u00e9 dod\u00e1vky priviezli do Dnipra materi\u00e1lnu pomoc v&nbsp;objeme 80 ton. \u2013 P\u00f4stna krabi\u010dka pom\u00e1ha v Afrike. \u2013 P\u00e1pe\u017e Franti\u0161ek prijal budhistick\u00fa deleg\u00e1ciu z Thajska. \u2013 Mot\u00edv putovania v Biblii. \u2013 S&nbsp;Moj\u017ei\u0161om po Sv\u00e4tej zemi. \u2013 Sv\u00e4tos\u0165 nespo\u010d\u00edva v&nbsp;odeve ani v predmetoch. \u2013 Kristus a&nbsp;Cirkev, neoddelite\u013en\u00fd p\u00e1r \u017den\u00edcha a Nevesty. \u2013 Z&nbsp;extr\u00e9mu do extr\u00e9mu s&nbsp;u\u0161\u013eachtil\u00fdm z\u00e1merom. \u2013 Botaniki\u00e1da dostala op\u00e4\u0165 zelen\u00fa. \u2013 Cesta k&nbsp;Najvy\u0161\u0161iemu.<\/li>\n<li><strong><u>V&nbsp;sobotu 02.07.2022 na sviatok Nav\u0161t\u00edvenia Panny M\u00e1rie o&nbsp;17.00 ste v&nbsp;r\u00e1mci celej farnosti srde\u010dne pozvan\u00ed na de\u0148 farskej rodiny v&nbsp;\u00favode letn\u00fdch pr\u00e1zdnin pod Brekovsk\u00fd hrad s&nbsp;ucten\u00edm vz\u00e1cnych relikvi\u00ed.<\/u><\/strong><\/li>\n<\/ul>\n","protected":false},"excerpt":{"rendered":"<p>Pondelok \/27.06.\/ sv. Cyrila Alexandrijsk\u00e9ho spomienka 18.00 Str\u00e1\u017eske + z&nbsp;rod\u00edn Duncovej, Klemb\u00e1rovej 15.30\u201317.00 Brekov-sv.zmierenia 17.00 Brekov + Pavol Starigazda Utorok \/28.06.\/ sv. Ireneja, biskupa, mu\u010den\u00edka spomienka 16.30\u201318.00 Str\u00e1\u017eske-sv.zmierenia 18.00 Str\u00e1\u017eske \u2013 vig\u00edlna + J\u00e1n Feren\u010d\u00edk &nbsp; &nbsp; Streda \/29.06.\/ Sl\u00e1vnos\u0165 sv. Petra a&nbsp;Pavla, apo\u0161tolov 16.00\u201317.00 Krivo\u0161\u0165any-sv.zmierenia 17.00 Krivo\u0161\u0165any 18.15 Str\u00e1\u017eske ZBP pre Petra a&nbsp;Pavla Obla\u017en\u00fdch [&hellip;]<\/p>\n","protected":false},"author":1,"featured_media":0,"comment_status":"closed","ping_status":"closed","sticky":false,"template":"","format":"standard","meta":{"ngg_post_thumbnail":0,"footnotes":""},"categories":[4],"tags":[],"class_list":["post-42712","post","type-post","status-publish","format-standard","hentry","category-farske-oznamy"],"views":1490,"_links":{"self":[{"href":"https:\/\/www.farnost-strazske.sk\/index.php?rest_route=\/wp\/v2\/posts\/42712","targetHints":{"allow":["GET"]}}],"collection":[{"href":"https:\/\/www.farnost-strazske.sk\/index.php?rest_route=\/wp\/v2\/posts"}],"about":[{"href":"https:\/\/www.farnost-strazske.sk\/index.php?rest_route=\/wp\/v2\/types\/post"}],"author":[{"embeddable":true,"href":"https:\/\/www.farnost-strazske.sk\/index.php?rest_route=\/wp\/v2\/users\/1"}],"replies":[{"embeddable":true,"href":"https:\/\/www.farnost-strazske.sk\/index.php?rest_route=%2Fwp%2Fv2%2Fcomments&post=42712"}],"version-history":[{"count":1,"href":"https:\/\/www.farnost-strazske.sk\/index.php?rest_route=\/wp\/v2\/posts\/42712\/revisions"}],"predecessor-version":[{"id":42713,"href":"https:\/\/www.farnost-strazske.sk\/index.php?rest_route=\/wp\/v2\/posts\/42712\/revisions\/42713"}],"wp:attachment":[{"href":"https:\/\/www.farnost-strazske.sk\/index.php?rest_route=%2Fwp%2Fv2%2Fmedia&parent=42712"}],"wp:term":[{"taxonomy":"category","embeddable":true,"href":"https:\/\/www.farnost-strazske.sk\/index.php?rest_route=%2Fwp%2Fv2%2Fcategories&post=42712"},{"taxonomy":"post_tag","embeddable":true,"href":"https:\/\/www.farnost-strazske.sk\/index.php?rest_route=%2Fwp%2Fv2%2Ftags&post=42712"}],"curies":[{"name":"wp","href":"https:\/\/api.w.org\/{rel}","templated":true}]}}