{"id":42714,"date":"2022-06-26T22:47:22","date_gmt":"2022-06-26T20:47:22","guid":{"rendered":"https:\/\/www.farnost-strazske.sk\/?p=42714"},"modified":"2022-06-26T22:47:23","modified_gmt":"2022-06-26T20:47:23","slug":"nakrical-by","status":"publish","type":"post","link":"https:\/\/www.farnost-strazske.sk\/?p=42714","title":{"rendered":"Nakri\u010dal by?"},"content":{"rendered":"\n<p id=\"wnd_TextBlock_772526495_inner_0\" style=\"font-size:17px\">Ko\u013eko oh\u0148a by zniesla na\u0161a zem, ak by sme sa spr\u00e1vali ako apo\u0161toli, v\u017edy, ke\u010f niekto nepr\u00edjme Je\u017ei\u0161a? Lebo ho nevpustili do dediny. Lebo ho nepohostili, nevypo\u010duli a odmietli. Lebo o jeho re\u010di a pou\u010denia, z\u00e1zraky a uzdravenia nemali z\u00e1ujem. A tak sa Jakub a J\u00e1n pozr\u00fa na svojho u\u010dite\u013ea a p\u00fdtaj\u00fa sa: &#8222;Pane, m\u00e1me poveda\u0165, aby zost\u00fapil ohe\u0148 z neba a zni\u010dil ich?&#8220;<\/p>\n\n\n\n<p id=\"wnd_TextBlock_772526495_inner_1\" style=\"font-size:17px\">Mo\u017eno iba zabudli, \u017ee Boh po potope s\u013e\u00fabil viac nevyhubi\u0165 \u010dloveka zo zeme.<\/p>\n\n\n\n<p id=\"wnd_TextBlock_772526495_inner_2\" style=\"font-size:17px\">Mo\u017eno iba nap\u00ednali svaly, ve\u010f na privolanie oh\u0148a z neba zaiste nemali moc.<\/p>\n\n\n\n<p id=\"wnd_TextBlock_772526495_inner_3\" style=\"font-size:17px\">A mo\u017eno si iba \u017eelali, aby Je\u017ei\u0161a nasledovali v\u0161etci a tak pln\u00ed horlivosti chceli privola\u0165 ohe\u0148.<\/p>\n\n\n\n<p id=\"wnd_TextBlock_772526495_inner_4\" style=\"font-size:17px\">A \u010do na to Je\u017ei\u0161? Neprik\u00fdvne. Nezdvihne ruky k nebu a neprivol\u00e1 v\u00edchricu.<\/p>\n\n\n\n<p id=\"wnd_TextBlock_772526495_inner_5\" style=\"font-size:17px\">Je\u017ei\u0161 apo\u0161tolov pokarh\u00e1 a putuje \u010falej, nev\u0161\u00edmaj\u00fac si t\u00fdch, ktor\u00ed si nev\u0161\u00edmaj\u00fa jeho.<\/p>\n\n\n\n<p id=\"wnd_TextBlock_772526495_inner_6\" style=\"font-size:17px\">Nepustili ho medzi seba a tak ich obi\u0161iel. Nepon\u00fakli mu ani jedlo ani noc\u013eah a tak putuje \u010falej. Bez \u0161omrania. Bez v\u00fd\u010ditiek. Bez vyhr\u00e1\u017eok.<\/p>\n\n\n\n<p id=\"wnd_TextBlock_772526495_inner_7\" style=\"font-size:17px\">Je\u017ei\u0161 je tam, kde ho chc\u00fa. A nemst\u00ed sa tam, kde ho nechc\u00fa.<\/p>\n\n\n\n<p id=\"wnd_TextBlock_772526495_inner_8\" style=\"font-size:17px\">Je\u017ei\u0161 nikdy nepresvied\u010da t\u00fdch, ktor\u00ed ho odmietli. Nekri\u010d\u00ed a nes\u00fadi. Takmer nikdy. Takmer. Lebo ak stret\u00e1va tak\u00fdch, ktor\u00ed vieru iba predstieraj\u00fa alebo ju zneu\u017e\u00edvaj\u00fa pre vlastn\u00e9 ciele, vtedy si aj zakri\u010d\u00ed.<\/p>\n\n\n\n<p id=\"wnd_TextBlock_772526495_inner_9\" style=\"font-size:17px\">Ve\u010f farizejom hovor\u00ed priamo, \u017ee sa podobaj\u00fa &#8222;obielen\u00fdm hrobom, ktor\u00e9 zvonka vyzeraj\u00fa pekne, ale vn\u00fatri s\u00fa pln\u00e9 m\u0155tvoln\u00fdch kost\u00ed a v\u0161elijakej ne\u010distoty!&#8220;, k\u00fdm mu\u017eom a \u017een\u00e1m zo sam\u00e1rijskej dediny nepovie ni\u010d, lebo oni ni\u010d nepredstieraj\u00fa. Oni si iba vybrali a slobodne sa rozhodli Je\u017ei\u0161a ignorova\u0165.<\/p>\n\n\n\n<p id=\"wnd_TextBlock_772526495_inner_10\" style=\"font-size:17px\">A Je\u017ei\u0161, t\u00fa vo\u013ebu, re\u0161pektuje.<\/p>\n\n\n\n<div class=\"wp-block-image\"><figure class=\"aligncenter is-resized\"><img loading=\"lazy\" decoding=\"async\" src=\"https:\/\/96e19d8f6d.clvaw-cdnwnd.com\/56958a3ff2fd5fdcdbd797b978b04dd5\/200000534-195c5195c8\/_VS97396.jpg?ph=96e19d8f6d\" alt=\"\" width=\"500\" height=\"334\"\/><\/figure><\/div>\n\n\n\n<p id=\"wnd_TextBlock_772526495_inner_11\" style=\"font-size:17px\">\u010co by urobil Je\u017ei\u0161 pri poh\u013eade na m\u0148a?<\/p>\n\n\n\n<p id=\"wnd_TextBlock_772526495_inner_12\" style=\"font-size:17px\">Ml\u010dky by ma obi\u0161iel? Alebo by na m\u0148a nakri\u010dal, \u017ee vieru iba predstieram? Lebo to, \u017ee som v nede\u013eu v kostole e\u0161te neznamen\u00e1, \u017ee po\u010d\u00edtam s Je\u017ei\u0161om vo svojom \u017eivote. Lebo to, \u017ee sa ob\u010das pre\u017eehn\u00e1m a vyslov\u00edm nejak\u00fa streln\u00fa modlitbu e\u0161te neznamen\u00e1, \u017ee som prijal Je\u017ei\u0161a za svojho Spasite\u013ea.<\/p>\n\n\n\n<p id=\"wnd_TextBlock_772526495_inner_13\" style=\"font-size:17px\">Len tak uva\u017eujem&#8230; okr\u00edkol by ma, \u010di objal okolo pliec a viedol \u010falej po ceste s n\u00edm?<\/p>\n\n\n\n<p style=\"font-size:17px\"><em>Autor:&nbsp;<\/em><a rel=\"noreferrer noopener\" href=\"https:\/\/www.vladkostefanic.com\/\" target=\"_blank\"><em>Vladim\u00edr \u0160tefani\u010d<\/em><\/a><\/p>\n","protected":false},"excerpt":{"rendered":"<p>Ko\u013eko oh\u0148a by zniesla na\u0161a zem, ak by sme sa spr\u00e1vali ako apo\u0161toli, v\u017edy, ke\u010f niekto nepr\u00edjme Je\u017ei\u0161a? Lebo ho nevpustili do dediny. Lebo ho nepohostili, nevypo\u010duli a odmietli. Lebo o jeho re\u010di a pou\u010denia, z\u00e1zraky a uzdravenia nemali z\u00e1ujem. A tak sa Jakub a J\u00e1n pozr\u00fa na svojho u\u010dite\u013ea a p\u00fdtaj\u00fa sa: &#8222;Pane, m\u00e1me [&hellip;]<\/p>\n","protected":false},"author":1,"featured_media":0,"comment_status":"closed","ping_status":"closed","sticky":false,"template":"","format":"standard","meta":{"ngg_post_thumbnail":0,"footnotes":""},"categories":[22],"tags":[],"class_list":["post-42714","post","type-post","status-publish","format-standard","hentry","category-zamyslenia"],"views":296,"_links":{"self":[{"href":"https:\/\/www.farnost-strazske.sk\/index.php?rest_route=\/wp\/v2\/posts\/42714","targetHints":{"allow":["GET"]}}],"collection":[{"href":"https:\/\/www.farnost-strazske.sk\/index.php?rest_route=\/wp\/v2\/posts"}],"about":[{"href":"https:\/\/www.farnost-strazske.sk\/index.php?rest_route=\/wp\/v2\/types\/post"}],"author":[{"embeddable":true,"href":"https:\/\/www.farnost-strazske.sk\/index.php?rest_route=\/wp\/v2\/users\/1"}],"replies":[{"embeddable":true,"href":"https:\/\/www.farnost-strazske.sk\/index.php?rest_route=%2Fwp%2Fv2%2Fcomments&post=42714"}],"version-history":[{"count":1,"href":"https:\/\/www.farnost-strazske.sk\/index.php?rest_route=\/wp\/v2\/posts\/42714\/revisions"}],"predecessor-version":[{"id":42715,"href":"https:\/\/www.farnost-strazske.sk\/index.php?rest_route=\/wp\/v2\/posts\/42714\/revisions\/42715"}],"wp:attachment":[{"href":"https:\/\/www.farnost-strazske.sk\/index.php?rest_route=%2Fwp%2Fv2%2Fmedia&parent=42714"}],"wp:term":[{"taxonomy":"category","embeddable":true,"href":"https:\/\/www.farnost-strazske.sk\/index.php?rest_route=%2Fwp%2Fv2%2Fcategories&post=42714"},{"taxonomy":"post_tag","embeddable":true,"href":"https:\/\/www.farnost-strazske.sk\/index.php?rest_route=%2Fwp%2Fv2%2Ftags&post=42714"}],"curies":[{"name":"wp","href":"https:\/\/api.w.org\/{rel}","templated":true}]}}