{"id":43013,"date":"2022-07-11T10:20:36","date_gmt":"2022-07-11T08:20:36","guid":{"rendered":"https:\/\/www.farnost-strazske.sk\/?p=43013"},"modified":"2022-07-11T10:22:25","modified_gmt":"2022-07-11T08:22:25","slug":"liturgicky-prehlad-a-oznamy-11-7-17-7-2022","status":"publish","type":"post","link":"https:\/\/www.farnost-strazske.sk\/?p=43013","title":{"rendered":"Liturgick\u00fd preh\u013ead a\u00a0oznamy 11.7. \u2013 17.7. 2022"},"content":{"rendered":"<table width=\"97%\">\n<tbody>\n<tr>\n<td width=\"28%\">\n<p style=\"text-align: center;\"><strong>Pondelok \/11.07.\/<\/strong><\/p>\n<p style=\"text-align: center;\">sv. Benedikta, op\u00e1ta, spolupatr\u00f3na Eur\u00f3py<em><br \/>\nsviatok<\/em><\/p>\n<\/td>\n<td width=\"33%\"><strong>18.00 Str\u00e1\u017eske<br \/>\n<\/strong>+ J\u00e1n a&nbsp;M\u00e1ria Koko\u010d\u00e1k<\/td>\n<td width=\"33%\"><strong>15:15 Brekov \u2013 pohreb<br \/>\n<\/strong>+ Helena Tu\u0161ajov\u00e1<\/td>\n<\/tr>\n<tr>\n<td width=\"28%\">\n<p style=\"text-align: center;\"><strong>Utorok \/12.07.\/<\/strong><\/p>\n<p style=\"text-align: center;\"><em>f\u00e9ria<\/em><\/p>\n<\/td>\n<td width=\"33%\"><strong>18.00 Str\u00e1\u017eske \u2013 v\u00fdro\u010dn\u00e1<br \/>\n<\/strong>+ Jana Ka\u010dm\u00e1rov\u00e1<\/td>\n<td width=\"33%\"><strong>17.00 Pust\u00e9 \u010cemern\u00e9<\/strong><\/td>\n<\/tr>\n<tr>\n<td width=\"28%\">\n<p style=\"text-align: center;\"><strong>Streda \/13.07.\/<\/strong><\/p>\n<p style=\"text-align: center;\"><em>f\u00e9ria<\/em><\/p>\n<\/td>\n<td width=\"33%\"><strong>07:00 Str\u00e1\u017eske<br \/>\n<\/strong>osobn\u00fd \u00famysel<\/td>\n<td width=\"33%\"><strong>08.00 Brekov<br \/>\n<\/strong>+ Margita Maderi\u010dov\u00e1<\/td>\n<\/tr>\n<tr>\n<td width=\"28%\">\n<p style=\"text-align: center;\"><strong>\u0160tvrtok <\/strong><strong>\/14.07.\/<\/strong><\/p>\n<p style=\"text-align: center;\"><em>f\u00e9ria<\/em><\/p>\n<\/td>\n<td width=\"33%\"><strong>18.00 Str\u00e1\u017eske<br \/>\n<\/strong>+ J\u00e1n Feren\u010d\u00edk, z&nbsp;rod. \u0160ubertovej<\/td>\n<td width=\"33%\"><strong>17.00 Krivo\u0161\u0165any<\/strong><\/td>\n<\/tr>\n<tr>\n<td width=\"28%\">\n<p style=\"text-align: center;\"><strong>Piatok <\/strong><strong>\/15.07.\/<\/strong><\/p>\n<p style=\"text-align: center;\">sv. Bonavent\u00faru, biskupa a u\u010dite\u013ea Cirkvi<em><br \/>\nspomienka<\/em><\/p>\n<\/td>\n<td width=\"33%\"><strong>18.00 Str\u00e1\u017eske<br \/>\n<\/strong>+ Jozef Ko\u010derha<\/td>\n<td width=\"33%\"><strong>17.00 Brekov<br \/>\n<\/strong>+ J\u00e1n, Anna A., +&nbsp;Jozef a M\u00e1ria<\/td>\n<\/tr>\n<tr>\n<td width=\"28%\">\n<p style=\"text-align: center;\"><strong>Sobota <\/strong><strong>\/16.07.\/<\/strong><\/p>\n<p style=\"text-align: center;\">Panny M\u00e1rie Karmelskej<em><br \/>\nspomienka<\/em><\/p>\n<\/td>\n<td width=\"33%\"><strong>18.00 Str\u00e1\u017eske s&nbsp;plat. Nedele<br \/>\n<\/strong>ZBP pre Katar\u00ednu Goro\u013eov\u00fa<\/td>\n<td width=\"33%\"><strong>15.00 Krivo\u0161\u0165any<br \/>\n<\/strong>Sob\u00e1\u0161. obrad<\/td>\n<\/tr>\n<tr>\n<td width=\"28%\">\n<p style=\"text-align: center;\"><strong>Nede\u013ea \/17.07.\/<\/strong><\/p>\n<p style=\"text-align: center;\"><strong>16. nede\u013ea v&nbsp;obdob\u00ed cez rok<\/strong><\/p>\n<\/td>\n<td width=\"33%\"><strong>08.00 Krivo\u0161\u0165any<\/strong><\/p>\n<p><strong>10.30 Str\u00e1\u017eske<br \/>\n<\/strong>ZBP pre Baran, Tak\u00e1\u010d, Ma\u0165a\u0161\u010d\u00edk&nbsp; &nbsp;&nbsp;&nbsp;&nbsp;<\/td>\n<td width=\"33%\"><strong>10.30 Pust\u00e9 \u010cemern\u00e9<\/strong><\/p>\n<p><strong>09:15<\/strong>&nbsp; <strong>Brekov<br \/>\n<\/strong>ZBP pre Petra Havrilka<\/td>\n<\/tr>\n<\/tbody>\n<\/table>\n<ul>\n<li><strong><u>Na bud\u00facu sobotu a&nbsp;nede\u013eu &nbsp;16. \u2013 17. j\u00fala sa uskuto\u010dn\u00ed arcidiec\u00e9zna p\u00fa\u0165 v&nbsp;Gaboltove<\/u><\/strong><\/li>\n<li><strong><u>\u010eakujeme za ka\u017ed\u00fa va\u0161u slu\u017ebu, obetu a&nbsp;modlitbu pre farnos\u0165 v&nbsp;uplynulom t\u00fd\u017edni a&nbsp;prajeme v\u0161etk\u00fdm po\u017eehnan\u00fd t\u00fd\u017ede\u0148<\/u><\/strong><\/li>\n<\/ul>\n","protected":false},"excerpt":{"rendered":"<p>Pondelok \/11.07.\/ sv. Benedikta, op\u00e1ta, spolupatr\u00f3na Eur\u00f3py sviatok 18.00 Str\u00e1\u017eske + J\u00e1n a&nbsp;M\u00e1ria Koko\u010d\u00e1k 15:15 Brekov \u2013 pohreb + Helena Tu\u0161ajov\u00e1 Utorok \/12.07.\/ f\u00e9ria 18.00 Str\u00e1\u017eske \u2013 v\u00fdro\u010dn\u00e1 + Jana Ka\u010dm\u00e1rov\u00e1 17.00 Pust\u00e9 \u010cemern\u00e9 Streda \/13.07.\/ f\u00e9ria 07:00 Str\u00e1\u017eske osobn\u00fd \u00famysel 08.00 Brekov + Margita Maderi\u010dov\u00e1 \u0160tvrtok \/14.07.\/ f\u00e9ria 18.00 Str\u00e1\u017eske + J\u00e1n Feren\u010d\u00edk, z&nbsp;rod. [&hellip;]<\/p>\n","protected":false},"author":1,"featured_media":0,"comment_status":"closed","ping_status":"closed","sticky":false,"template":"","format":"standard","meta":{"ngg_post_thumbnail":0,"footnotes":""},"categories":[4],"tags":[],"class_list":["post-43013","post","type-post","status-publish","format-standard","hentry","category-farske-oznamy"],"views":1175,"_links":{"self":[{"href":"https:\/\/www.farnost-strazske.sk\/index.php?rest_route=\/wp\/v2\/posts\/43013","targetHints":{"allow":["GET"]}}],"collection":[{"href":"https:\/\/www.farnost-strazske.sk\/index.php?rest_route=\/wp\/v2\/posts"}],"about":[{"href":"https:\/\/www.farnost-strazske.sk\/index.php?rest_route=\/wp\/v2\/types\/post"}],"author":[{"embeddable":true,"href":"https:\/\/www.farnost-strazske.sk\/index.php?rest_route=\/wp\/v2\/users\/1"}],"replies":[{"embeddable":true,"href":"https:\/\/www.farnost-strazske.sk\/index.php?rest_route=%2Fwp%2Fv2%2Fcomments&post=43013"}],"version-history":[{"count":4,"href":"https:\/\/www.farnost-strazske.sk\/index.php?rest_route=\/wp\/v2\/posts\/43013\/revisions"}],"predecessor-version":[{"id":43017,"href":"https:\/\/www.farnost-strazske.sk\/index.php?rest_route=\/wp\/v2\/posts\/43013\/revisions\/43017"}],"wp:attachment":[{"href":"https:\/\/www.farnost-strazske.sk\/index.php?rest_route=%2Fwp%2Fv2%2Fmedia&parent=43013"}],"wp:term":[{"taxonomy":"category","embeddable":true,"href":"https:\/\/www.farnost-strazske.sk\/index.php?rest_route=%2Fwp%2Fv2%2Fcategories&post=43013"},{"taxonomy":"post_tag","embeddable":true,"href":"https:\/\/www.farnost-strazske.sk\/index.php?rest_route=%2Fwp%2Fv2%2Ftags&post=43013"}],"curies":[{"name":"wp","href":"https:\/\/api.w.org\/{rel}","templated":true}]}}