{"id":43018,"date":"2022-07-11T10:24:05","date_gmt":"2022-07-11T08:24:05","guid":{"rendered":"https:\/\/www.farnost-strazske.sk\/?p=43018"},"modified":"2022-07-11T10:24:06","modified_gmt":"2022-07-11T08:24:06","slug":"bud-blizny","status":"publish","type":"post","link":"https:\/\/www.farnost-strazske.sk\/?p=43018","title":{"rendered":"Bu\u010f bl\u00ed\u017eny!"},"content":{"rendered":"\n<p style=\"font-size:17px\">&#8222;Ty bu\u010f bl\u00ed\u017eny!&#8220; povedal, hoci sa znalec z\u00e1kona p\u00fdta: &#8222;Kto je m\u00f4j bl\u00ed\u017eny!&#8220;&nbsp;<\/p>\n\n\n\n<p style=\"font-size:17px\">Je\u017ei\u0161 mu odpoved\u00e1, aby sa nestaral, kto je mu bl\u00ed\u017eny, ale aby on bol bl\u00ed\u017eny in\u00fdm.&nbsp;<\/p>\n\n\n\n<p style=\"font-size:17px\">Hej, aj takto to m\u00f4\u017ee vyzera\u0165, ke\u010f sa p\u00fdtame Je\u017ei\u0161a. Odpoved\u00e1 sp\u00f4sobom, ktor\u00fd n\u00e1s n\u00fati kona\u0165, hoci sme sa na konanie nep\u00fdtali. Ale o tom inokedy.<\/p>\n\n\n\n<p style=\"font-size:17px\">&#8222;Bu\u010f bl\u00ed\u017eny!&#8220; povedal mu. Alebo: &#8222;Rob aj ty podobne!&#8220;<\/p>\n\n\n\n<p id=\"wnd_TextBlock_459184708_inner_3\" style=\"font-size:17px\">Ako ten Samarit\u00e1n, ktor\u00fd sa zmiloval nad cudzincom. O\u0161etril mu rany, vzal ho na dobyt\u010da a zaviezol ho do po\u013enej nemocnice, kde s\u013e\u00fabil zaplati\u0165 v\u0161etky v\u00fddavky. A potom odi\u0161iel.<\/p>\n\n\n\n<p id=\"wnd_TextBlock_459184708_inner_4\" style=\"font-size:17px\">Urobil, \u010do in\u00ed neurobili. A odi\u0161iel. Ne\u010dakal sl\u00e1vu, ke\u010f sa cudzinec prebud\u00ed. Ani v\u010fa\u010dn\u00e9 stisnutie ruky \u010di pr\u00eds\u013eub, \u017ee mu dl\u017eobu vr\u00e1ti. Odi\u0161iel. Urobil, \u010do bl\u00ed\u017eny rob\u00ed a viac sa nestaral.<\/p>\n\n\n\n<p id=\"wnd_TextBlock_459184708_inner_5\" style=\"font-size:17px\">&#8222;Bu\u010f bl\u00ed\u017eny!&#8220; povedal mu Je\u017ei\u0161. Bu\u010f ako ten Samarit\u00e1n.<\/p>\n\n\n\n<p id=\"wnd_TextBlock_459184708_inner_6\" style=\"font-size:17px\">Staraj sa o t\u00fdch, o ktor\u00fdch sa nik nestar\u00e1. A ni\u010d za to ne\u010dakaj.<\/p>\n\n\n\n<div class=\"wp-block-image\"><figure class=\"aligncenter is-resized\"><img loading=\"lazy\" decoding=\"async\" src=\"https:\/\/96e19d8f6d.clvaw-cdnwnd.com\/56958a3ff2fd5fdcdbd797b978b04dd5\/200000549-66ccc66cce\/_VS97508.jpg?ph=96e19d8f6d\" alt=\"\" width=\"500\" height=\"282\"\/><\/figure><\/div>\n\n\n\n<p style=\"font-size:17px\">Ke\u010f na ned\u00e1vnej sl\u00e1vnosti sv\u00e4t\u00fdch vierozvestov arcibiskup Bernard Bober predniesol slov\u00e1 o tom, \u017ee na slu\u017ebu cirkvi a na jej pr\u00e1cu medzi \u013eu\u010fmi sa svet pozer\u00e1 s opovrhovan\u00edm a ir\u00f3niou, pomyslel som si iba: ,Pravdu hovor\u00ed!&#8216;<\/p>\n\n\n\n<p style=\"font-size:17px\">Ni\u010d viac. Teda ni\u010d viac svetsk\u00e9. Lebo hne\u010f mi pri\u0161li na um slov\u00e1 Je\u017ei\u0161a, ktor\u00fd toto predpovedal, a ktor\u00fd n\u00e1s na to pripravoval.<\/p>\n\n\n\n<p style=\"font-size:17px\">Mo\u017eno n\u00e1m je \u013e\u00fato, \u017ee je to tak. A mo\u017eno aj c\u00edtime krivdu, viacer\u00ed.<\/p>\n\n\n\n<p style=\"font-size:17px\">A potom si spomeniem na mnoh\u00fdch, ktor\u00ed vo svojej osamelosti ani ni\u010d in\u00e9 nemaj\u00fa &#8211; len ten kostol, len t\u00fa cirkev, len jej sviatosti. Star\u010dekovia a starenky, ktor\u00fdch deti sa rozleteli do sveta a nechali rodi\u010dov za sebou, akoby neexistovali, t\u00ed rozumej\u00fa a vidia, \u010do cirkev rob\u00ed. T\u00ed by bez nej nemali ni\u010d &#8211; kam \u00eds\u0165, koho stretn\u00fa\u0165, k\u00fdmsi by\u0165. Cirkev je im pr\u00e1ve tak\u00fd bl\u00ed\u017eny a to je skvel\u00e1 spr\u00e1va!<\/p>\n\n\n\n<p style=\"font-size:17px\">Samozrejme, cirkev tu nie je ako n\u00e1hrada za jednotu d\u00f4chodcov. To by ste ma zle pochopili. Cirkev je tu pre v\u0161etk\u00fdch. Nezatv\u00e1ra dvere, ale ani nen\u00fati vst\u00fapi\u0165 dnu.<\/p>\n\n\n\n<p style=\"font-size:17px\">Cirkev je tu, aby plnila to Bo\u017eie: &#8222;Bu\u010f bl\u00ed\u017eny!&#8220;<\/p>\n\n\n\n<p style=\"font-size:17px\">&#8222;Rob aj ty podobne!&#8220; hovor\u00ed Je\u017ei\u0161. Ako ten Samarit\u00e1n. Bu\u010f bl\u00ed\u017eny a o ostatn\u00e9 sa nestaraj.<\/p>\n\n\n\n<p style=\"font-size:17px\">Lebo aj ty si cirkev. Aj ty si h\u013eada\u010d, ktor\u00fd chce by\u0165 bl\u00ed\u017eny. Aj ty tak\u00fd si.<\/p>\n\n\n\n<p style=\"font-size:17px\">V\u0161ak? V\u0161ak? V\u0161ak tak\u00fd si? H\u013eada\u010d? V\u0161ak?<\/p>\n\n\n\n<p style=\"font-size:17px\">To teda d\u00fafam&#8230;<\/p>\n\n\n\n<p style=\"font-size:17px\"><em>Autor:&nbsp;<\/em><a rel=\"noreferrer noopener\" href=\"https:\/\/www.vladkostefanic.com\/\" target=\"_blank\"><em>Vladim\u00edr \u0160tefani\u010d<\/em><\/a><\/p>\n","protected":false},"excerpt":{"rendered":"<p>&#8222;Ty bu\u010f bl\u00ed\u017eny!&#8220; povedal, hoci sa znalec z\u00e1kona p\u00fdta: &#8222;Kto je m\u00f4j bl\u00ed\u017eny!&#8220;&nbsp; Je\u017ei\u0161 mu odpoved\u00e1, aby sa nestaral, kto je mu bl\u00ed\u017eny, ale aby on bol bl\u00ed\u017eny in\u00fdm.&nbsp; Hej, aj takto to m\u00f4\u017ee vyzera\u0165, ke\u010f sa p\u00fdtame Je\u017ei\u0161a. Odpoved\u00e1 sp\u00f4sobom, ktor\u00fd n\u00e1s n\u00fati kona\u0165, hoci sme sa na konanie nep\u00fdtali. Ale o tom inokedy. [&hellip;]<\/p>\n","protected":false},"author":1,"featured_media":0,"comment_status":"closed","ping_status":"closed","sticky":false,"template":"","format":"standard","meta":{"ngg_post_thumbnail":0,"footnotes":""},"categories":[22],"tags":[],"class_list":["post-43018","post","type-post","status-publish","format-standard","hentry","category-zamyslenia"],"views":210,"_links":{"self":[{"href":"https:\/\/www.farnost-strazske.sk\/index.php?rest_route=\/wp\/v2\/posts\/43018","targetHints":{"allow":["GET"]}}],"collection":[{"href":"https:\/\/www.farnost-strazske.sk\/index.php?rest_route=\/wp\/v2\/posts"}],"about":[{"href":"https:\/\/www.farnost-strazske.sk\/index.php?rest_route=\/wp\/v2\/types\/post"}],"author":[{"embeddable":true,"href":"https:\/\/www.farnost-strazske.sk\/index.php?rest_route=\/wp\/v2\/users\/1"}],"replies":[{"embeddable":true,"href":"https:\/\/www.farnost-strazske.sk\/index.php?rest_route=%2Fwp%2Fv2%2Fcomments&post=43018"}],"version-history":[{"count":1,"href":"https:\/\/www.farnost-strazske.sk\/index.php?rest_route=\/wp\/v2\/posts\/43018\/revisions"}],"predecessor-version":[{"id":43019,"href":"https:\/\/www.farnost-strazske.sk\/index.php?rest_route=\/wp\/v2\/posts\/43018\/revisions\/43019"}],"wp:attachment":[{"href":"https:\/\/www.farnost-strazske.sk\/index.php?rest_route=%2Fwp%2Fv2%2Fmedia&parent=43018"}],"wp:term":[{"taxonomy":"category","embeddable":true,"href":"https:\/\/www.farnost-strazske.sk\/index.php?rest_route=%2Fwp%2Fv2%2Fcategories&post=43018"},{"taxonomy":"post_tag","embeddable":true,"href":"https:\/\/www.farnost-strazske.sk\/index.php?rest_route=%2Fwp%2Fv2%2Ftags&post=43018"}],"curies":[{"name":"wp","href":"https:\/\/api.w.org\/{rel}","templated":true}]}}