{"id":43021,"date":"2022-07-17T15:14:53","date_gmt":"2022-07-17T13:14:53","guid":{"rendered":"https:\/\/www.farnost-strazske.sk\/?p=43021"},"modified":"2022-07-17T15:14:54","modified_gmt":"2022-07-17T13:14:54","slug":"liturgicky-prehlad-a-oznamy-18-7-24-7-2022","status":"publish","type":"post","link":"https:\/\/www.farnost-strazske.sk\/?p=43021","title":{"rendered":"Liturgick\u00fd preh\u013ead a\u00a0oznamy 18.7. \u2013 24.7. 2022"},"content":{"rendered":"<table width=\"97%\">\n<tbody>\n<tr>\n<td width=\"28%\">\n<p style=\"text-align: center;\"><strong>Pondelok \/18.07.\/<\/strong><\/p>\n<p style=\"text-align: center;\"><em>f\u00e9ria<\/em><\/p>\n<\/td>\n<td width=\"33%\"><strong>07.00 Str\u00e1\u017eske<br \/>\n<\/strong>Za veriacich farnosti<\/td>\n<td width=\"33%\"><strong>18.00 Brekov \u2013 v\u00fdro\u010dn\u00e1<br \/>\n<\/strong>+ M\u00e1ria Dzvonikov\u00e1<\/td>\n<\/tr>\n<tr>\n<td width=\"28%\">\n<p style=\"text-align: center;\"><strong>Utorok \/19.07.\/<\/strong><\/p>\n<p style=\"text-align: center;\"><em>f\u00e9ria<\/em><\/p>\n<\/td>\n<td width=\"33%\"><strong>18.00 Str\u00e1\u017eske<br \/>\n<\/strong>ZBP pre rod. Jur\u010d\u00edkov\u00fa<\/td>\n<td width=\"33%\"><strong>10.00 Pre\u0161ov \u2013 Sek\u010dov<br \/>\n<\/strong>pohreb p. kanonika \u0160echn\u00e9ho &nbsp;&nbsp;&nbsp;&nbsp;&nbsp;&nbsp;&nbsp;&nbsp;&nbsp;<\/td>\n<\/tr>\n<tr>\n<td width=\"28%\">\n<p style=\"text-align: center;\"><strong>Streda \/20.07.\/<\/strong><\/p>\n<p style=\"text-align: center;\"><em>f\u00e9ria<\/em><\/p>\n<\/td>\n<td width=\"33%\"><strong>18.00 Str\u00e1\u017eske<br \/>\n<\/strong>ZBP pre Elenu a Ondreja&nbsp; &nbsp; &nbsp;<\/td>\n<td width=\"33%\"><strong>07.00 Brekov<br \/>\n<\/strong>Za + z&nbsp;rod. Tom\u010dovej a Radovej<\/td>\n<\/tr>\n<tr>\n<td width=\"28%\">\n<p style=\"text-align: center;\"><strong>\u0160tvrtok \/21.07.\/<\/strong><\/p>\n<p style=\"text-align: center;\"><em>f\u00e9ria<\/em><\/p>\n<\/td>\n<td width=\"33%\"><em><u>15.00 Str\u00e1\u017eske-Eucharistick\u00e1 ador\u00e1cia<\/u><\/em><\/p>\n<p><strong>18.00 Str\u00e1\u017eske<br \/>\n<\/strong>ZBP pre Veroniku s rodinou<em> &nbsp;&nbsp;<\/em><\/td>\n<td width=\"33%\"><strong>07.00 Pust\u00e9 \u010cemern\u00e9<\/strong><\/td>\n<\/tr>\n<tr>\n<td width=\"28%\">\n<p style=\"text-align: center;\"><strong>Piatok \/22.07.\/<\/strong><\/p>\n<p style=\"text-align: center;\">sv. M\u00e1rie Magdal\u00e9ny<em><br \/>\nsviatok<\/em><\/p>\n<\/td>\n<td width=\"33%\"><strong>07.00 Str\u00e1\u017eske<br \/>\n<\/strong>Osobn\u00fd \u00famysel<\/td>\n<td width=\"33%\"><strong>18.00 Brekov<br \/>\n<\/strong>Za + z&nbsp;rod. Hornej a &nbsp;Pavl\u00edkovej &nbsp;&nbsp;&nbsp;&nbsp;&nbsp;&nbsp;&nbsp;&nbsp;&nbsp;&nbsp;&nbsp;&nbsp;&nbsp;&nbsp;&nbsp;&nbsp;&nbsp;&nbsp;&nbsp;&nbsp;&nbsp;&nbsp;&nbsp;&nbsp;&nbsp;&nbsp;&nbsp;&nbsp;&nbsp;&nbsp;&nbsp;<\/td>\n<\/tr>\n<tr>\n<td width=\"28%\">\n<p style=\"text-align: center;\"><strong>Sobota \/23.07.\/<\/strong><\/p>\n<p style=\"text-align: center;\">sv. Brigity \u0160v\u00e9dskej, reho\u013en\u00ed\u010dky a&nbsp;patr\u00f3nky Eur\u00f3py<em><br \/>\nsviatok<\/em><\/p>\n<\/td>\n<td width=\"33%\"><strong>18.00 Str\u00e1\u017eske<br \/>\n<\/strong>+ Emil Dunca<\/td>\n<td width=\"33%\"><strong>19.15 Krivo\u0161\u0165any<\/strong><\/td>\n<\/tr>\n<tr>\n<td width=\"28%\">\n<p style=\"text-align: center;\"><strong>Nede\u013ea \/24.07.\/<\/strong><\/p>\n<p style=\"text-align: center;\"><strong>17. nede\u013ea v&nbsp;obdob\u00ed cez rok<\/strong><\/p>\n<\/td>\n<td width=\"33%\"><strong>10.30 Str\u00e1\u017eske<br \/>\n<\/strong>ZBP pre rod. Ferencov\u00fa, &nbsp;Kirvejov\u00fa a Tok\u00e1rov\u00fa<\/td>\n<td width=\"33%\"><strong>08.00 Pust\u00e9 \u010cemern\u00e9 <\/strong><\/p>\n<p><strong>09.15 Brekov<br \/>\n<\/strong>ZBP pre Annu Miha\u013ekov\u00fa<\/td>\n<\/tr>\n<\/tbody>\n<\/table>\n<ul>\n<li>Do ka\u017edodenn\u00fdch modlitieb vlo\u017eme na\u0161ich birmovancov, aby sa \u010do najlep\u0161ie pripravili na prijatie sviatosti birmovania<\/li>\n<li>\u010eakujem za ka\u017ed\u00fa va\u0161u slu\u017ebu, obetu a&nbsp;modlitbu pre farnos\u0165 v&nbsp;uplynulom t\u00fd\u017edni!<\/li>\n<\/ul>\n<p>&nbsp;<\/p>\n","protected":false},"excerpt":{"rendered":"<p>Pondelok \/18.07.\/ f\u00e9ria 07.00 Str\u00e1\u017eske Za veriacich farnosti 18.00 Brekov \u2013 v\u00fdro\u010dn\u00e1 + M\u00e1ria Dzvonikov\u00e1 Utorok \/19.07.\/ f\u00e9ria 18.00 Str\u00e1\u017eske ZBP pre rod. Jur\u010d\u00edkov\u00fa 10.00 Pre\u0161ov \u2013 Sek\u010dov pohreb p. kanonika \u0160echn\u00e9ho &nbsp;&nbsp;&nbsp;&nbsp;&nbsp;&nbsp;&nbsp;&nbsp;&nbsp; Streda \/20.07.\/ f\u00e9ria 18.00 Str\u00e1\u017eske ZBP pre Elenu a Ondreja&nbsp; &nbsp; &nbsp; 07.00 Brekov Za + z&nbsp;rod. Tom\u010dovej a Radovej \u0160tvrtok \/21.07.\/ [&hellip;]<\/p>\n","protected":false},"author":1,"featured_media":0,"comment_status":"closed","ping_status":"closed","sticky":false,"template":"","format":"standard","meta":{"ngg_post_thumbnail":0,"footnotes":""},"categories":[4],"tags":[],"class_list":["post-43021","post","type-post","status-publish","format-standard","hentry","category-farske-oznamy"],"views":1132,"_links":{"self":[{"href":"https:\/\/www.farnost-strazske.sk\/index.php?rest_route=\/wp\/v2\/posts\/43021","targetHints":{"allow":["GET"]}}],"collection":[{"href":"https:\/\/www.farnost-strazske.sk\/index.php?rest_route=\/wp\/v2\/posts"}],"about":[{"href":"https:\/\/www.farnost-strazske.sk\/index.php?rest_route=\/wp\/v2\/types\/post"}],"author":[{"embeddable":true,"href":"https:\/\/www.farnost-strazske.sk\/index.php?rest_route=\/wp\/v2\/users\/1"}],"replies":[{"embeddable":true,"href":"https:\/\/www.farnost-strazske.sk\/index.php?rest_route=%2Fwp%2Fv2%2Fcomments&post=43021"}],"version-history":[{"count":2,"href":"https:\/\/www.farnost-strazske.sk\/index.php?rest_route=\/wp\/v2\/posts\/43021\/revisions"}],"predecessor-version":[{"id":43294,"href":"https:\/\/www.farnost-strazske.sk\/index.php?rest_route=\/wp\/v2\/posts\/43021\/revisions\/43294"}],"wp:attachment":[{"href":"https:\/\/www.farnost-strazske.sk\/index.php?rest_route=%2Fwp%2Fv2%2Fmedia&parent=43021"}],"wp:term":[{"taxonomy":"category","embeddable":true,"href":"https:\/\/www.farnost-strazske.sk\/index.php?rest_route=%2Fwp%2Fv2%2Fcategories&post=43021"},{"taxonomy":"post_tag","embeddable":true,"href":"https:\/\/www.farnost-strazske.sk\/index.php?rest_route=%2Fwp%2Fv2%2Ftags&post=43021"}],"curies":[{"name":"wp","href":"https:\/\/api.w.org\/{rel}","templated":true}]}}