{"id":43023,"date":"2022-07-17T15:21:39","date_gmt":"2022-07-17T13:21:39","guid":{"rendered":"https:\/\/www.farnost-strazske.sk\/?p=43023"},"modified":"2022-07-17T15:21:40","modified_gmt":"2022-07-17T13:21:40","slug":"hrib-pohoda-a-tolerancia","status":"publish","type":"post","link":"https:\/\/www.farnost-strazske.sk\/?p=43023","title":{"rendered":"Hr\u00edb, Pohoda a tolerancia"},"content":{"rendered":"\n<p style=\"font-size:17px\">Ke\u010f \u0160tefan Hr\u00edb obhajoval biskupa Ha\u013eka, ktor\u00e9ho vy\u0161tvali z festivalu Pohoda, zamyslel sa aj nad t\u00fdm, \u010di je e\u0161te festival Pohoda tolerantn\u00fd vo\u010di kres\u0165anom. Pod\u013ea neho je, pod\u013ea m\u0148a&#8230; no neviem, ke\u010f\u017ee som tam nikdy nebol. Prem\u00fd\u0161\u013eal som v\u0161ak, \u010do t\u00fdm mysl\u00ed.<\/p>\n\n\n\n<p style=\"font-size:17px\">\u017de sa tam \u013eudia zdru\u017euj\u00fa, navz\u00e1jom toleruj\u00fa (teda okrem katol\u00edckeho biskupa), miluj\u00fa (pardon za v\u00fdraz), kamar\u00e1tia a obj\u00edmaj\u00fa, lebo \u017eivot je jedna ve\u013ek\u00e1 sloboda. A to predsa kres\u0165ansk\u00e9 je.<\/p>\n\n\n\n<p style=\"font-size:17px\">Len\u017ee \u010do ja viem. Vari tomu rozumiem tak, aby som mohol pou\u010dova\u0165?<\/p>\n\n\n\n<p style=\"font-size:17px\">Prizn\u00e1m sa v\u0161ak, \u010domu ver\u00edm ja&#8230;<\/p>\n\n\n\n<p style=\"font-size:17px\">Nahradzova\u0165 spasite\u013esk\u00fd \u010din Krista na kr\u00ed\u017ei, ktor\u00fd mi dovo\u013euje odovzda\u0165 mu bez hanby a pon\u00ed\u017eenia ka\u017ed\u00fd svoj hriech, toleranciou k bl\u00ed\u017enemu vo v\u0161etkom, akoby pr\u00e1ve toto bolo Je\u017ei\u0161ove u\u010denie, je tr\u00fafalos\u0165 a z\u00e1rove\u0148 absol\u00fatne nepochopenie milosti!!!<\/p>\n\n\n\n<p style=\"font-size:17px\">Ob\u010das si \u017eel\u00e1m, aby Je\u017ei\u0161 nikdy nikoho neuzdravil, nikdy ni\u010d nepovedal, aby sme videli len ten skutok na Golgote, len to, o \u010dom hovor\u00ed Pavol v liste Efezanom: &#8222;V Kristovi Je\u017ei\u0161ovi ste sa teraz vy, \u010do ste boli kedysi \u010faleko, stali skrze&nbsp;<strong>Kristovu krv<\/strong>&nbsp;bl\u00edzkymi.&#8220; Lebo na kr\u00ed\u017ei sa stalo to, o \u010dom hovor\u00ed aj \u017ealmista: &#8222;On&nbsp;<strong>vykupuje<\/strong>&nbsp;tvoj \u017eivot zo z\u00e1huby, on \u0165a ven\u010d\u00ed milosrdenstvom a milos\u0165ou!&#8220;<\/p>\n\n\n\n<p style=\"font-size:17px\">A stalo sa to, aby som viac nemal strach. Aby som viac nemusel hovori\u0165, \u017ee si neviem poradi\u0165 s hriechom. Hoci popravde, neviem si s n\u00edm poradi\u0165, naozaj, ale viac to nehovor\u00edm, lebo ako p\u00ed\u0161e J\u00e1n: &#8222;Keby niekto zhre\u0161il, m\u00e1me u Otca z\u00e1stancu: Je\u017ei\u0161a Krista, spravodliv\u00e9ho!&#8220;<\/p>\n\n\n\n<p style=\"font-size:17px\">Z\u00e1stancu! Pre hriech. Nie kamar\u00e1ta, ktor\u00fd v\u0161etko toleruje. Z\u00e1stancu!<\/p>\n\n\n\n<p style=\"font-size:17px\">Je\u017ei\u0161 je pre m\u0148a v prvom rade Spasite\u013e, a\u017e potom kazate\u013e a uzdravovate\u013e!<\/p>\n\n\n\n<p style=\"font-size:17px\">Nikdy nie naopak. Nem\u00f4\u017eem si vzia\u0165 Je\u017ei\u0161a, ktor\u00fd je skvel\u00fd re\u010dn\u00edk a odmietnu\u0165 Je\u017ei\u0161a Spasite\u013ea len pre to, \u017ee viac never\u00edm na hriech. Nem\u00f4\u017eem. Teda m\u00f4\u017eem, ale potom som nepochopil, k\u00fdm Je\u017ei\u0161 je!<\/p>\n\n\n\n<p style=\"font-size:17px\">V\u017edy najsk\u00f4r Spasite\u013e, a\u017e potom to ostatn\u00e9.<\/p>\n\n\n\n<div class=\"wp-block-image\"><figure class=\"aligncenter is-resized\"><img loading=\"lazy\" decoding=\"async\" src=\"https:\/\/96e19d8f6d.clvaw-cdnwnd.com\/56958a3ff2fd5fdcdbd797b978b04dd5\/200000424-ed141ee104\/_VS90773.jpg?ph=96e19d8f6d\" alt=\"\" width=\"500\" height=\"281\"\/><\/figure><\/div>\n\n\n\n<p style=\"font-size:17px\">M\u00f4j probl\u00e9m je hriech, nie moje zdravotn\u00e9 probl\u00e9my, obraz v zrkadle, inteligencia, chudoba \u010di sexu\u00e1lna orient\u00e1cia &#8211; ni\u010d z toho nie je probl\u00e9m &#8211; iba ten hriech, pred ktor\u00fdm nik z \u013eud\u00ed nedok\u00e1\u017ee ujs\u0165. A tak ho Je\u017ei\u0161 vzal na seba, ako o tom p\u00ed\u0161e Pavol Korin\u0165anom: &#8222;Toho, ktor\u00fd nepoznal hriech, za n\u00e1s (Boh) urobil hriechom, aby sme sa v \u0148om stali Bo\u017eou spravodlivos\u0165ou&#8230;&#8220;<\/p>\n\n\n\n<p style=\"font-size:17px\">Je\u017ei\u0161 je z\u00e1stanca. Porazil hriech, porazil smr\u0165, aby sme mohli \u017ei\u0165.<\/p>\n\n\n\n<p style=\"font-size:17px\">Je\u017ei\u0161 toto urobil.<\/p>\n\n\n\n<p style=\"font-size:17px\">Ak si h\u013ead\u00e1\u0161 Je\u017ei\u0161a mil\u00e1\u010dika, ktor\u00fd v\u0161etko toleruje, na v\u0161etko prikyvuje a so v\u0161etk\u00fdm s\u00fahlas\u00ed, akoby Boh ani neumrel za tvoj hriech, v ktor\u00fd, ty, viac never\u00ed\u0161, tak si ni\u010d nepochopil.<\/p>\n\n\n\n<p style=\"font-size:17px\">Je d\u00f4le\u017eit\u00e9 vybra\u0165 si ten spr\u00e1vny podiel, ako ke\u010f Je\u017ei\u0161 pozrie na M\u00e1riu a Martu a jednej z nich povie: &#8222;M\u00e1ria si vybrala lep\u0161\u00ed podiel, ktor\u00fd sa jej neodn\u00edme.&#8220;<\/p>\n\n\n\n<p style=\"font-size:17px\">B\u00e1rs by sme si v\u0161etci vybrali ten spr\u00e1vny podiel &#8211; Je\u017ei\u0161a Spasite\u013ea. Lebo tolerova\u0165 hriech, akoby ho nebolo, nie je kres\u0165ansk\u00e9.<\/p>\n\n\n\n<p style=\"font-size:17px\">Ak sa teda vr\u00e1tim k festivalu Pohoda, \u010di je tolerantn\u00fd vo\u010di kres\u0165anom, ktor\u00ed veria, \u017ee hriech je zlo, za ktor\u00e9 sa nechal Je\u017ei\u0161 ukri\u017eova\u0165, nach\u00e1dzam iba jednu odpove\u010f: festival nie je tolerantn\u00fd ani vo\u010di kres\u0165anom ani vo\u010di Je\u017ei\u0161ovi, lebo re\u010di o hriechu, ktor\u00fd treba Bohu odovzda\u0165 a nie ho ignorova\u0165, neberie v\u00e1\u017ene.&nbsp;<\/p>\n\n\n\n<p class=\"has-text-align-right\" style=\"font-size:17px\"><em>Pozn\u00e1mka pod \u010diarou:&nbsp;<\/em><\/p>\n\n\n\n<p class=\"has-text-align-right\" style=\"font-size:17px\"><em>Nem\u00e1m ni\u010d proti festivalu Pohoda ani jeho organiz\u00e1torom, rovnako ako ani proti \u013eu\u010fom, ktor\u00ed ho ka\u017edoro\u010dne nav\u0161tevuj\u00fa. Pou\u017eil som obhajobu p\u00e1na Hr\u00edba z jedin\u00e9ho d\u00f4vodu &#8211; len aby som zd\u00f4vodnil pre\u010do \u017eil a zomrel Spasite\u013e.&nbsp;<\/em><\/p>\n\n\n\n<p class=\"has-text-align-right\" style=\"font-size:17px\"><em>Po\u017eehnan\u00e9 dni e\u0161te.<\/em><\/p>\n\n\n\n<p class=\"has-text-align-left\" style=\"font-size:17px\"><em>Autor:\u00a0<\/em><a rel=\"noreferrer noopener\" href=\"https:\/\/www.vladkostefanic.com\/\" target=\"_blank\"><em>Vladim\u00edr \u0160tefani\u010d<\/em><\/a><em>\u00a0<\/em><\/p>\n","protected":false},"excerpt":{"rendered":"<p>Ke\u010f \u0160tefan Hr\u00edb obhajoval biskupa Ha\u013eka, ktor\u00e9ho vy\u0161tvali z festivalu Pohoda, zamyslel sa aj nad t\u00fdm, \u010di je e\u0161te festival Pohoda tolerantn\u00fd vo\u010di kres\u0165anom. Pod\u013ea neho je, pod\u013ea m\u0148a&#8230; no neviem, ke\u010f\u017ee som tam nikdy nebol. Prem\u00fd\u0161\u013eal som v\u0161ak, \u010do t\u00fdm mysl\u00ed. \u017de sa tam \u013eudia zdru\u017euj\u00fa, navz\u00e1jom toleruj\u00fa (teda okrem katol\u00edckeho biskupa), miluj\u00fa (pardon [&hellip;]<\/p>\n","protected":false},"author":1,"featured_media":0,"comment_status":"closed","ping_status":"closed","sticky":false,"template":"","format":"standard","meta":{"ngg_post_thumbnail":0,"footnotes":""},"categories":[22],"tags":[],"class_list":["post-43023","post","type-post","status-publish","format-standard","hentry","category-zamyslenia"],"views":196,"_links":{"self":[{"href":"https:\/\/www.farnost-strazske.sk\/index.php?rest_route=\/wp\/v2\/posts\/43023","targetHints":{"allow":["GET"]}}],"collection":[{"href":"https:\/\/www.farnost-strazske.sk\/index.php?rest_route=\/wp\/v2\/posts"}],"about":[{"href":"https:\/\/www.farnost-strazske.sk\/index.php?rest_route=\/wp\/v2\/types\/post"}],"author":[{"embeddable":true,"href":"https:\/\/www.farnost-strazske.sk\/index.php?rest_route=\/wp\/v2\/users\/1"}],"replies":[{"embeddable":true,"href":"https:\/\/www.farnost-strazske.sk\/index.php?rest_route=%2Fwp%2Fv2%2Fcomments&post=43023"}],"version-history":[{"count":2,"href":"https:\/\/www.farnost-strazske.sk\/index.php?rest_route=\/wp\/v2\/posts\/43023\/revisions"}],"predecessor-version":[{"id":43025,"href":"https:\/\/www.farnost-strazske.sk\/index.php?rest_route=\/wp\/v2\/posts\/43023\/revisions\/43025"}],"wp:attachment":[{"href":"https:\/\/www.farnost-strazske.sk\/index.php?rest_route=%2Fwp%2Fv2%2Fmedia&parent=43023"}],"wp:term":[{"taxonomy":"category","embeddable":true,"href":"https:\/\/www.farnost-strazske.sk\/index.php?rest_route=%2Fwp%2Fv2%2Fcategories&post=43023"},{"taxonomy":"post_tag","embeddable":true,"href":"https:\/\/www.farnost-strazske.sk\/index.php?rest_route=%2Fwp%2Fv2%2Ftags&post=43023"}],"curies":[{"name":"wp","href":"https:\/\/api.w.org\/{rel}","templated":true}]}}