{"id":43028,"date":"2022-07-24T12:38:38","date_gmt":"2022-07-24T10:38:38","guid":{"rendered":"https:\/\/www.farnost-strazske.sk\/?p=43028"},"modified":"2022-07-24T12:38:39","modified_gmt":"2022-07-24T10:38:39","slug":"liturgicky-prehlad-a-oznamy-25-7-31-7-2022","status":"publish","type":"post","link":"https:\/\/www.farnost-strazske.sk\/?p=43028","title":{"rendered":"Liturgick\u00fd preh\u013ead a oznamy 25.7.\u2013 31.7. 2022"},"content":{"rendered":"<table width=\"97%\">\n<tbody>\n<tr>\n<td width=\"28%\">\n<p style=\"text-align: center;\"><strong>Pondelok \/25.07.\/<\/strong><\/p>\n<p style=\"text-align: center;\">sv. Jakuba, apo\u0161tola<em><br \/>\nsviatok<\/em><\/p>\n<\/td>\n<td width=\"33%\"><strong>07.00 Str\u00e1\u017eske<br \/>\n<\/strong>+ Martin Re\u0161ovsk\u00fd<\/p>\n<p><em><u>13.00<strong>&nbsp; <\/strong>Pohreb<\/u><\/em><em><u> Bo\u017eeny Ge\u013eatkovej<\/u><\/em><\/td>\n<td width=\"33%\"><strong>07.00 Brekov<br \/>\n<\/strong>+ Monika Slep\u00e1kov\u00e1<\/td>\n<\/tr>\n<tr>\n<td width=\"28%\">\n<p style=\"text-align: center;\"><strong>Utorok \/26.07.\/<\/strong><\/p>\n<p style=\"text-align: center;\">sv. Joachima a&nbsp;Anny, rodi\u010dov<em><br \/>\nspomienka<\/em><\/p>\n<\/td>\n<td width=\"33%\"><strong>18.00 Str\u00e1\u017eske<br \/>\n<\/strong>+ Anna Vra\u0148uchov\u00e1<br \/>\n+ Anna Tom\u010d\u00edkov\u00e1<\/td>\n<td width=\"33%\"><strong>19.00 Pust\u00e9 \u010cemern\u00e9<\/strong><\/td>\n<\/tr>\n<tr>\n<td width=\"28%\">\n<p style=\"text-align: center;\"><strong>Streda \/27.07.\/<\/strong><\/p>\n<p style=\"text-align: center;\">sv. Gorazda a&nbsp;spolo\u010dn\u00edkov<em><br \/>\nspomienka<\/em><\/p>\n<\/td>\n<td width=\"33%\"><strong>07.00 Str\u00e1\u017eske<br \/>\n<\/strong>Za veriacich farnosti&nbsp; &nbsp; &nbsp; &nbsp; &nbsp; &nbsp; &nbsp;&nbsp;<\/td>\n<td width=\"33%\"><strong>18.30 Brekov<br \/>\n<\/strong>ZBP pre Anny a Hany<\/td>\n<\/tr>\n<tr>\n<td width=\"28%\">\n<p style=\"text-align: center;\"><strong>\u0160tvrtok \/28.07.\/<\/strong><\/p>\n<p style=\"text-align: center;\"><em>f\u00e9ria<\/em><\/p>\n<\/td>\n<td width=\"33%\"><em><u>16.00 Str\u00e1\u017eske \u2013 Ador\u00e1cia<\/u><\/em><\/p>\n<p><strong>18.00 Str\u00e1\u017eske<br \/>\n<\/strong>+ M\u00e1ria Harmanov\u00e1 a&nbsp;Jozef Ma\u013eudy<\/td>\n<td width=\"33%\"><strong>07.00 Krivo\u0161\u0165any<\/strong><\/td>\n<\/tr>\n<tr>\n<td width=\"28%\">\n<p style=\"text-align: center;\"><strong>Piatok \/29.07.\/<\/strong><\/p>\n<p style=\"text-align: center;\">sv. Marty, sestry M\u00e1rie<em><br \/>\nspomienka<\/em><\/p>\n<\/td>\n<td width=\"33%\"><strong>18.00 Str\u00e1\u017eske<br \/>\n<\/strong>+ J\u00e1n, Anna a&nbsp;J\u00e1n Matis<\/td>\n<td width=\"33%\"><strong>18.30 Brekov<br \/>\n<\/strong>+ Juraj, Helena a&nbsp;Jozef Kov\u00e1\u010d &nbsp;&nbsp;&nbsp;&nbsp;&nbsp;&nbsp;&nbsp;&nbsp;&nbsp;&nbsp;&nbsp;&nbsp;&nbsp;&nbsp;&nbsp;&nbsp;&nbsp;&nbsp;&nbsp;&nbsp;&nbsp;&nbsp;&nbsp;&nbsp;&nbsp;&nbsp;&nbsp;&nbsp;&nbsp;&nbsp;&nbsp;<\/td>\n<\/tr>\n<tr>\n<td width=\"28%\">\n<p style=\"text-align: center;\"><strong>Sobota \/30.07.\/<\/strong><\/p>\n<p style=\"text-align: center;\">sv. Petra Chryzol\u00f3ga, biskupa<em><br \/>\nspomienka<\/em><\/p>\n<\/td>\n<td width=\"33%\"><strong>18.00 Str\u00e1\u017eske<br \/>\n<\/strong>+ z&nbsp;rod. Kusyovej a Sabolovej<\/td>\n<td width=\"33%\"><strong>15:30 &nbsp;Krivo\u0161\u0165any&nbsp; sob\u00e1\u0161na s&nbsp;nede\u013enou platnos\u0165ou<\/strong><\/td>\n<\/tr>\n<tr>\n<td width=\"28%\">\n<p style=\"text-align: center;\"><strong>Nede\u013ea \/31.07.\/<\/strong><\/p>\n<p style=\"text-align: center;\"><strong>18. nede\u013ea v&nbsp;obdob\u00ed cez rok<\/strong><\/p>\n<\/td>\n<td width=\"33%\"><strong>08.00 Krivo\u0161\u0165any<\/strong><\/p>\n<p><strong>09.30 Str\u00e1\u017eske<br \/>\n<\/strong>ZBP pre Adri\u00e1na Marini\u010da<\/td>\n<td width=\"33%\"><strong>08.00 Brekov<br \/>\n<\/strong>ZBP pre rod. Lopar\u010d\u00e1kovej<\/p>\n<p><strong>09.30 Pust\u00e9 \u010cemern\u00e9<\/strong><\/td>\n<\/tr>\n<\/tbody>\n<\/table>\n<p style=\"text-align: center;\">\u00daprimne V\u00e1m \u010fakujem za ka\u017ed\u00fa slu\u017ebu, obetu, &nbsp;modlitbu a&nbsp;pomoc<\/p>\n<p style=\"text-align: center;\">pre farnos\u0165 v&nbsp;uplynulom t\u00fd\u017edni!<\/p>\n<p style=\"text-align: center;\">Po\u017eehnan\u00fd t\u00fd\u017ede\u0148 v\u0161etk\u00fdm!<\/p>\n","protected":false},"excerpt":{"rendered":"<p>Pondelok \/25.07.\/ sv. Jakuba, apo\u0161tola sviatok 07.00 Str\u00e1\u017eske + Martin Re\u0161ovsk\u00fd 13.00&nbsp; Pohreb Bo\u017eeny Ge\u013eatkovej 07.00 Brekov + Monika Slep\u00e1kov\u00e1 Utorok \/26.07.\/ sv. Joachima a&nbsp;Anny, rodi\u010dov spomienka 18.00 Str\u00e1\u017eske + Anna Vra\u0148uchov\u00e1 + Anna Tom\u010d\u00edkov\u00e1 19.00 Pust\u00e9 \u010cemern\u00e9 Streda \/27.07.\/ sv. Gorazda a&nbsp;spolo\u010dn\u00edkov spomienka 07.00 Str\u00e1\u017eske Za veriacich farnosti&nbsp; &nbsp; &nbsp; &nbsp; &nbsp; &nbsp; &nbsp;&nbsp; [&hellip;]<\/p>\n","protected":false},"author":1,"featured_media":0,"comment_status":"closed","ping_status":"closed","sticky":false,"template":"","format":"standard","meta":{"ngg_post_thumbnail":0,"footnotes":""},"categories":[4],"tags":[],"class_list":["post-43028","post","type-post","status-publish","format-standard","hentry","category-farske-oznamy"],"views":1124,"_links":{"self":[{"href":"https:\/\/www.farnost-strazske.sk\/index.php?rest_route=\/wp\/v2\/posts\/43028","targetHints":{"allow":["GET"]}}],"collection":[{"href":"https:\/\/www.farnost-strazske.sk\/index.php?rest_route=\/wp\/v2\/posts"}],"about":[{"href":"https:\/\/www.farnost-strazske.sk\/index.php?rest_route=\/wp\/v2\/types\/post"}],"author":[{"embeddable":true,"href":"https:\/\/www.farnost-strazske.sk\/index.php?rest_route=\/wp\/v2\/users\/1"}],"replies":[{"embeddable":true,"href":"https:\/\/www.farnost-strazske.sk\/index.php?rest_route=%2Fwp%2Fv2%2Fcomments&post=43028"}],"version-history":[{"count":1,"href":"https:\/\/www.farnost-strazske.sk\/index.php?rest_route=\/wp\/v2\/posts\/43028\/revisions"}],"predecessor-version":[{"id":43029,"href":"https:\/\/www.farnost-strazske.sk\/index.php?rest_route=\/wp\/v2\/posts\/43028\/revisions\/43029"}],"wp:attachment":[{"href":"https:\/\/www.farnost-strazske.sk\/index.php?rest_route=%2Fwp%2Fv2%2Fmedia&parent=43028"}],"wp:term":[{"taxonomy":"category","embeddable":true,"href":"https:\/\/www.farnost-strazske.sk\/index.php?rest_route=%2Fwp%2Fv2%2Fcategories&post=43028"},{"taxonomy":"post_tag","embeddable":true,"href":"https:\/\/www.farnost-strazske.sk\/index.php?rest_route=%2Fwp%2Fv2%2Ftags&post=43028"}],"curies":[{"name":"wp","href":"https:\/\/api.w.org\/{rel}","templated":true}]}}