{"id":43035,"date":"2022-07-31T15:29:05","date_gmt":"2022-07-31T13:29:05","guid":{"rendered":"https:\/\/www.farnost-strazske.sk\/?p=43035"},"modified":"2022-07-31T15:29:06","modified_gmt":"2022-07-31T13:29:06","slug":"liturgicky-prehlad-a-oznamy-1-8-7-8-2022","status":"publish","type":"post","link":"https:\/\/www.farnost-strazske.sk\/?p=43035","title":{"rendered":"<strong>Liturgick\u00fd preh\u013ead a&nbsp;oznamy <\/strong><strong>1.8. \u2013 7.8. 2022<\/strong>"},"content":{"rendered":"<table width=\"97%\">\n<tbody>\n<tr>\n<td width=\"28%\">\n<p style=\"text-align: center;\"><strong>Pondelok \/01.08.\/<\/strong><\/p>\n<p style=\"text-align: center;\">sv. Alfonza M\u00e1rie de Liguori, biskupa a&nbsp;u\u010dite\u013ea Cirkvi<em><br \/>\nspomienka<\/em><\/p>\n<\/td>\n<td width=\"33%\"><strong>18.00 Str\u00e1\u017eske<br \/>\n<\/strong>+ Anna Gondov\u00e1<\/td>\n<td width=\"33%\"><em><u>16.00\u201317.00 Brekov-sv.zmierenia<\/u><\/em><\/p>\n<p><strong>17.00 Brekov<br \/>\n<\/strong>+ Ladislav Koh\u00fat<\/td>\n<\/tr>\n<tr>\n<td width=\"28%\">\n<p style=\"text-align: center;\"><strong>Utorok \/02.08.\/<\/strong><\/p>\n<p style=\"text-align: center;\"><em>f\u00e9ria<\/em><\/p>\n<\/td>\n<td width=\"33%\"><em><u>17.00\u201318.00 Str\u00e1\u017eske-sv.zmierenia<\/u><\/em><\/p>\n<p><strong>18.00 Str\u00e1\u017eske<br \/>\n<\/strong>+ J\u00falius Duranik<br \/>\n+ z rod. Jan\u010du\u0161kov\u00fdch<\/td>\n<td width=\"33%\"><em><u>17.00\u201318.00 P.\u010cemern\u00e9-sv.zmierenia<\/u><\/em><\/p>\n<p><strong>18.00 Pust\u00e9 \u010cemern\u00e9<\/strong><\/td>\n<\/tr>\n<tr>\n<td width=\"28%\">\n<p style=\"text-align: center;\"><strong>Streda \/03.08.\/<\/strong><\/p>\n<p style=\"text-align: center;\"><em>f\u00e9ria<\/em><\/p>\n<\/td>\n<td width=\"33%\"><em>&nbsp;<\/em><strong>07.00 Str\u00e1\u017eske<br \/>\n<\/strong>Osobn\u00fd \u00famysel<\/td>\n<td width=\"33%\"><em><u>16.30\u201318.00 Brekov-sv.zmierenia<\/u><\/em><\/p>\n<p><strong>18.00 Brekov<br \/>\n<\/strong>+ z&nbsp;rod. Klajbanovej a Miha\u013ekovej<\/td>\n<\/tr>\n<tr>\n<td width=\"28%\">\n<p style=\"text-align: center;\"><strong>&nbsp;&nbsp; \u0160tvrtok \/04.08.\/<\/strong><\/p>\n<p style=\"text-align: center;\">sv. J\u00e1na M\u00e1rie Vianneya, k\u0148aza<em><br \/>\nspomienka<\/em><\/p>\n<\/td>\n<td width=\"33%\"><em><u>16.00\u201318.00 Str\u00e1\u017eske-sv.zmierenia<\/u><\/em><\/p>\n<p><strong>18.00 Str\u00e1\u017eske<br \/>\n<\/strong>+ Anna Ro\u0161kov\u00e1 (1. v\u00fdro\u010die)<em> &nbsp;&nbsp;<\/em><\/td>\n<td width=\"33%\"><em><u>17.30\u201318.00 Krivo\u0161\u0165any-sv.zmierenia<\/u><\/em><\/p>\n<p><strong>18.00 Krivo\u0161\u0165any<\/strong><\/td>\n<\/tr>\n<tr>\n<td width=\"28%\">\n<p style=\"text-align: center;\"><strong>Piatok \/05.08.\/<\/strong><\/p>\n<p style=\"text-align: center;\">V\u00fdro\u010die posv\u00e4tenia hlavnej mari\u00e1nskej baziliky v R\u00edme<\/p>\n<\/td>\n<td width=\"33%\"><em><u>08.00 Str\u00e1\u017eske\u2013sv.zmierenia chor\u00fdch<\/u><\/em><\/p>\n<p><strong>17.00 Krivo\u0161\u0165any<\/strong><\/p>\n<p><strong>18.15 Str\u00e1\u017eske<br \/>\n<\/strong>+ z rod. \u0160imkovej a Toma\u0161\u00edkovej<\/td>\n<td width=\"33%\"><em><u>08.15 Brekov\u2013sv.zmierenia chor\u00fdch<\/u><\/em><\/p>\n<p><strong>17.00 Pust\u00e9 \u010cemern\u00e9<\/strong><\/p>\n<p><strong>18.15 Brekov<br \/>\n<\/strong>+ J\u00e1n Karo\u013e&nbsp;&nbsp;&nbsp;&nbsp;&nbsp;&nbsp;&nbsp;&nbsp;&nbsp;&nbsp;&nbsp;&nbsp;&nbsp;&nbsp;&nbsp;&nbsp;&nbsp;&nbsp;&nbsp;&nbsp;&nbsp;&nbsp;&nbsp;&nbsp;&nbsp;&nbsp;&nbsp;&nbsp;&nbsp;&nbsp;<\/td>\n<\/tr>\n<tr>\n<td width=\"28%\">\n<p style=\"text-align: center;\"><strong>Sobota \/06.08.\/<\/strong><\/p>\n<p style=\"text-align: center;\">Sviatok Premenenia P\u00e1na<\/p>\n<\/td>\n<td width=\"33%\"><em><u>08.00 Str\u00e1\u017eske-Fatimsk\u00e1 sobota<\/u><\/em><\/p>\n<p><strong>09.00 Str\u00e1\u017eske<\/strong><\/p>\n<p><strong>18.00 Str\u00e1\u017eske \u2013 s&nbsp;nede\u013enou &nbsp;&nbsp;platnos\u0165ou<br \/>\n<\/strong>ZBP rod. Kop\u00e1\u010dovej a Holien\u010dinovej<\/td>\n<td width=\"33%\"><em><u>08.00 Brekov-Fatimsk\u00e1 sobota<\/u><\/em><\/p>\n<p><strong>0<\/strong><strong>9.00 Brekov<br \/>\n<\/strong>Osobn\u00fd \u00famysel<\/td>\n<\/tr>\n<tr>\n<td width=\"28%\">\n<p style=\"text-align: center;\"><strong>Nede\u013ea \/07.08.\/<\/strong><\/p>\n<p style=\"text-align: center;\"><strong>19. nede\u013ea v&nbsp;obdob\u00ed cez rok<\/strong><\/p>\n<\/td>\n<td width=\"33%\"><strong>08.00 Krivo\u0161\u0165any<\/strong><\/p>\n<p><strong>09.30 Str\u00e1\u017eske<br \/>\n<\/strong>ZBP pre Mareka a&nbsp;Mareka &nbsp;&nbsp;\u0160kovransk\u00fdch<\/td>\n<td width=\"33%\"><strong>08.00 Pust\u00e9 \u010cemern\u00e9<\/strong><\/p>\n<p><strong>09.30 Brekov<br \/>\n<\/strong>ZBP pre Margitu Ga\u0161parov\u00fa<\/td>\n<\/tr>\n<\/tbody>\n<\/table>\n<ul>\n<li>D\u0148a 2. augusta je mo\u017en\u00e9 z\u00edska\u0165 vo farskom kostole plnomocn\u00e9 odpustky \u201ePORCIUNKULY\u201c.<\/li>\n<li>Vzadu na stol\u00edku je k dispoz\u00edcii \u010dasopis MILUJTE SA za dobrovo\u013en\u00fd pr\u00edspevok 1,50 eur (alebo za in\u00fd dobrovo\u013en\u00fd pr\u00edspevok od 10 centov do 2 eur).<\/li>\n<li>Tie\u017e si m\u00f4\u017eete vzia\u0165 aj program bohoslu\u017eieb polo\u017een\u00fd ved\u013ea Katol\u00edckych nov\u00edn.<\/li>\n<li>\u00daprimne \u010fakujeme za ka\u017ed\u00fa va\u0161u slu\u017ebu, obetu, modlitbu a pomoc pre farnos\u0165 v uplynulom t\u00fd\u017edni a \u017eel\u00e1me po\u017eehnan\u00fa nede\u013eu a cel\u00fd t\u00fd\u017ede\u0148.<\/li>\n<\/ul>\n","protected":false},"excerpt":{"rendered":"<p>Pondelok \/01.08.\/ sv. Alfonza M\u00e1rie de Liguori, biskupa a&nbsp;u\u010dite\u013ea Cirkvi spomienka 18.00 Str\u00e1\u017eske + Anna Gondov\u00e1 16.00\u201317.00 Brekov-sv.zmierenia 17.00 Brekov + Ladislav Koh\u00fat Utorok \/02.08.\/ f\u00e9ria 17.00\u201318.00 Str\u00e1\u017eske-sv.zmierenia 18.00 Str\u00e1\u017eske + J\u00falius Duranik + z rod. Jan\u010du\u0161kov\u00fdch 17.00\u201318.00 P.\u010cemern\u00e9-sv.zmierenia 18.00 Pust\u00e9 \u010cemern\u00e9 Streda \/03.08.\/ f\u00e9ria &nbsp;07.00 Str\u00e1\u017eske Osobn\u00fd \u00famysel 16.30\u201318.00 Brekov-sv.zmierenia 18.00 Brekov + z&nbsp;rod. [&hellip;]<\/p>\n","protected":false},"author":1,"featured_media":0,"comment_status":"closed","ping_status":"closed","sticky":false,"template":"","format":"standard","meta":{"ngg_post_thumbnail":0,"footnotes":""},"categories":[4],"tags":[],"class_list":["post-43035","post","type-post","status-publish","format-standard","hentry","category-farske-oznamy"],"views":1297,"_links":{"self":[{"href":"https:\/\/www.farnost-strazske.sk\/index.php?rest_route=\/wp\/v2\/posts\/43035","targetHints":{"allow":["GET"]}}],"collection":[{"href":"https:\/\/www.farnost-strazske.sk\/index.php?rest_route=\/wp\/v2\/posts"}],"about":[{"href":"https:\/\/www.farnost-strazske.sk\/index.php?rest_route=\/wp\/v2\/types\/post"}],"author":[{"embeddable":true,"href":"https:\/\/www.farnost-strazske.sk\/index.php?rest_route=\/wp\/v2\/users\/1"}],"replies":[{"embeddable":true,"href":"https:\/\/www.farnost-strazske.sk\/index.php?rest_route=%2Fwp%2Fv2%2Fcomments&post=43035"}],"version-history":[{"count":1,"href":"https:\/\/www.farnost-strazske.sk\/index.php?rest_route=\/wp\/v2\/posts\/43035\/revisions"}],"predecessor-version":[{"id":43036,"href":"https:\/\/www.farnost-strazske.sk\/index.php?rest_route=\/wp\/v2\/posts\/43035\/revisions\/43036"}],"wp:attachment":[{"href":"https:\/\/www.farnost-strazske.sk\/index.php?rest_route=%2Fwp%2Fv2%2Fmedia&parent=43035"}],"wp:term":[{"taxonomy":"category","embeddable":true,"href":"https:\/\/www.farnost-strazske.sk\/index.php?rest_route=%2Fwp%2Fv2%2Fcategories&post=43035"},{"taxonomy":"post_tag","embeddable":true,"href":"https:\/\/www.farnost-strazske.sk\/index.php?rest_route=%2Fwp%2Fv2%2Ftags&post=43035"}],"curies":[{"name":"wp","href":"https:\/\/api.w.org\/{rel}","templated":true}]}}