{"id":43274,"date":"2022-08-07T14:55:49","date_gmt":"2022-08-07T12:55:49","guid":{"rendered":"https:\/\/www.farnost-strazske.sk\/?p=43274"},"modified":"2022-08-07T14:55:51","modified_gmt":"2022-08-07T12:55:51","slug":"liturgicky-prehlad-a-oznamy-8-8-14-8-2022","status":"publish","type":"post","link":"https:\/\/www.farnost-strazske.sk\/?p=43274","title":{"rendered":"Liturgick\u00fd preh\u013ead a\u00a0oznamy 8.8. \u2013 14.8. 2022"},"content":{"rendered":"<table width=\"97%\">\n<tbody>\n<tr>\n<td width=\"28%\">\n<p style=\"text-align: center;\"><strong>Pondelok \/08.08.\/<\/strong><\/p>\n<p style=\"text-align: center;\">sv. Dominika, k\u0148aza<em><br \/>\nspomienka<\/em><\/p>\n<\/td>\n<td width=\"33%\"><strong>18.00 Str\u00e1\u017eske<br \/>\n<\/strong>Za veriacich farnosti&nbsp;&nbsp;<\/td>\n<td width=\"33%\"><strong>18.30 Brekov<br \/>\n<\/strong>+ Cyril \u0160tofej<\/td>\n<\/tr>\n<tr>\n<td width=\"28%\">\n<p style=\"text-align: center;\"><strong>Utorok \/09.08.\/<\/strong><\/p>\n<p style=\"text-align: center;\">sv. Ter\u00e9zie Benedikty z&nbsp;Kr\u00ed\u017ea<em><br \/>\nsviatok<\/em><\/p>\n<\/td>\n<td width=\"33%\"><strong>07.00 Str\u00e1\u017eske<br \/>\n<\/strong>Osobn\u00fd \u00famysel<\/td>\n<td width=\"33%\"><strong>18.00 Krivo\u0161\u0165any<\/strong><\/td>\n<\/tr>\n<tr>\n<td width=\"28%\">\n<p style=\"text-align: center;\"><strong>Streda \/10.08.\/<\/strong><\/p>\n<p style=\"text-align: center;\">sv. Vavrinca, diakona a&nbsp;mu\u010d.<em><br \/>\nspomienka<\/em><\/p>\n<\/td>\n<td width=\"33%\"><strong>18.00 Str\u00e1\u017eske<br \/>\n<\/strong>+ z rod. Sabano\u0161ovej&nbsp; &nbsp; &nbsp; &nbsp; &nbsp; &nbsp; &nbsp; &nbsp;<\/td>\n<td width=\"33%\"><strong>07.00 Brekov<br \/>\n<\/strong>+ M\u00e1ria \u0160tofejov\u00e1.<\/td>\n<\/tr>\n<tr>\n<td width=\"28%\">\n<p style=\"text-align: center;\"><strong>\u0160tvrtok \/11.08.\/<\/strong><\/p>\n<p style=\"text-align: center;\">sv. Kl\u00e1ry, panny<em><br \/>\nspomienka<\/em><\/p>\n<\/td>\n<td width=\"33%\"><strong>07.00 Str\u00e1\u017eske<br \/>\n<\/strong>+ Marta Hus\u00e1rov\u00e1<\/td>\n<td width=\"33%\"><strong>18.00 Pust\u00e9 \u010cemern\u00e9<\/strong><\/td>\n<\/tr>\n<tr>\n<td width=\"28%\">\n<p style=\"text-align: center;\"><strong>Piatok \/12.08.\/<\/strong><\/p>\n<p style=\"text-align: center;\">sv. Jany Franti\u0161ky de Chantal<em><br \/>\nspomienka<\/em><\/p>\n<\/td>\n<td width=\"33%\"><strong>18.00 Str\u00e1\u017eske<br \/>\n<\/strong>Osobn\u00fd \u00famysel<\/td>\n<td width=\"33%\"><em><u>16.00 Krivo\u0161\u0165any &#8211; Sob\u00e1\u0161ny obrad<\/u><\/em><\/p>\n<p><strong>18.30 Brekov<br \/>\n<\/strong>+ Helena Tu\u0161ajov\u00e1&nbsp; &nbsp; &nbsp; &nbsp; &nbsp; &nbsp; &nbsp; &nbsp; &nbsp; &nbsp; &nbsp; &nbsp; &nbsp;&nbsp;<\/td>\n<\/tr>\n<tr>\n<td width=\"28%\">\n<p style=\"text-align: center;\"><strong>Sobota \/13.08.\/<\/strong><\/p>\n<p style=\"text-align: center;\">sv. Ponci\u00e1na, p\u00e1pe\u017ea a&nbsp;sv. Hypolita, k\u0148aza, mu\u010den\u00edkov<em><br \/>\nspomienka<\/em><\/p>\n<\/td>\n<td width=\"33%\"><strong>18.00 Str\u00e1\u017eske<br \/>\n<\/strong>ZBP pre Tom\u00e1\u0161a a&nbsp;D\u00e1vida<\/td>\n<td width=\"33%\"><strong>15.00 Pust\u00e9 \u010cemern\u00e9 <\/strong>&#8211; Sob\u00e1\u0161na Sv. om\u0161a<\/td>\n<\/tr>\n<tr>\n<td width=\"28%\">\n<p style=\"text-align: center;\"><strong>Nede\u013ea \/14.08.\/<\/strong><\/p>\n<p style=\"text-align: center;\"><strong>20. nede\u013ea v&nbsp;obdob\u00ed cez rok<\/strong><\/p>\n<\/td>\n<td width=\"33%\"><strong>08.00 Krivo\u0161\u0165any<\/strong><\/p>\n<p><strong>09.30 Str\u00e1\u017eske<br \/>\n<\/strong>ZBP pre M\u00e1riu<strong>&nbsp; &nbsp;&nbsp;&nbsp;<\/strong><\/td>\n<td width=\"33%\"><strong>08.00 Brekov<br \/>\n<\/strong>ZBP pre bohuzn\u00e1mu Adri\u00e1nu<\/p>\n<p><strong>09.30 Pust\u00e9 \u010cemern\u00e9&nbsp;&nbsp;&nbsp;&nbsp; <\/strong><\/td>\n<\/tr>\n<\/tbody>\n<\/table>\n<ul>\n<li>Dnes (v nede\u013eu) popoludn\u00ed o&nbsp;14:45 bude pobo\u017enos\u0165 k&nbsp;BSJ na 1. nede\u013eu v&nbsp;mesiaci<\/li>\n<li>V&nbsp;stredu od&nbsp;15:00 vystavenie Olt\u00e1rnej sviatosti<\/li>\n<li>\u00daprimne \u010fakujeme za ka\u017ed\u00fa slu\u017ebu, obetu, modlitbu a&nbsp;obetu pre farnos\u0165 v&nbsp;uplynulom t\u00fd\u017edni a&nbsp;prajeme po\u017eehnan\u00fa nede\u013eu aj cel\u00fd t\u00fd\u017ede\u0148<\/li>\n<\/ul>\n","protected":false},"excerpt":{"rendered":"<p>Pondelok \/08.08.\/ sv. Dominika, k\u0148aza spomienka 18.00 Str\u00e1\u017eske Za veriacich farnosti&nbsp;&nbsp; 18.30 Brekov + Cyril \u0160tofej Utorok \/09.08.\/ sv. Ter\u00e9zie Benedikty z&nbsp;Kr\u00ed\u017ea sviatok 07.00 Str\u00e1\u017eske Osobn\u00fd \u00famysel 18.00 Krivo\u0161\u0165any Streda \/10.08.\/ sv. Vavrinca, diakona a&nbsp;mu\u010d. spomienka 18.00 Str\u00e1\u017eske + z rod. Sabano\u0161ovej&nbsp; &nbsp; &nbsp; &nbsp; &nbsp; &nbsp; &nbsp; &nbsp; 07.00 Brekov + M\u00e1ria \u0160tofejov\u00e1. \u0160tvrtok [&hellip;]<\/p>\n","protected":false},"author":1,"featured_media":0,"comment_status":"closed","ping_status":"closed","sticky":false,"template":"","format":"standard","meta":{"ngg_post_thumbnail":0,"footnotes":""},"categories":[4],"tags":[],"class_list":["post-43274","post","type-post","status-publish","format-standard","hentry","category-farske-oznamy"],"views":1136,"_links":{"self":[{"href":"https:\/\/www.farnost-strazske.sk\/index.php?rest_route=\/wp\/v2\/posts\/43274","targetHints":{"allow":["GET"]}}],"collection":[{"href":"https:\/\/www.farnost-strazske.sk\/index.php?rest_route=\/wp\/v2\/posts"}],"about":[{"href":"https:\/\/www.farnost-strazske.sk\/index.php?rest_route=\/wp\/v2\/types\/post"}],"author":[{"embeddable":true,"href":"https:\/\/www.farnost-strazske.sk\/index.php?rest_route=\/wp\/v2\/users\/1"}],"replies":[{"embeddable":true,"href":"https:\/\/www.farnost-strazske.sk\/index.php?rest_route=%2Fwp%2Fv2%2Fcomments&post=43274"}],"version-history":[{"count":1,"href":"https:\/\/www.farnost-strazske.sk\/index.php?rest_route=\/wp\/v2\/posts\/43274\/revisions"}],"predecessor-version":[{"id":43275,"href":"https:\/\/www.farnost-strazske.sk\/index.php?rest_route=\/wp\/v2\/posts\/43274\/revisions\/43275"}],"wp:attachment":[{"href":"https:\/\/www.farnost-strazske.sk\/index.php?rest_route=%2Fwp%2Fv2%2Fmedia&parent=43274"}],"wp:term":[{"taxonomy":"category","embeddable":true,"href":"https:\/\/www.farnost-strazske.sk\/index.php?rest_route=%2Fwp%2Fv2%2Fcategories&post=43274"},{"taxonomy":"post_tag","embeddable":true,"href":"https:\/\/www.farnost-strazske.sk\/index.php?rest_route=%2Fwp%2Fv2%2Ftags&post=43274"}],"curies":[{"name":"wp","href":"https:\/\/api.w.org\/{rel}","templated":true}]}}