{"id":43276,"date":"2022-08-07T15:00:29","date_gmt":"2022-08-07T13:00:29","guid":{"rendered":"https:\/\/www.farnost-strazske.sk\/?p=43276"},"modified":"2022-08-07T15:00:30","modified_gmt":"2022-08-07T13:00:30","slug":"rada-na-kazdy-den","status":"publish","type":"post","link":"https:\/\/www.farnost-strazske.sk\/?p=43276","title":{"rendered":"Rada na ka\u017ed\u00fd de\u0148"},"content":{"rendered":"\n<p id=\"wnd_TextBlock_780801127_inner_0\" style=\"font-size:17px\">Posolstvo evanjelia vie by\u0165 ob\u010das aj v\u00fdkri\u010dn\u00edkom \u010di ot\u00e1znikom, nielen troma bodkami, za ktor\u00fdmi sa pousmejem a pomysl\u00edm, \u017ee som v Bo\u017e\u00edch o\u010diach vz\u00e1cny, hoci v t\u00fdch mojich vyzer\u00e1m ako trhan a modloslu\u017eobn\u00edk.<\/p>\n\n\n\n<p id=\"wnd_TextBlock_780801127_inner_1\" style=\"font-size:17px\">&#8222;Otcovi sa zap\u00e1\u010dilo da\u0165 v\u00e1m kr\u00e1\u013eovstvo,&#8220; povie najsk\u00f4r Je\u017e\u00ed\u0161.<\/p>\n\n\n\n<p id=\"wnd_TextBlock_780801127_inner_2\" style=\"font-size:17px\">&#8222;J\u00e9\u00e9\u00e9\u00e9j!&#8220; poviem ja.<\/p>\n\n\n\n<p id=\"wnd_TextBlock_780801127_inner_3\" style=\"font-size:17px\">&#8222;Bedr\u00e1 majte op\u00e1san\u00e9 a lampy za\u017eat\u00e9!&#8220; pokra\u010duje Je\u017ei\u0161.<\/p>\n\n\n\n<p id=\"wnd_TextBlock_780801127_inner_4\" style=\"font-size:17px\">&#8222;\u010co?&#8220; nadvihnem obo\u010die.<\/p>\n\n\n\n<p id=\"wnd_TextBlock_780801127_inner_5\" style=\"font-size:17px\">&#8222;Blahoslaven\u00ed sluhovia, ktor\u00fdch p\u00e1n pri svojom pr\u00edchode n\u00e1jde bdie\u0165!&#8220; zd\u00f4razn\u00ed a \u010dak\u00e1, kam uhnem poh\u013eadom. On toti\u017e vie. Pozn\u00e1 moje my\u0161lienky a vid\u00ed, \u017ee bedlivos\u0165 nie je siln\u00e1 str\u00e1nka \u010dloveka.<\/p>\n\n\n\n<p id=\"wnd_TextBlock_780801127_inner_6\" style=\"font-size:17px\">Zad\u00edval som sa do zeme a s\u00e1m seba, v duchu, hoci pred Je\u017ei\u0161om ni\u010d nie je utajen\u00e9, som sa spytoval: ,Bol som v ka\u017edom okamihu dne\u0161n\u00e9ho d\u0148a pripraven\u00fd by\u0165 s Je\u017ei\u0161om?&#8216;<\/p>\n\n\n\n<p id=\"wnd_TextBlock_780801127_inner_7\" style=\"font-size:17px\">Odpoveda\u0165 som mohol ja alebo aj on. Ja by som to v\u0161ak pr\u00edli\u0161 komentoval, len aby som sa vyhovoril alebo ospravedlnil a tak som nechal odpoveda\u0165 jeho.<\/p>\n\n\n\n<p id=\"wnd_TextBlock_780801127_inner_8\" style=\"font-size:17px\">&#8222;Nebol,&#8220; prihovoril sa mi l\u00e1skavo Je\u017ei\u0161.<\/p>\n\n\n\n<p id=\"wnd_TextBlock_780801127_inner_9\" style=\"font-size:17px\">&#8222;Nebol,&#8220; zopakoval som po \u0148om s \u00fa\u013eavou, \u017ee mi nebude pripom\u00edna\u0165 ka\u017ed\u00fa chv\u00ed\u013eu z d\u0148a, kedy som neza\u017eal lampu a ne\u010dakal, \u017ee by sa ma mohol nejak\u00fdm sp\u00f4sobom dotkn\u00fa\u0165, oslovi\u0165 ma alebo pote\u0161i\u0165. Moja lampa vyhasla v zhone sveta, do ktor\u00e9ho ma hodili ako do vody.<\/p>\n\n\n\n<div class=\"wp-block-image\"><figure class=\"aligncenter is-resized\"><img loading=\"lazy\" decoding=\"async\" src=\"https:\/\/96e19d8f6d.clvaw-cdnwnd.com\/56958a3ff2fd5fdcdbd797b978b04dd5\/200000603-b0691b0694\/_VS90234.jpeg?ph=96e19d8f6d\" alt=\"\" width=\"750\" height=\"422\"\/><\/figure><\/div>\n\n\n\n<p id=\"wnd_TextBlock_780801127_inner_10\" style=\"font-size:17px\">Lebo \u010dasto sa tak naozaj c\u00edtim &#8211; ako na lodi, ktor\u00fa un\u00e1\u0161a vodn\u00fd v\u00edr. To\u010d\u00edm sa v kruhu, st\u00e1le dokola, veslujem ako o \u017eivot a hoci vid\u00edm pokojn\u00e9 vody za hranicou v\u00edru, nie som schopn\u00fd preveslova\u0165 sa a\u017e k nim. A tak sa to\u010d\u00edm a to\u010d\u00edm a zab\u00fadam, \u017ee aj ten v\u00edr le\u017e\u00ed na obrovskej Bo\u017eej dlani, lebo nie je ni\u010d, \u010do by Boh neprekryl svojou pr\u00edtomnos\u0165ou a sl\u00e1vou. To\u010d\u00edm sa, to\u010d\u00edm a mysl\u00edm na seba, na svoje strachy, bud\u00facnos\u0165, ktor\u00e1 je neist\u00e1, na v\u0161etky tie bremen\u00e1, ktor\u00e9 som sa rozhodol nies\u0165 a pl\u00e1ny a predsavzatia a \u00falohy a sny a&#8230; a v tej chv\u00edli rob\u00edm v\u0161etko mo\u017en\u00e9 i nemo\u017en\u00e9, av\u0161ak zab\u00fadam by\u0165 bdel\u00fd, aby sa ma aj na tej lodi Boh mohol dotkn\u00fa\u0165 svojou pr\u00edtomnos\u0165ou.<\/p>\n\n\n\n<p id=\"wnd_TextBlock_780801127_inner_11\" style=\"font-size:17px\">&#8222;Otcovi sa zap\u00e1\u010dilo da\u0165 v\u00e1m kr\u00e1\u013eovstvo!&#8220;<\/p>\n\n\n\n<p id=\"wnd_TextBlock_780801127_inner_12\" style=\"font-size:17px\">Nie, v tej chv\u00edli na to ani nepomysl\u00edm. Bedr\u00e1 nem\u00e1m op\u00e1san\u00e9 a lampy d\u00e1vno vyhasli, lebo vid\u00edm seba viac ako svojho Spasite\u013ea. Do kelu! A rob\u00edm tak zas a zas, de\u0148 za d\u0148om, pr\u00edbeh za pr\u00edbehom, \u017eivot za \u017eivotom. Zab\u00fadam bdie\u0165, lebo tma sa mi zd\u00e1 ob\u010das tak\u00e1 stra\u0161ideln\u00e1, \u017ee na svetlo ani nepomysl\u00edm.<\/p>\n\n\n\n<p id=\"wnd_TextBlock_780801127_inner_13\" style=\"font-size:17px\">&#8222;Blahoslaven\u00ed sluhovia, ktor\u00fdch p\u00e1n pri svojom pr\u00edchode n\u00e1jde bdie\u0165!&#8220; zd\u00f4razn\u00ed mi Je\u017ei\u0161 znova.<\/p>\n\n\n\n<p id=\"wnd_TextBlock_780801127_inner_14\" style=\"font-size:17px\">&#8222;Budem sa sna\u017ei\u0165,&#8220; pris\u013e\u00fabim.<\/p>\n\n\n\n<p id=\"wnd_TextBlock_780801127_inner_15\" style=\"font-size:17px\">&#8222;Dobre.&#8220; Boh sa na m\u0148a usmeje. &#8222;To je dobr\u00fd za\u010diatok.&#8220;<\/p>\n\n\n\n<p id=\"wnd_TextBlock_780801127_inner_16\" style=\"font-size:17px\">Prik\u00fdvnem a v duchu, hoci On to tie\u017e po\u010duje, zopakujem: ,Sna\u017ei\u0165 sa by\u0165 bdel\u00fd, pripraven\u00fd za\u017ei\u0165 Je\u017ei\u0161a v ka\u017edom okamihu svojho \u017eivota, je dobr\u00fd za\u010diatok&#8230;&#8216;<\/p>\n\n\n\n<p id=\"wnd_TextBlock_780801127_inner_17\" style=\"font-size:17px\">A Boh sa na m\u0148a usmeje znova. A ja? Len tak na neho chlap\u010densky hunc\u00fatsky \u017emurknem&#8230;\u00a0<\/p>\n\n\n\n<p style=\"font-size:17px\"><em>Autor:&nbsp;<\/em><a rel=\"noreferrer noopener\" href=\"https:\/\/www.vladkostefanic.com\/\" target=\"_blank\"><em>Vladim\u00edr \u0160tefani\u010d<\/em><\/a><em>&nbsp;<\/em><\/p>\n","protected":false},"excerpt":{"rendered":"<p>Posolstvo evanjelia vie by\u0165 ob\u010das aj v\u00fdkri\u010dn\u00edkom \u010di ot\u00e1znikom, nielen troma bodkami, za ktor\u00fdmi sa pousmejem a pomysl\u00edm, \u017ee som v Bo\u017e\u00edch o\u010diach vz\u00e1cny, hoci v t\u00fdch mojich vyzer\u00e1m ako trhan a modloslu\u017eobn\u00edk. &#8222;Otcovi sa zap\u00e1\u010dilo da\u0165 v\u00e1m kr\u00e1\u013eovstvo,&#8220; povie najsk\u00f4r Je\u017e\u00ed\u0161. &#8222;J\u00e9\u00e9\u00e9\u00e9j!&#8220; poviem ja. &#8222;Bedr\u00e1 majte op\u00e1san\u00e9 a lampy za\u017eat\u00e9!&#8220; pokra\u010duje Je\u017ei\u0161. &#8222;\u010co?&#8220; nadvihnem [&hellip;]<\/p>\n","protected":false},"author":1,"featured_media":0,"comment_status":"closed","ping_status":"closed","sticky":false,"template":"","format":"standard","meta":{"ngg_post_thumbnail":0,"footnotes":""},"categories":[22],"tags":[],"class_list":["post-43276","post","type-post","status-publish","format-standard","hentry","category-zamyslenia"],"views":230,"_links":{"self":[{"href":"https:\/\/www.farnost-strazske.sk\/index.php?rest_route=\/wp\/v2\/posts\/43276","targetHints":{"allow":["GET"]}}],"collection":[{"href":"https:\/\/www.farnost-strazske.sk\/index.php?rest_route=\/wp\/v2\/posts"}],"about":[{"href":"https:\/\/www.farnost-strazske.sk\/index.php?rest_route=\/wp\/v2\/types\/post"}],"author":[{"embeddable":true,"href":"https:\/\/www.farnost-strazske.sk\/index.php?rest_route=\/wp\/v2\/users\/1"}],"replies":[{"embeddable":true,"href":"https:\/\/www.farnost-strazske.sk\/index.php?rest_route=%2Fwp%2Fv2%2Fcomments&post=43276"}],"version-history":[{"count":1,"href":"https:\/\/www.farnost-strazske.sk\/index.php?rest_route=\/wp\/v2\/posts\/43276\/revisions"}],"predecessor-version":[{"id":43277,"href":"https:\/\/www.farnost-strazske.sk\/index.php?rest_route=\/wp\/v2\/posts\/43276\/revisions\/43277"}],"wp:attachment":[{"href":"https:\/\/www.farnost-strazske.sk\/index.php?rest_route=%2Fwp%2Fv2%2Fmedia&parent=43276"}],"wp:term":[{"taxonomy":"category","embeddable":true,"href":"https:\/\/www.farnost-strazske.sk\/index.php?rest_route=%2Fwp%2Fv2%2Fcategories&post=43276"},{"taxonomy":"post_tag","embeddable":true,"href":"https:\/\/www.farnost-strazske.sk\/index.php?rest_route=%2Fwp%2Fv2%2Ftags&post=43276"}],"curies":[{"name":"wp","href":"https:\/\/api.w.org\/{rel}","templated":true}]}}