{"id":43280,"date":"2022-08-14T13:15:58","date_gmt":"2022-08-14T11:15:58","guid":{"rendered":"https:\/\/www.farnost-strazske.sk\/?p=43280"},"modified":"2022-08-23T09:13:38","modified_gmt":"2022-08-23T07:13:38","slug":"liturgicky-prehlad-a-oznamy-15-8-21-08-2022","status":"publish","type":"post","link":"https:\/\/www.farnost-strazske.sk\/?p=43280","title":{"rendered":"Liturgick\u00fd preh\u013ead a\u00a0oznamy 22.8. \u2013 28.08. 2022"},"content":{"rendered":"<table width=\"97%\">\n<tbody>\n<tr>\n<td width=\"28%\">\n<p style=\"text-align: center;\"><strong>Pondelok \/22.08.\/<\/strong><\/p>\n<p style=\"text-align: center;\"><b>Panny M\u00e1rie Kr\u00e1\u013eovnej, spomienka<\/b><\/p>\n<\/td>\n<td width=\"33%\"><strong>18.00 Str\u00e1\u017eske<br \/>\n<\/strong>+ Helena Va\u0161kov\u00e1<\/td>\n<td width=\"33%\"><strong>18.00\u00a0 Brekov<br \/>\n<\/strong><\/td>\n<\/tr>\n<tr>\n<td width=\"28%\">\n<p style=\"text-align: center;\"><strong>Utorok \/23.08.\/<\/strong><\/p>\n<p style=\"text-align: center;\">sv. Ru\u017eeny Limskej, panny<em><br \/>\nspomienka<\/em><\/p>\n<\/td>\n<td width=\"33%\"><strong>07.00 Str\u00e1\u017eske<br \/>\n<\/strong>+ z rod. Harmanovej a Ma\u013eudyovej<\/td>\n<td width=\"33%\"><b>18.00 <strong> Krivo\u0161\u0165any<\/strong><\/b><\/td>\n<\/tr>\n<tr>\n<td width=\"28%\">\n<p style=\"text-align: center;\"><strong>Streda \/24.08.\/<\/strong><\/p>\n<p style=\"text-align: center;\"><em>Sv. Bartolomeja, apo\u0161tola, sviatok<\/em><\/p>\n<\/td>\n<td width=\"33%\"><strong>18.00 Str\u00e1\u017eske<br \/>\n<\/strong>+ Franti\u0161ek, Michal a Al\u017ebeta Beh\u00fanov\u00ed<\/td>\n<td width=\"33%\"><strong>07.00 Brekov<br \/>\n<\/strong><\/td>\n<\/tr>\n<tr>\n<td width=\"28%\">\n<p style=\"text-align: center;\"><strong>\u0160tvrtok \/25.08.\/<\/strong><\/p>\n<p style=\"text-align: center;\"><em>f\u00e9ria<\/em><\/p>\n<\/td>\n<td width=\"33%\"><em><span style=\"text-decoration: underline;\">15.00 Ador\u00e1cia<\/span><\/em><\/p>\n<p><strong>18.00 Str\u00e1\u017eske<br \/>\n<\/strong>+Milan Balick\u00fd a Jozef Dvor\u0161\u010d\u00e1k<em>\u00a0<\/em><\/td>\n<td width=\"33%\"><strong>18.00 Pust\u00e9 \u010cemern\u00e9<\/strong><\/td>\n<\/tr>\n<tr>\n<td width=\"28%\">\n<p style=\"text-align: center;\"><strong>Piatok \/26.08.\/<\/strong><\/p>\n<p style=\"text-align: center;\"><em>f\u00e9ria<\/em><\/p>\n<\/td>\n<td width=\"33%\"><strong>18.00 Str\u00e1\u017eske<br \/>\n<\/strong>+ z rod. Mace\u0148kovej<\/td>\n<td width=\"33%\"><strong>18.00 Brekov<br \/>\n<\/strong><\/td>\n<\/tr>\n<tr>\n<td width=\"28%\">\n<p style=\"text-align: center;\"><strong>Sobota \/27.08.\/<\/strong><\/p>\n<p style=\"text-align: center;\">sv. Moniky, matky sv. August\u00edna<em><br \/>\nspomienka<\/em><\/p>\n<\/td>\n<td width=\"33%\"><em>\u00a0\u00a0\u00a0 <\/em><strong>18.00 Str\u00e1\u017eske<br \/>\n<\/strong>+ Zuzana Truchanov\u00e1<\/td>\n<td width=\"33%\"><\/td>\n<\/tr>\n<tr>\n<td width=\"28%\">\n<p style=\"text-align: center;\"><strong>Nede\u013ea \/28.08.\/<\/strong><\/p>\n<p style=\"text-align: center;\"><strong>22. nede\u013ea v obdob\u00ed cez rok<\/strong><\/p>\n<\/td>\n<td width=\"33%\"><strong>08.00 Krivo\u0161\u0165any<\/strong><\/p>\n<p><strong>10.30 Str\u00e1\u017eske<br \/>\n<\/strong>ZBP rod. Knapovej, Lok\u0161\u00edkovej a Vargovi\u010dovej<\/p>\n<p><strong>18.00\u00a0 Str\u00e1\u017eske<br \/>\n<\/strong>Za veriacich farnosti<\/td>\n<td width=\"33%\"><strong>09.15 Brekov<\/strong><\/p>\n<p><strong><br \/>\n<\/strong><br \/>\n<strong>09.15 Pust\u00e9 \u010cemern\u00e9<\/strong><\/td>\n<\/tr>\n<\/tbody>\n<\/table>\n<ul>\n<li>V nede\u013eu ve\u010der bud\u00fa Sv. om\u0161e posunut\u00e9 o 15 min\u00fat &#8230; teda na <strong>18.15<\/strong><\/li>\n<li><a href=\"https:\/\/www.slovoplus.sk\/duchovny-otec-juraj-sabados-stal-som-sa-knazom-pre-hlad-po-niecom-vacsom\" target=\"_blank\" rel=\"noopener\">Rozhovor s\u00a0na\u0161\u00edm rod\u00e1kom o. Jurajom Sabado\u0161om<\/a><\/li>\n<li>Od bud\u00facej nedele 21.8. s\u00fa Sv. om\u0161e v <strong>upravenom \u010dase, <\/strong>ktor\u00fd sa m\u00f4\u017ee pri niektor\u00fdch udalostiach (napr. pri odpustov\u00fdch sl\u00e1vnostiach) niekedy posun\u00fa\u0165<strong>:<br \/>\n08:00 &#8211; Krivo\u0161\u0165any;<br \/>\n09:15 &#8211; Brekov a\u00a0 Pust\u00e9 \u010cemern\u00e9;<br \/>\n10:30 \u00a0a \u00a018:00 &#8211; Str\u00e1\u017eske.<\/strong><\/li>\n<li>Pom\u00f4cka pre birmovancov: <strong>Ovocie Ducha Sv\u00e4t\u00e9ho<\/strong> je &#8211; l\u00e1ska, rados\u0165, pokoj, zhovievavos\u0165, l\u00e1skavos\u0165, dobrota, vernos\u0165, miernos\u0165 a zdr\u017eanlivos\u0165<\/li>\n<li>\u00daprimne \u010fakujeme za va\u0161e milodary pri zbierka na kostol, ako aj za\u00a0 ka\u017ed\u00fa va\u0161u slu\u017ebu, modlitbu a obetu pre farnos\u0165 v uplynulom t\u00fd\u017edni<\/li>\n<\/ul>\n","protected":false},"excerpt":{"rendered":"<p>Pondelok \/22.08.\/ Panny M\u00e1rie Kr\u00e1\u013eovnej, spomienka 18.00 Str\u00e1\u017eske + Helena Va\u0161kov\u00e1 18.00\u00a0 Brekov Utorok \/23.08.\/ sv. Ru\u017eeny Limskej, panny spomienka 07.00 Str\u00e1\u017eske + z rod. Harmanovej a Ma\u013eudyovej 18.00 Krivo\u0161\u0165any Streda \/24.08.\/ Sv. Bartolomeja, apo\u0161tola, sviatok 18.00 Str\u00e1\u017eske + Franti\u0161ek, Michal a Al\u017ebeta Beh\u00fanov\u00ed 07.00 Brekov \u0160tvrtok \/25.08.\/ f\u00e9ria 15.00 Ador\u00e1cia 18.00 Str\u00e1\u017eske +Milan Balick\u00fd [&hellip;]<\/p>\n","protected":false},"author":1,"featured_media":0,"comment_status":"closed","ping_status":"closed","sticky":false,"template":"","format":"standard","meta":{"ngg_post_thumbnail":0,"footnotes":""},"categories":[4],"tags":[],"class_list":["post-43280","post","type-post","status-publish","format-standard","hentry","category-farske-oznamy"],"views":2120,"_links":{"self":[{"href":"https:\/\/www.farnost-strazske.sk\/index.php?rest_route=\/wp\/v2\/posts\/43280","targetHints":{"allow":["GET"]}}],"collection":[{"href":"https:\/\/www.farnost-strazske.sk\/index.php?rest_route=\/wp\/v2\/posts"}],"about":[{"href":"https:\/\/www.farnost-strazske.sk\/index.php?rest_route=\/wp\/v2\/types\/post"}],"author":[{"embeddable":true,"href":"https:\/\/www.farnost-strazske.sk\/index.php?rest_route=\/wp\/v2\/users\/1"}],"replies":[{"embeddable":true,"href":"https:\/\/www.farnost-strazske.sk\/index.php?rest_route=%2Fwp%2Fv2%2Fcomments&post=43280"}],"version-history":[{"count":11,"href":"https:\/\/www.farnost-strazske.sk\/index.php?rest_route=\/wp\/v2\/posts\/43280\/revisions"}],"predecessor-version":[{"id":43304,"href":"https:\/\/www.farnost-strazske.sk\/index.php?rest_route=\/wp\/v2\/posts\/43280\/revisions\/43304"}],"wp:attachment":[{"href":"https:\/\/www.farnost-strazske.sk\/index.php?rest_route=%2Fwp%2Fv2%2Fmedia&parent=43280"}],"wp:term":[{"taxonomy":"category","embeddable":true,"href":"https:\/\/www.farnost-strazske.sk\/index.php?rest_route=%2Fwp%2Fv2%2Fcategories&post=43280"},{"taxonomy":"post_tag","embeddable":true,"href":"https:\/\/www.farnost-strazske.sk\/index.php?rest_route=%2Fwp%2Fv2%2Ftags&post=43280"}],"curies":[{"name":"wp","href":"https:\/\/api.w.org\/{rel}","templated":true}]}}