{"id":43286,"date":"2022-08-14T13:17:38","date_gmt":"2022-08-14T11:17:38","guid":{"rendered":"https:\/\/www.farnost-strazske.sk\/?p=43286"},"modified":"2022-08-14T13:17:39","modified_gmt":"2022-08-14T11:17:39","slug":"cas-milosti-a-rozdelenia","status":"publish","type":"post","link":"https:\/\/www.farnost-strazske.sk\/?p=43286","title":{"rendered":"\u010cas milosti a rozdelenia"},"content":{"rendered":"\n<p id=\"wnd_TextBlock_438283131_inner_0\" style=\"font-size:17px\">Je\u017ei\u0161 na za\u010diatku svojej cesty, ke\u010f v Nazarete prevzal v synag\u00f3ge zvitok z proroka Izai\u00e1\u0161a, ohl\u00e1sil, \u017ee s n\u00edm prich\u00e1dza P\u00e1nov milostiv\u00fd rok. Ve\u010f to pozn\u00e1te: slep\u00ed bud\u00fa vidie\u0165, chrom\u00ed chodi\u0165 a v\u00e4zni bud\u00fa prepusten\u00ed zo \u017eal\u00e1ra. Ak\u00fd pr\u00eds\u013eub!<\/p>\n\n\n\n<p id=\"wnd_TextBlock_438283131_inner_1\" style=\"font-size:17px\">Ke\u010f v\u0161ak Je\u017ei\u0161 t\u00fdmito slovami cituje proroka Izai\u00e1\u0161a, vynech\u00e1 druh\u00fa polovicu cit\u00e1tu, v ktorom sa okrem P\u00e1novej milosti spom\u00edna, \u017ee ohl\u00e1si aj de\u0148 pomsty n\u00e1\u0161ho Boha. Je\u017ei\u0161 to zaml\u010d\u00ed najsk\u00f4r z\u00e1merne. To len aby sme rozumeli, \u017ee s n\u00edm prich\u00e1dza \u010das milosti, a\u017e dovtedy, ke\u010f sa pred ve\u010dn\u00fd s\u00fad postavia t\u00ed, ktor\u00ed v neho neuverili, na ktor\u00fdch potom \u010dak\u00e1 de\u0148 pomsty.<\/p>\n\n\n\n<p id=\"wnd_TextBlock_438283131_inner_2\" style=\"font-size:17px\">To\u013eko Bo\u017eie slovo na za\u010diatku jeho \u00fa\u010dinkovania.<\/p>\n\n\n\n<p id=\"wnd_TextBlock_438283131_inner_3\" style=\"font-size:17px\">A potom chod\u00ed po Galilei a Palest\u00edne, lie\u010di a vyu\u010duje, a\u017e sa na jednom mieste znova zastav\u00ed a povie: &#8222;Mysl\u00edte si, \u017ee som pri\u0161iel darova\u0165 pokoj zemi? Nie, hovor\u00edm v\u00e1m, ale rozdelenie!&#8220;<\/p>\n\n\n\n<p id=\"wnd_TextBlock_438283131_inner_4\" style=\"font-size:17px\">Rozdelenie.<\/p>\n\n\n\n<p id=\"wnd_TextBlock_438283131_inner_5\" style=\"font-size:17px\">Aby sme rozumeli, Je\u017ei\u0161 si rozdelenie ne\u017eel\u00e1, ale ono pr\u00edde.<\/p>\n\n\n\n<p id=\"wnd_TextBlock_438283131_inner_6\" style=\"font-size:17px\">Lebo t\u00ed slep\u00ed, ktor\u00ed bud\u00fa znova vidie\u0165, prines\u00fa do rod\u00edn, ded\u00edn a spolo\u010dnosti rozdelenie a pohor\u0161enie. Aj chrom\u00ed a in\u00ed uzdraven\u00ed. Aj prepusten\u00ed zo \u017eal\u00e1ra. V\u0161etci omilosten\u00ed bud\u00fa prin\u00e1\u0161a\u0165 rozdelenie, lebo t\u00ed, ktor\u00ed omilostenie nebud\u00fa chcie\u0165 prija\u0165, nebud\u00fa rozumie\u0165, bud\u00fa zosmie\u0161\u0148ova\u0165, spochyb\u0148ova\u0165 a hani\u0165 t\u00fdch, ktor\u00ed sa slobodne rozhodn\u00fa prija\u0165 dar P\u00e1novej milosti.<\/p>\n\n\n<div class=\"wp-block-image\">\n<figure class=\"aligncenter is-resized\"><img loading=\"lazy\" decoding=\"async\" src=\"https:\/\/96e19d8f6d.clvaw-cdnwnd.com\/56958a3ff2fd5fdcdbd797b978b04dd5\/200000441-1552816525\/_VS90829.jpg?ph=96e19d8f6d\" alt=\"\" width=\"500\" height=\"334\"\/><\/figure>\n<\/div>\n\n\n<p id=\"wnd_TextBlock_438283131_inner_7\" style=\"font-size:17px\">Zem je miesto, ktor\u00e9 n\u00e1m nepatr\u00ed.<\/p>\n\n\n\n<p id=\"wnd_TextBlock_438283131_inner_8\" style=\"font-size:17px\">Zem je miesto, kde Boh bojuje za \u010dloveka, aby ho z\u00edskal, aby ho spasil. Ale tie\u017e miesto, kde zl\u00fd duch snuje svoje pl\u00e1ny ako Bohu vzia\u0165 ka\u017ed\u00fa du\u0161u. Rob\u00ed to pref\u00edkane a s medom na prstoch, len aby sa \u010dloveku v jedovatej sladkosti opantali myse\u013e i telo.<\/p>\n\n\n\n<p id=\"wnd_TextBlock_438283131_inner_9\" style=\"font-size:17px\">Rozdelenie nerob\u00ed Boh, ale zl\u00fd duch, ke\u010f prehov\u00e1ra \u010dloveka, \u017ee Bohu nemo\u017eno veri\u0165. Ako vtedy, tam, v raji na po\u010diatku, ke\u010f to robil prv\u00fdm rodi\u010dom, rob\u00ed tak dodnes, len aby sa \u010dlovek postavil Bohu chrbtom. A \u010dlovek, py\u0161n\u00fd vo svojej slobode, mu znova uver\u00ed.<\/p>\n\n\n\n<p id=\"wnd_TextBlock_438283131_inner_10\" style=\"font-size:17px\">Je P\u00e1nov milostiv\u00fd rok.<\/p>\n\n\n\n<p id=\"wnd_TextBlock_438283131_inner_11\" style=\"font-size:17px\">\u010cas milosti, \u010das spasenia, \u010das n\u00e1deje. A z\u00e1le\u017e\u00ed len na mne, \u010di ho pr\u00edjmem ako nezasl\u00fa\u017een\u00fd dar a nech\u00e1m sa Je\u017ei\u0161om vies\u0165. A \u00e1no, moje odovzdanie sa Bohu sp\u00f4sob\u00ed aj pohor\u0161enie a rozdelenie medzi cudz\u00edmi, ale aj t\u00fdmi, na ktor\u00fdch mi z\u00e1le\u017e\u00ed. Aj posme\u0161ky, aj \u0165ukanie na \u010delo. Ale z\u00e1le\u017e\u00ed na tom?<\/p>\n\n\n\n<p id=\"wnd_TextBlock_438283131_inner_12\" style=\"font-size:17px\">Je predsa P\u00e1nov milostiv\u00fd \u010das. Ostatn\u00e9 ide bokom!\u00a0<\/p>\n\n\n\n<p style=\"font-size:17px\"><em>Autor:&nbsp;<\/em><a rel=\"noreferrer noopener\" href=\"https:\/\/www.vladkostefanic.com\/\" target=\"_blank\"><em>Vladim\u00edr \u0160tefani\u010d<\/em><\/a><em>&nbsp;<\/em><\/p>\n","protected":false},"excerpt":{"rendered":"<p>Je\u017ei\u0161 na za\u010diatku svojej cesty, ke\u010f v Nazarete prevzal v synag\u00f3ge zvitok z proroka Izai\u00e1\u0161a, ohl\u00e1sil, \u017ee s n\u00edm prich\u00e1dza P\u00e1nov milostiv\u00fd rok. Ve\u010f to pozn\u00e1te: slep\u00ed bud\u00fa vidie\u0165, chrom\u00ed chodi\u0165 a v\u00e4zni bud\u00fa prepusten\u00ed zo \u017eal\u00e1ra. Ak\u00fd pr\u00eds\u013eub! Ke\u010f v\u0161ak Je\u017ei\u0161 t\u00fdmito slovami cituje proroka Izai\u00e1\u0161a, vynech\u00e1 druh\u00fa polovicu cit\u00e1tu, v ktorom sa okrem [&hellip;]<\/p>\n","protected":false},"author":1,"featured_media":0,"comment_status":"closed","ping_status":"closed","sticky":false,"template":"","format":"standard","meta":{"ngg_post_thumbnail":0,"footnotes":""},"categories":[22],"tags":[],"class_list":["post-43286","post","type-post","status-publish","format-standard","hentry","category-zamyslenia"],"views":224,"_links":{"self":[{"href":"https:\/\/www.farnost-strazske.sk\/index.php?rest_route=\/wp\/v2\/posts\/43286","targetHints":{"allow":["GET"]}}],"collection":[{"href":"https:\/\/www.farnost-strazske.sk\/index.php?rest_route=\/wp\/v2\/posts"}],"about":[{"href":"https:\/\/www.farnost-strazske.sk\/index.php?rest_route=\/wp\/v2\/types\/post"}],"author":[{"embeddable":true,"href":"https:\/\/www.farnost-strazske.sk\/index.php?rest_route=\/wp\/v2\/users\/1"}],"replies":[{"embeddable":true,"href":"https:\/\/www.farnost-strazske.sk\/index.php?rest_route=%2Fwp%2Fv2%2Fcomments&post=43286"}],"version-history":[{"count":1,"href":"https:\/\/www.farnost-strazske.sk\/index.php?rest_route=\/wp\/v2\/posts\/43286\/revisions"}],"predecessor-version":[{"id":43287,"href":"https:\/\/www.farnost-strazske.sk\/index.php?rest_route=\/wp\/v2\/posts\/43286\/revisions\/43287"}],"wp:attachment":[{"href":"https:\/\/www.farnost-strazske.sk\/index.php?rest_route=%2Fwp%2Fv2%2Fmedia&parent=43286"}],"wp:term":[{"taxonomy":"category","embeddable":true,"href":"https:\/\/www.farnost-strazske.sk\/index.php?rest_route=%2Fwp%2Fv2%2Fcategories&post=43286"},{"taxonomy":"post_tag","embeddable":true,"href":"https:\/\/www.farnost-strazske.sk\/index.php?rest_route=%2Fwp%2Fv2%2Ftags&post=43286"}],"curies":[{"name":"wp","href":"https:\/\/api.w.org\/{rel}","templated":true}]}}