{"id":43313,"date":"2022-08-29T00:07:06","date_gmt":"2022-08-28T22:07:06","guid":{"rendered":"https:\/\/www.farnost-strazske.sk\/?p=43313"},"modified":"2022-08-29T00:07:07","modified_gmt":"2022-08-28T22:07:07","slug":"liturgicky-prehlad-a-oznamy-29-8-4-9-2022","status":"publish","type":"post","link":"https:\/\/www.farnost-strazske.sk\/?p=43313","title":{"rendered":"Liturgick\u00fd preh\u013ead a\u00a0oznamy 29.8. \u2013 4.9. 2022"},"content":{"rendered":"<table width=\"97%\">\n<tbody>\n<tr>\n<td width=\"28%\">\n<p style=\"text-align: center;\"><strong>Pondelok \/29.08.\/<\/strong><\/p>\n<p style=\"text-align: center;\">Mu\u010den\u00edcka smr\u0165 sv. J\u00e1na Krstite\u013ea<\/p>\n<\/td>\n<td width=\"33%\"><em>&nbsp;&nbsp;&nbsp; <\/em><\/p>\n<p><strong>07.00 Str\u00e1\u017eske<br \/>\n<\/strong>+ z&nbsp;rod. Pola\u010dikovej<br \/>\n<em>(po sv. om\u0161i mo\u017enos\u0165 sv. zmierenia)<\/em><\/p>\n<p><em>&nbsp;<\/em><\/td>\n<td width=\"33%\"><strong>&nbsp;<\/strong><\/td>\n<\/tr>\n<tr>\n<td width=\"28%\">\n<p style=\"text-align: center;\"><strong>Utorok \/30.08.\/<\/strong><\/p>\n<p style=\"text-align: center;\"><em>f\u00e9ria<\/em><\/p>\n<\/td>\n<td width=\"33%\"><em><u>16.30\u201318.00 Str\u00e1\u017eske-sv.zmierenia<\/u><\/em><\/p>\n<p><strong>18.00 Str\u00e1\u017eske<br \/>\n<\/strong>+ M\u00e1ria a&nbsp;Mikul\u00e1\u0161 Va\u013eov\u00ed<\/td>\n<td width=\"33%\"><em><u>16.30\u201318.00 Brekov-sv.zmierenia<\/u><\/em><\/p>\n<p><strong>18.00 Brekov<br \/>\n<\/strong>+ \u013dudmila Mugrauerov\u00e1 (1. v\u00fdro\u010die)<\/td>\n<\/tr>\n<tr>\n<td width=\"28%\">\n<p style=\"text-align: center;\"><strong>Streda \/31.08.\/<\/strong><\/p>\n<p style=\"text-align: center;\"><em>f\u00e9ria<\/em><\/p>\n<\/td>\n<td width=\"33%\"><em><u>16.30\u201318.00 Str\u00e1\u017eske-sv.zmierenia<\/u><\/em><\/p>\n<p><strong>18.00 Str\u00e1\u017eske<br \/>\n<\/strong>+ Jolana \u0160vihurov\u00e1<\/td>\n<td width=\"33%\"><em><u>16.30\u201318.00 Brekov-sv.zmierenia<\/u><\/em><\/p>\n<p><strong>18.00 Brekov<br \/>\n<\/strong>+ Helena a&nbsp;Michal Jurov<br \/>\n+ Jozef Ga\u0161parovi\u010d<\/td>\n<\/tr>\n<tr>\n<td width=\"28%\">\n<p style=\"text-align: center;\"><strong>\u0160tvrtok \/01.09.\/<\/strong><\/p>\n<p style=\"text-align: center;\"><em>f\u00e9ria<\/em><\/p>\n<\/td>\n<td width=\"33%\"><em><u>16.30\u201318.00 Str\u00e1\u017eske-sv.zmierenia<\/u><\/em><\/p>\n<p><strong>18.00 Str\u00e1\u017eske<br \/>\n<\/strong>+ Katar\u00edna a&nbsp;Jozef Va\u013eov\u010d\u00edk<\/td>\n<td width=\"33%\"><em><u>17.00\u201318.00 P.\u010cemern\u00e9-sv.zmierenia<\/u><\/em><\/p>\n<p><strong>18.00 Pust\u00e9 \u010cemern\u00e9<\/strong>&nbsp;&nbsp;&nbsp;&nbsp;<\/td>\n<\/tr>\n<tr>\n<td width=\"28%\">\n<p style=\"text-align: center;\"><strong>Piatok \/02.09.\/<\/strong><\/p>\n<p style=\"text-align: center;\"><em>f\u00e9ria<\/em><\/p>\n<\/td>\n<td width=\"33%\"><em><u>08.00 Str\u00e1\u017eske\u2013sv.zmiernia chor\u00fdch<\/u><\/em><\/p>\n<p><em><u>16.00\u201317.00 Krivo\u0161\u0165any-sv.zmierenia<\/u><\/em><\/p>\n<p><strong>17.00 Krivo\u0161\u0165any<\/strong><\/p>\n<p><strong>18.15 Str\u00e1\u017eske<br \/>\n<\/strong>+ z&nbsp;rod Dziakovej, Da\u0148ovej<br \/>\n+&nbsp;Ondrej Onda<\/td>\n<td width=\"33%\"><em><u>08.00 Brekov\u2013sv.zmiernia chor\u00fdch<\/u><\/em><\/p>\n<p><strong>17.00 Pust\u00e9 \u010cemern\u00e9<\/strong><\/p>\n<p><strong>18.15 Brekov<br \/>\n<\/strong>+ J\u00e1n , M\u00e1ria, Jozef a&nbsp;Paul\u00edna Porva\u017en\u00edk<\/td>\n<\/tr>\n<tr>\n<td width=\"28%\">\n<p style=\"text-align: center;\"><strong>Sobota \/03.09.\/<\/strong><\/p>\n<p style=\"text-align: center;\">sv. Gregora Ve\u013ek\u00e9ho, p\u00e1pe\u017ea a&nbsp;u\u010dite\u013ea Cirkvi<em><br \/>\nspomienka<\/em><\/p>\n<\/td>\n<td width=\"33%\"><em><u>17.15 Fatimsk\u00e1 sobota<\/u><\/em><\/p>\n<p><strong>18.00 Str\u00e1\u017eske<br \/>\n<\/strong>+ J\u00e1n a&nbsp;Helena Sabol<\/td>\n<td width=\"33%\"><strong>15.00 Krivo\u0161\u0165any<br \/>\n<\/strong>Sob\u00e1\u0161na sv. om\u0161a<\/td>\n<\/tr>\n<tr>\n<td width=\"28%\">\n<p style=\"text-align: center;\"><strong>Nede\u013ea \/04.09.\/<\/strong><\/p>\n<p style=\"text-align: center;\"><strong>23. nede\u013ea v&nbsp;obdob\u00ed cez rok<\/strong><\/p>\n<\/td>\n<td width=\"33%\"><strong>10.30 Str\u00e1\u017eske<br \/>\n<\/strong>ZBP pre rod. Sabado\u0161ov\u00fa<\/p>\n<p><strong>18.15 Str\u00e1\u017eske<br \/>\n<\/strong>Za veriacich farnosti<\/td>\n<td width=\"33%\"><strong>08.00 Krivo\u0161\u0165any<\/strong><\/p>\n<p><strong>09.15 Brekov<br \/>\n<\/strong>ZBP Bo\u017eena a&nbsp;Pavol Mydlo<\/p>\n<p><strong>09.15 Pust\u00e9 \u010cemern\u00e9 <\/strong><\/td>\n<\/tr>\n<\/tbody>\n<\/table>\n<ul>\n<li>V&nbsp;<strong>stredu<\/strong> po Sv. om\u0161i bude v&nbsp;Str\u00e1\u017eskom na <strong>fare \u201epresk\u00fa\u0161anie\u201c birmovancov<\/strong>, ktor\u00ed e\u0161te neboli a <strong style=\"font-size: revert; color: initial;\">v&nbsp;kostole<\/strong><span style=\"font-size: revert; color: initial;\"> bude z\u00e1rove\u0148 &nbsp;<\/span><strong style=\"font-size: revert; color: initial;\">stretnutie rodi\u010dov<\/strong><span style=\"font-size: revert; color: initial;\"> birmovancov bude v&nbsp;stredu po Sv. om\u0161i v&nbsp;kostole<\/span><\/li>\n<\/ul>\n<ul>\n<li>\u00daprimne \u010fakujeme za ka\u017ed\u00fa va\u0161u slu\u017ebu, modlitbu a obetu pre farnos\u0165 \u010di fili\u00e1lku v uplynulom t\u00fd\u017edni a prajeme po\u017eehnan\u00fa nede\u013eu i cel\u00fd t\u00fd\u017ede\u0148<\/li>\n<\/ul>\n<p>&nbsp;<\/p>\n","protected":false},"excerpt":{"rendered":"<p>Pondelok \/29.08.\/ Mu\u010den\u00edcka smr\u0165 sv. J\u00e1na Krstite\u013ea &nbsp;&nbsp;&nbsp; 07.00 Str\u00e1\u017eske + z&nbsp;rod. Pola\u010dikovej (po sv. om\u0161i mo\u017enos\u0165 sv. zmierenia) &nbsp; &nbsp; Utorok \/30.08.\/ f\u00e9ria 16.30\u201318.00 Str\u00e1\u017eske-sv.zmierenia 18.00 Str\u00e1\u017eske + M\u00e1ria a&nbsp;Mikul\u00e1\u0161 Va\u013eov\u00ed 16.30\u201318.00 Brekov-sv.zmierenia 18.00 Brekov + \u013dudmila Mugrauerov\u00e1 (1. v\u00fdro\u010die) Streda \/31.08.\/ f\u00e9ria 16.30\u201318.00 Str\u00e1\u017eske-sv.zmierenia 18.00 Str\u00e1\u017eske + Jolana \u0160vihurov\u00e1 16.30\u201318.00 Brekov-sv.zmierenia 18.00 Brekov [&hellip;]<\/p>\n","protected":false},"author":1,"featured_media":0,"comment_status":"closed","ping_status":"closed","sticky":false,"template":"","format":"standard","meta":{"ngg_post_thumbnail":0,"footnotes":""},"categories":[4],"tags":[],"class_list":["post-43313","post","type-post","status-publish","format-standard","hentry","category-farske-oznamy"],"views":1295,"_links":{"self":[{"href":"https:\/\/www.farnost-strazske.sk\/index.php?rest_route=\/wp\/v2\/posts\/43313","targetHints":{"allow":["GET"]}}],"collection":[{"href":"https:\/\/www.farnost-strazske.sk\/index.php?rest_route=\/wp\/v2\/posts"}],"about":[{"href":"https:\/\/www.farnost-strazske.sk\/index.php?rest_route=\/wp\/v2\/types\/post"}],"author":[{"embeddable":true,"href":"https:\/\/www.farnost-strazske.sk\/index.php?rest_route=\/wp\/v2\/users\/1"}],"replies":[{"embeddable":true,"href":"https:\/\/www.farnost-strazske.sk\/index.php?rest_route=%2Fwp%2Fv2%2Fcomments&post=43313"}],"version-history":[{"count":1,"href":"https:\/\/www.farnost-strazske.sk\/index.php?rest_route=\/wp\/v2\/posts\/43313\/revisions"}],"predecessor-version":[{"id":43314,"href":"https:\/\/www.farnost-strazske.sk\/index.php?rest_route=\/wp\/v2\/posts\/43313\/revisions\/43314"}],"wp:attachment":[{"href":"https:\/\/www.farnost-strazske.sk\/index.php?rest_route=%2Fwp%2Fv2%2Fmedia&parent=43313"}],"wp:term":[{"taxonomy":"category","embeddable":true,"href":"https:\/\/www.farnost-strazske.sk\/index.php?rest_route=%2Fwp%2Fv2%2Fcategories&post=43313"},{"taxonomy":"post_tag","embeddable":true,"href":"https:\/\/www.farnost-strazske.sk\/index.php?rest_route=%2Fwp%2Fv2%2Ftags&post=43313"}],"curies":[{"name":"wp","href":"https:\/\/api.w.org\/{rel}","templated":true}]}}