{"id":59314,"date":"2025-03-09T19:46:26","date_gmt":"2025-03-09T18:46:26","guid":{"rendered":"https:\/\/www.farnost-strazske.sk\/?p=59314"},"modified":"2025-03-09T19:46:27","modified_gmt":"2025-03-09T18:46:27","slug":"liturgicky-prehlad-a-oznamy-10-3-16-3-2025","status":"publish","type":"post","link":"https:\/\/www.farnost-strazske.sk\/?p=59314","title":{"rendered":"Liturgick\u00fd preh\u013ead a\u00a0oznamy 10.3. \u2013 16.3.2025"},"content":{"rendered":"<table width=\"97%\">\n<tbody>\n<tr>\n<td width=\"28%\">\n<p style=\"text-align: center;\"><strong>Pondelok \/10.03.\/<\/strong><\/p>\n<p style=\"text-align: center;\">sv. Franti\u0161ky R\u00edmskej, reho\u013e.<em><br \/>\nspomienka<\/em><\/p>\n<\/td>\n<td width=\"33%\"><em><u>Kr\u00ed\u017eov\u00e1 cesta \u2013 deti<\/u><\/em><\/p>\n<p><strong>18.00 Str\u00e1\u017eske \u2013 detsk\u00e1<br \/>\n<\/strong>+ Leonard, Peter, Anna Mitro<br \/>\n+ Marta Mattov\u00e1<\/td>\n<td width=\"33%\"><strong>17.00 Brekov &#8211; v\u00fdro\u010dn\u00e1<br \/>\n<\/strong>+ Tibor Demeter (1. v\u00fdr.)<\/td>\n<\/tr>\n<tr>\n<td width=\"28%\">\n<p style=\"text-align: center;\"><strong>Utorok \/11.03.\/<\/strong><\/p>\n<p style=\"text-align: center;\"><em>f\u00e9ria<\/em><\/p>\n<\/td>\n<td width=\"33%\"><strong>18.00 Str\u00e1\u017eske<br \/>\n<\/strong>ZBP Helena Miklo\u0161ov\u00e1 s rodinou &nbsp;<\/td>\n<td width=\"33%\"><em>&nbsp;&nbsp;&nbsp;&nbsp; <\/em><\/p>\n<p><strong>17.00 Pust\u00e9 \u010cemern\u00e9<\/strong><\/p>\n<p><strong>&nbsp;<\/strong><\/td>\n<\/tr>\n<tr>\n<td width=\"28%\">\n<p style=\"text-align: center;\"><strong>Streda \/12.03.\/<\/strong><\/p>\n<p style=\"text-align: center;\"><em>f\u00e9ria<\/em><\/p>\n<\/td>\n<td width=\"33%\"><strong>12.00 Str\u00e1\u017eske<br \/>\n<\/strong>+ Jozef Ki\u0161\u0161<\/td>\n<td width=\"33%\"><strong>17.00 Brekov \u2013 detsk\u00e1<br \/>\n<\/strong>+ ROD Bal\u00e1\u017eov\u00e1 a Besterciov\u00e1<\/td>\n<\/tr>\n<tr>\n<td width=\"28%\">\n<p style=\"text-align: center;\"><strong>\u0160tvrtok \/13.03.\/<\/strong><\/p>\n<p style=\"text-align: center;\"><em>f\u00e9ria<\/em><\/p>\n<\/td>\n<td width=\"33%\"><em><u>15.00 Str\u00e1\u017eske-ADOR\u00c1CIA<\/u><\/em><\/p>\n<p><strong>18.00 Str\u00e1\u017eske<br \/>\n<\/strong>+ ROD Mrvov\u00e1, Vasilov\u00e1, Re\u0161ovsk\u00e1, Jurekov\u00e1<\/p>\n<p><em><u>19.00 Str\u00e1\u017eske-Rozhovory o&nbsp;Bo\u017eom slove<\/u><\/em><\/td>\n<td width=\"33%\"><strong>17.00 Krivo\u0161\u0165any<\/strong><\/td>\n<\/tr>\n<tr>\n<td width=\"28%\">\n<p style=\"text-align: center;\"><strong>Piatok \/14.03.\/<\/strong><\/p>\n<p style=\"text-align: center;\"><em>f\u00e9ria<\/em><\/p>\n<\/td>\n<td width=\"33%\"><em><u>17.30 Kr\u00ed\u017e. cesta \u2013 d\u00f4chodcovia<\/u><\/em><\/p>\n<p><strong>18.00 Str\u00e1\u017eske \u2013 (ml\u00e1de\u017e + deti)<br \/>\n<\/strong>ZBP rod Gerbocovej<\/td>\n<td width=\"33%\"><em><u>16.30 Brekov-pobo\u017enos\u0165 kr\u00ed\u017eovej cesty<\/u><\/em><\/p>\n<p><strong>17.00 Brekov<br \/>\n<\/strong>+ Jozef a&nbsp;Jozef Ba\u010da<\/td>\n<\/tr>\n<tr>\n<td width=\"28%\">\n<p style=\"text-align: center;\"><strong>Sobota \/15.03.\/<\/strong><\/p>\n<p style=\"text-align: center;\"><em>f\u00e9ria<\/em><\/p>\n<\/td>\n<td width=\"33%\"><strong>18.00 Str\u00e1\u017eske<br \/>\n<\/strong>+ Anna Bil\u00e1 (z\u00e1du\u0161n\u00e1)<\/td>\n<td width=\"33%\"><strong>17.00 Brekov<br \/>\n<\/strong>+ ROD Nemcov\u00e1 a Hor\u0148\u00e1kov\u00e1<\/td>\n<\/tr>\n<tr>\n<td width=\"28%\">\n<p style=\"text-align: center;\"><strong>Nede\u013ea \/16.03.\/<\/strong><\/p>\n<p style=\"text-align: center;\"><strong>2. p\u00f4stna nede\u013ea<\/strong><\/p>\n<\/td>\n<td width=\"33%\"><strong>08.00 Krivo\u0161\u0165any<\/strong><\/p>\n<p><strong>10:30 Str\u00e1\u017eske<br \/>\n<\/strong>ZBP Slavom\u00edr Sabado\u0161 s&nbsp;rodinou<\/p>\n<p><em><u>14.30 Str\u00e1\u017eske &#8211; Kr\u00ed\u017eov\u00e1 cesta<\/u><\/em><\/p>\n<p><strong>18.15 Str\u00e1\u017eske<br \/>\n<\/strong>Za veriacich farnosti<\/td>\n<td width=\"33%\"><strong>09.15 Brekov<br \/>\n<\/strong>ZBP Anna s&nbsp;rodinou<\/p>\n<p><strong>09.15 Pust\u00e9 \u010cemern\u00e9<\/strong><\/p>\n<p><em><u>13.30 Brekov &#8211; Kr\u00ed\u017eov\u00e1 cesta<\/u><\/em><\/td>\n<\/tr>\n<\/tbody>\n<\/table>\n<p>&nbsp;<\/p>\n<ul>\n<li><strong>PBZ za Va\u0161e milodary pri dne\u0161nej zbierke na Charitu<\/strong><\/li>\n<li><strong>V&nbsp;nasleduj\u00facom t\u00fd\u017edni<\/strong> bud\u00fa tie\u017e prebieha\u0165 jarn\u00e9 k\u00e1ntrov\u00e9 dni v&nbsp;stredu, piatok a&nbsp;sobotu. Ich obsahom je: <strong>Pr\u00edprava na pok\u00e1nie i&nbsp;sviatos\u0165 zmierenia a&nbsp;\u010dinorod\u00e1 l\u00e1ska k&nbsp;bl\u00ed\u017enemu<\/strong><\/li>\n<li><strong>Mo\u017enos\u0165 z\u00edskania odpustkov:<\/strong> Za obvykl\u00fdch podmienok mo\u017eno z\u00edska\u0165 \u00fapln\u00e9 odpustky pri pobo\u017enosti kr\u00ed\u017eovej cesty pred riadne ustanoven\u00fdmi zastaveniami. Treba sa pohybova\u0165 od jedn\u00e9ho zastavenia k&nbsp;druh\u00e9mu. Ak je pobo\u017enos\u0165 verejn\u00e1, posta\u010d\u00ed, ak sa pohybuje ten, kto ju vedie. Chor\u00ed tie ist\u00e9 odpustky z\u00edskaj\u00fa n\u00e1bo\u017en\u00fdm \u010d\u00edtan\u00edm a&nbsp;rozj\u00edman\u00edm o&nbsp;Je\u017ei\u0161ovom umu\u010den\u00ed a&nbsp;z\u00e1rove\u0148 modlitbou: <strong>\u201eDobr\u00fd a&nbsp;prel\u00e1skav\u00fd Je\u017ei\u0161u.\u201c<\/strong><\/li>\n<li><strong>Nezabudnite <\/strong><strong>\ud83d\ude0a<\/strong><strong>, \u017ee v&nbsp;p\u00f4stnom obdob\u00ed je kostol otvoren\u00fd pre osobn\u00fa modlitbu u\u017e o&nbsp;6.30<\/strong><\/li>\n<li><strong>\u010eakujeme za Va\u0161e modlitby , obety aj ka\u017ed\u00fa pomoc pre spolo\u010denstvo v&nbsp;uplynulom t\u00fd\u017edni<\/strong><\/li>\n<\/ul>\n<p><strong>&nbsp;<\/strong><\/p>\n<hr>\n<p style=\"text-align: center;\"><strong><u>LITURGICK\u00c9 \u010c\u00cdTANIA NA 2. POSTNU NEDE\u013dU<\/u><\/strong><\/p>\n<p><strong>\u010c\u00edtanie z&nbsp;Knihy Genezis <\/strong><strong><a href=\"http:\/\/dkc.kbs.sk\/?in=Gn15,5\">Gn 15, 5<\/a>-12. 17-18<\/strong><\/p>\n<p>Boh vyviedol Abrama von a&nbsp;povedal mu: \u201ePozri na nebo a&nbsp;spo\u010d\u00edtaj hviezdy, ak m\u00f4\u017ee\u0161.\u201c A&nbsp;uistil ho: \u201eTak\u00e9 bude tvoje potomstvo.\u201c On uveril P\u00e1novi a&nbsp;to sa mu po\u010d\u00edtalo za spravodlivos\u0165.<\/p>\n<p>Potom mu povedal: \u201eJa som P\u00e1n, ja som \u0165a vyviedol z&nbsp;Uru Chaldejcov, aby som ti dal do vlastn\u00edctva t\u00fato krajinu.\u201c<\/p>\n<p>On sa op\u00fdtal: \u201ePane, Bo\u017ee, pod\u013ea \u010doho spozn\u00e1m, \u017ee ju budem vlastni\u0165?\u201c<\/p>\n<p>P\u00e1n odpovedal: \u201ePrines mi trojro\u010dn\u00fa jalovicu, trojro\u010dn\u00fa kozu a&nbsp;trojro\u010dn\u00e9ho barana, hrdli\u010dku a&nbsp;holubicu.\u201c<\/p>\n<p>On vzal v\u0161etky tieto zvierat\u00e1, rozpolil ich a&nbsp;obe polovice polo\u017eil vz\u00e1jomne oproti sebe; vt\u00e1ky v\u0161ak nerozpolil. Na m\u0155tve tel\u00e1 zlietali drav\u00e9 vt\u00e1ky a&nbsp;Abram ich odh\u00e1\u0148al.<\/p>\n<p>Ke\u010f zapadlo slnko, na Abrama do\u013eahol tvrd\u00fd sp\u00e1nok a&nbsp;prenikla ho ve\u013ek\u00e1, pr\u00ed\u0161ern\u00e1 hr\u00f4za.<\/p>\n<p>Ke\u010f u\u017e slnko zapadlo a&nbsp;nastala hust\u00e1 tma, zjavila sa dymiaca pec a&nbsp;ohniv\u00e1 pochode\u0148, ktor\u00e1 prech\u00e1dzala pomedzi rozpolen\u00e9 zvierat\u00e1.<\/p>\n<p>V&nbsp;ten de\u0148 P\u00e1n uzavrel s&nbsp;Abramom zmluvu slovami: \u201eTvojmu potomstvu d\u00e1m t\u00fato krajinu od Egyptskej rieky a\u017e po ve\u013ek\u00fa rieku, Eufrat.\u201c<\/p>\n<p><em>Po\u010duli sme Bo\u017eie slovo.<\/em><\/p>\n<p><em>R.:<\/em>&nbsp;P\u00e1n je moje svetlo a&nbsp;moja sp\u00e1sa.&nbsp;&nbsp; <strong>Responz\u00f3riov\u00fd \u017ealm&nbsp;&nbsp; <\/strong><strong><a href=\"http:\/\/dkc.kbs.sk\/?in=%C5%BD27,1\">\u017d 27, 1<\/a>. 7-8. 9a-c. 13-14<\/strong><\/p>\n<p>P\u00e1n je moje svetlo a&nbsp;moja sp\u00e1sa,*&nbsp; koho sa m\u00e1m b\u00e1\u0165?<br \/>\nP\u00e1n je ochranca m\u00f4jho \u017eivota, *&nbsp; pred k\u00fdm sa m\u00e1m strachova\u0165?&nbsp;<strong><em>R.<\/em><\/strong><br \/>\n\u010cuj, Pane, hlas m\u00f4jho volania, *z\u013eutuj sa nado mnou a&nbsp;vysly\u0161 ma.<br \/>\nV&nbsp;srdci mi znej\u00fa tvoje slov\u00e1: \u2020&nbsp; \u201eH\u013eadajte moju tv\u00e1r!\u201c *&nbsp; Pane, ja h\u013ead\u00e1m tvoju tv\u00e1r.&nbsp;<strong><em>R.<\/em><\/strong><br \/>\nNeodvracaj svoju tv\u00e1r odo m\u0148a, \u2020&nbsp; neodkl\u00e1\u0148aj sa v&nbsp;hneve od svojho slu\u017eobn\u00edka.<\/p>\n<p>&nbsp;*Ty si moja pomoc, neodvrhuj ma.&nbsp;<strong><em>R.<\/em><\/strong><br \/>\nVer\u00edm, \u017ee uvid\u00edm dobrodenia P\u00e1nove * v&nbsp;krajine \u017eij\u00facich.<br \/>\nO\u010dak\u00e1vaj P\u00e1na a&nbsp;bu\u010f stato\u010dn\u00fd; *&nbsp; srdce maj siln\u00e9 a&nbsp;dr\u017e sa P\u00e1na.&nbsp;<strong><em>R.<\/em><\/strong><\/p>\n<p>&nbsp;<\/p>\n<p><strong>\u010c\u00edtanie z&nbsp;Listu sv\u00e4t\u00e9ho apo\u0161tola Pavla Filipanom&nbsp;&nbsp; <\/strong><strong><a href=\"http:\/\/dkc.kbs.sk\/?in=Flp3,17\">Flp 3, 17<\/a>&nbsp;\u2013 4, 1<\/strong><\/p>\n<p>Bratia, spolo\u010dne ma napodob\u0148ujte a&nbsp;v\u0161\u00edmajte si t\u00fdch, \u010do \u017eij\u00fa pod\u013ea vzoru, ak\u00fd m\u00e1te v&nbsp;n\u00e1s! Lebo mnoh\u00ed, o&nbsp;ktor\u00fdch som v\u00e1m \u010dasto hovoril a&nbsp;teraz aj s&nbsp;pla\u010dom hovor\u00edm, \u017eij\u00fa ako nepriatelia Kristovho kr\u00ed\u017ea. Ich koniec je z\u00e1huba, ich bohom je brucho a&nbsp;hanba je sl\u00e1vou t\u00fdch, \u010do zm\u00fd\u0161\u013eaj\u00fa pozemsky.<\/p>\n<p>Ve\u010f na\u0161a vlas\u0165 je v&nbsp;nebi. Odtia\u013e o\u010dak\u00e1vame aj Spasite\u013ea P\u00e1na Je\u017ei\u0161a Krista. On mocou, ktorou si m\u00f4\u017ee podmani\u0165 v\u0161etko, pretvor\u00ed na\u0161e \u00faboh\u00e9 telo, aby sa stalo podobn\u00fdm jeho osl\u00e1ven\u00e9mu telu.<\/p>\n<p>A&nbsp;preto, bratia moji milovan\u00ed a&nbsp;vyt\u00fa\u017een\u00ed, moja rados\u0165 a&nbsp;moja koruna, takto pevne stojte v&nbsp;P\u00e1novi, milovan\u00ed!<\/p>\n<p><em>Po\u010duli sme Bo\u017eie slovo.<\/em><\/p>\n<p><em>&nbsp;<\/em><\/p>\n<p><em>&nbsp;<\/em><\/p>\n<p><strong>\u010c\u00edtanie zo&nbsp;sv\u00e4t\u00e9ho Evanjelia pod\u013ea Luk\u00e1\u0161a&nbsp; <\/strong><strong><a href=\"http:\/\/dkc.kbs.sk\/?in=Lk9,28\">Lk 9, 28<\/a>b-36<\/strong><\/p>\n<p>Je\u017ei\u0161 vzal so sebou Petra, J\u00e1na a&nbsp;Jakuba a&nbsp;vyst\u00fapil na vrch modli\u0165 sa. Ako sa modlil, zmenil sa vzh\u013ead jeho tv\u00e1re a&nbsp;jeho odev za\u017eiaril belobou. A&nbsp;h\u013ea, rozpr\u00e1vali sa s&nbsp;n\u00edm dvaja mu\u017eovia \u2013 boli to Moj\u017ei\u0161 a&nbsp;Eli\u00e1\u0161. Zjavili sa v&nbsp;sl\u00e1ve a&nbsp;hovorili o&nbsp;jeho odchode, ktor\u00fd sa mal uskuto\u010dni\u0165 v&nbsp;Jeruzaleme. Petra a&nbsp;t\u00fdch, \u010do boli s&nbsp;n\u00edm, premohol sp\u00e1nok. A&nbsp;ke\u010f sa prebudili, videli jeho sl\u00e1vu a&nbsp;t\u00fdch dvoch mu\u017eov, \u010do s&nbsp;n\u00edm st\u00e1li.<\/p>\n<p>Ke\u010f od neho odch\u00e1dzali, povedal Peter Je\u017ei\u0161ovi: \u201eU\u010dite\u013e, dobre je n\u00e1m tu. Urobme tri st\u00e1nky: jeden tebe, jeden Moj\u017ei\u0161ovi a&nbsp;jeden Eli\u00e1\u0161ovi.\u201c Nevedel, \u010do hovor\u00ed. K\u00fdm toto hovoril, utvoril sa oblak a&nbsp;zahalil ich. Ke\u010f vst\u00fapili do oblaku, zmocnil sa ich strach.<\/p>\n<p>A&nbsp;z&nbsp;oblaku zaznel hlas: \u201eToto je m\u00f4j vyvolen\u00fd Syn, po\u010d\u00favajte ho!\u201c A&nbsp;k\u00fdm hlas doznel, ostal Je\u017ei\u0161 s\u00e1m.<\/p>\n<p>Oni zm\u013akli a&nbsp;v&nbsp;t\u00fdch d\u0148och nehovorili nikomu o&nbsp;tom, \u010do videli.<\/p>\n<p><em>Po\u010duli sme slovo P\u00e1novo.<\/em><\/p>\n","protected":false},"excerpt":{"rendered":"<p>Pondelok \/10.03.\/ sv. Franti\u0161ky R\u00edmskej, reho\u013e. spomienka Kr\u00ed\u017eov\u00e1 cesta \u2013 deti 18.00 Str\u00e1\u017eske \u2013 detsk\u00e1 + Leonard, Peter, Anna Mitro + Marta Mattov\u00e1 17.00 Brekov &#8211; v\u00fdro\u010dn\u00e1 + Tibor Demeter (1. v\u00fdr.) Utorok \/11.03.\/ f\u00e9ria 18.00 Str\u00e1\u017eske ZBP Helena Miklo\u0161ov\u00e1 s rodinou &nbsp; &nbsp;&nbsp;&nbsp;&nbsp; 17.00 Pust\u00e9 \u010cemern\u00e9 &nbsp; Streda \/12.03.\/ f\u00e9ria 12.00 Str\u00e1\u017eske + Jozef [&hellip;]<\/p>\n","protected":false},"author":1,"featured_media":0,"comment_status":"closed","ping_status":"closed","sticky":false,"template":"","format":"standard","meta":{"ngg_post_thumbnail":0,"footnotes":""},"categories":[4],"tags":[],"class_list":["post-59314","post","type-post","status-publish","format-standard","hentry","category-farske-oznamy"],"views":621,"_links":{"self":[{"href":"https:\/\/www.farnost-strazske.sk\/index.php?rest_route=\/wp\/v2\/posts\/59314","targetHints":{"allow":["GET"]}}],"collection":[{"href":"https:\/\/www.farnost-strazske.sk\/index.php?rest_route=\/wp\/v2\/posts"}],"about":[{"href":"https:\/\/www.farnost-strazske.sk\/index.php?rest_route=\/wp\/v2\/types\/post"}],"author":[{"embeddable":true,"href":"https:\/\/www.farnost-strazske.sk\/index.php?rest_route=\/wp\/v2\/users\/1"}],"replies":[{"embeddable":true,"href":"https:\/\/www.farnost-strazske.sk\/index.php?rest_route=%2Fwp%2Fv2%2Fcomments&post=59314"}],"version-history":[{"count":2,"href":"https:\/\/www.farnost-strazske.sk\/index.php?rest_route=\/wp\/v2\/posts\/59314\/revisions"}],"predecessor-version":[{"id":59316,"href":"https:\/\/www.farnost-strazske.sk\/index.php?rest_route=\/wp\/v2\/posts\/59314\/revisions\/59316"}],"wp:attachment":[{"href":"https:\/\/www.farnost-strazske.sk\/index.php?rest_route=%2Fwp%2Fv2%2Fmedia&parent=59314"}],"wp:term":[{"taxonomy":"category","embeddable":true,"href":"https:\/\/www.farnost-strazske.sk\/index.php?rest_route=%2Fwp%2Fv2%2Fcategories&post=59314"},{"taxonomy":"post_tag","embeddable":true,"href":"https:\/\/www.farnost-strazske.sk\/index.php?rest_route=%2Fwp%2Fv2%2Ftags&post=59314"}],"curies":[{"name":"wp","href":"https:\/\/api.w.org\/{rel}","templated":true}]}}