{"id":62254,"date":"2025-09-14T18:38:00","date_gmt":"2025-09-14T18:38:00","guid":{"rendered":"https:\/\/www.farnost-strazske.sk\/?p=62254"},"modified":"2025-09-14T20:41:10","modified_gmt":"2025-09-14T20:41:10","slug":"liturgicky-prehlad-a-oznamy-15-9-21-9-2025","status":"publish","type":"post","link":"https:\/\/www.farnost-strazske.sk\/?p=62254","title":{"rendered":"Liturgick\u00fd preh\u013ead a\u00a0oznamy 15.9. \u2013 21.9. 2025"},"content":{"rendered":"<table width=\"97%\">\n<tbody>\n<tr>\n<td width=\"28%\">\n<p style=\"text-align: center;\"><strong>Pondelok \/15.09.\/<\/strong><\/p>\n<p style=\"text-align: center;\">Sl\u00e1vnos\u0165 Sedembolestnej Panny M\u00e1rie, patr\u00f3nky Slovenska<\/p>\n<\/td>\n<td width=\"33%\"><strong>08.00 Krivo\u0161\u0165any<\/strong><\/p>\n<p><strong>10.30 Str\u00e1\u017eske<br \/>\n<\/strong>+ ROD Kozarov\u00e1 a&nbsp;Ban\u00edkov\u00e1<\/p>\n<p><strong>&nbsp;<\/strong><\/p>\n<p><em><u>Ve\u010dern\u00e1 &nbsp;sv. om\u0161a nebude<\/u><\/em><\/td>\n<td width=\"33%\"><strong>09.15 &nbsp;Brekov<br \/>\n<\/strong>ZBP Milan Gera<\/p>\n<p><strong>09.15 Pust\u00e9 \u010cemern\u00e9<\/strong><\/td>\n<\/tr>\n<tr>\n<td width=\"28%\">\n<p style=\"text-align: center;\"><strong>Utorok \/16.09.\/<\/strong><\/p>\n<p style=\"text-align: center;\">sv. Korn\u00e9lia, p\u00e1pe\u017ea a&nbsp;Cypri\u00e1na, biskupa, mu\u010den\u00edkov<em><br \/>\nspomienka<\/em><\/p>\n<\/td>\n<td width=\"33%\"><strong>18.00 Str\u00e1\u017eske<br \/>\n<\/strong>+ J\u00e1n Majer\u010d\u00e1k &nbsp;SJ (k\u0148az)<\/td>\n<td width=\"33%\">&nbsp;<\/td>\n<\/tr>\n<tr>\n<td width=\"28%\">\n<p style=\"text-align: center;\"><strong>Streda \/17.09.\/<\/strong><\/p>\n<p style=\"text-align: center;\"><em>f\u00e9ria<\/em><\/p>\n<\/td>\n<td width=\"33%\"><strong>12.00 Str\u00e1\u017eske<br \/>\n<\/strong>+ Jozef Me\u0148ov\u010d\u00edk<br \/>\n+ Helena<\/td>\n<td width=\"33%\"><strong>18.00 Brekov<br \/>\n<\/strong>+ Michal, Anna, Andrej a&nbsp;M\u00e1ria Porva\u017en\u00edk<\/td>\n<\/tr>\n<tr>\n<td width=\"28%\">\n<p style=\"text-align: center;\"><strong>\u0160tvrtok \/18.09.\/<\/strong><\/p>\n<p style=\"text-align: center;\"><em>f\u00e9ria<\/em><\/p>\n<\/td>\n<td width=\"33%\"><em><u>15.00 Eucharistick\u00e1 ador\u00e1cia<\/u><\/em><\/p>\n<p><span style=\"text-decoration: underline;\"><em>17.00 Str\u00e1\u017eske-sv.zmierenia<\/em><\/span><\/p>\n<p><strong>18.00 Str\u00e1\u017eske<br \/>\n<\/strong>+ Mat\u00fa\u0161 Ivan\u010d\u00edk (1. v\u00fdr.)<\/td>\n<td width=\"33%\"><strong>&nbsp;<\/strong><\/p>\n<p>&nbsp;<\/td>\n<\/tr>\n<tr>\n<td width=\"28%\">\n<p style=\"text-align: center;\"><strong>Piatok \/19.09.\/<\/strong><\/p>\n<p style=\"text-align: center;\"><em>f\u00e9ria&nbsp; &nbsp; &nbsp; &nbsp;&nbsp;<\/em><\/p>\n<\/td>\n<td width=\"33%\"><strong>18.00 Str\u00e1\u017eske (ml\u00e1de\u017e + deti)<br \/>\n<\/strong>ZBP&nbsp; Anna Skoupilov\u00e1<\/td>\n<td width=\"33%\"><strong>18.00 Brekov<br \/>\n<\/strong>+ V\u00e1clav a&nbsp;Kamila Bardy<\/td>\n<\/tr>\n<tr>\n<td width=\"28%\">\n<p style=\"text-align: center;\"><strong>Sobota \/20.09.\/<\/strong><\/p>\n<p style=\"text-align: center;\"><em>f\u00e9ria<\/em><\/p>\n<\/td>\n<td width=\"33%\"><strong>17.00 Krivo\u0161\u0165any <\/strong><\/p>\n<p><strong>18.00 Str\u00e1\u017eske<br \/>\n<\/strong>ZBP J\u00e1n Pli\u0161ka s&nbsp;rod.<\/td>\n<td width=\"33%\"><strong>17.00 Pust\u00e9 \u010cemern\u00e9<\/strong><\/td>\n<\/tr>\n<tr>\n<td width=\"28%\">\n<p style=\"text-align: center;\"><strong>Nede\u013ea \/21.09.\/ <\/strong><\/p>\n<p style=\"text-align: center;\"><strong>25. nede\u013ea v&nbsp;obdob\u00ed cez rok<\/strong><\/p>\n<\/td>\n<td width=\"33%\"><strong>10.30 Str\u00e1\u017eske<br \/>\n<\/strong>ZBP&nbsp; \u0160tefan Holej<\/p>\n<p><strong>18.15 Str\u00e1\u017eske<br \/>\n<\/strong>ZBP Ladislav Dolhomut&nbsp;<\/td>\n<td width=\"33%\"><strong>09.15 Brekov<br \/>\n<\/strong>Za veriacich farnosti<\/td>\n<\/tr>\n<\/tbody>\n<\/table>\n<ul>\n<li><strong>V&nbsp;pondelok 15.09.2020 na sl\u00e1vnos\u0165 Sedembolestnej Panny M\u00e1rie<\/strong> bude sl\u00e1vi\u0165 sv. om\u0161u v Str\u00e1\u017eskom Vdp. Maro\u0161 Kuffa; po Sv. om\u0161i bude mo\u017en\u00e9 aj stretnutie s n\u00edm na farskom dvore pri spolo\u010dnom ob\u010derstven\u00ed; Vzadu bud\u00fa k dispoz\u00edcii aj 2 pokladni\u010dky s mo\u017enos\u0165ou prispie\u0165 na dobro\u010dinn\u00e9 dielo v \u017dakovciach<\/li>\n<li><strong>&nbsp;<u>V&nbsp;pondelok, (ke\u010f\u017ee nie je prik\u00e1zan\u00fd sviatok) , ve\u010der Sv. om\u0161a v&nbsp;Str\u00e1\u017eskom nebude<\/u><\/strong><\/li>\n<li><strong>Odchod autobusu na farsk\u00fd duchovno \u2013 oddychov\u00fd z\u00e1jazd \u2013 Str\u00e1\u017eske \u2013 05.30 pred farou; Pust\u00e9 \u010cemern\u00e9 05.30 pred Oc\u00da; Brekov popros\u00edme pr\u00eds\u0165 do Str\u00e1\u017eskeho \u2013 aut\u00e1 spokojne m\u00f4\u017eete da\u0165 na farsk\u00fa z\u00e1hradu.<\/strong><\/li>\n<li><strong>\u010eakujeme za ak\u00fako\u013evek slu\u017ebu, obetu, modlitbu a&nbsp;pomoc pre farsk\u00e9 spolo\u010denstvo v&nbsp;uplynulom t\u00fd\u017edni<\/strong><\/li>\n<\/ul>\n","protected":false},"excerpt":{"rendered":"<p>Pondelok \/15.09.\/ Sl\u00e1vnos\u0165 Sedembolestnej Panny M\u00e1rie, patr\u00f3nky Slovenska 08.00 Krivo\u0161\u0165any 10.30 Str\u00e1\u017eske + ROD Kozarov\u00e1 a&nbsp;Ban\u00edkov\u00e1 &nbsp; Ve\u010dern\u00e1 &nbsp;sv. om\u0161a nebude 09.15 &nbsp;Brekov ZBP Milan Gera 09.15 Pust\u00e9 \u010cemern\u00e9 Utorok \/16.09.\/ sv. Korn\u00e9lia, p\u00e1pe\u017ea a&nbsp;Cypri\u00e1na, biskupa, mu\u010den\u00edkov spomienka 18.00 Str\u00e1\u017eske + J\u00e1n Majer\u010d\u00e1k &nbsp;SJ (k\u0148az) &nbsp; Streda \/17.09.\/ f\u00e9ria 12.00 Str\u00e1\u017eske + Jozef Me\u0148ov\u010d\u00edk + [&hellip;]<\/p>\n","protected":false},"author":1,"featured_media":0,"comment_status":"closed","ping_status":"closed","sticky":false,"template":"","format":"standard","meta":{"ngg_post_thumbnail":0,"footnotes":""},"categories":[4],"tags":[],"class_list":["post-62254","post","type-post","status-publish","format-standard","hentry","category-farske-oznamy"],"views":987,"_links":{"self":[{"href":"https:\/\/www.farnost-strazske.sk\/index.php?rest_route=\/wp\/v2\/posts\/62254","targetHints":{"allow":["GET"]}}],"collection":[{"href":"https:\/\/www.farnost-strazske.sk\/index.php?rest_route=\/wp\/v2\/posts"}],"about":[{"href":"https:\/\/www.farnost-strazske.sk\/index.php?rest_route=\/wp\/v2\/types\/post"}],"author":[{"embeddable":true,"href":"https:\/\/www.farnost-strazske.sk\/index.php?rest_route=\/wp\/v2\/users\/1"}],"replies":[{"embeddable":true,"href":"https:\/\/www.farnost-strazske.sk\/index.php?rest_route=%2Fwp%2Fv2%2Fcomments&post=62254"}],"version-history":[{"count":2,"href":"https:\/\/www.farnost-strazske.sk\/index.php?rest_route=\/wp\/v2\/posts\/62254\/revisions"}],"predecessor-version":[{"id":62256,"href":"https:\/\/www.farnost-strazske.sk\/index.php?rest_route=\/wp\/v2\/posts\/62254\/revisions\/62256"}],"wp:attachment":[{"href":"https:\/\/www.farnost-strazske.sk\/index.php?rest_route=%2Fwp%2Fv2%2Fmedia&parent=62254"}],"wp:term":[{"taxonomy":"category","embeddable":true,"href":"https:\/\/www.farnost-strazske.sk\/index.php?rest_route=%2Fwp%2Fv2%2Fcategories&post=62254"},{"taxonomy":"post_tag","embeddable":true,"href":"https:\/\/www.farnost-strazske.sk\/index.php?rest_route=%2Fwp%2Fv2%2Ftags&post=62254"}],"curies":[{"name":"wp","href":"https:\/\/api.w.org\/{rel}","templated":true}]}}