{"id":62257,"date":"2025-09-14T14:30:00","date_gmt":"2025-09-14T14:30:00","guid":{"rendered":"https:\/\/www.farnost-strazske.sk\/?p=62257"},"modified":"2025-09-14T14:30:00","modified_gmt":"2025-09-14T14:30:00","slug":"papez-prekonajme-nenavist-a-nasilie-mam-velku-doveru-v-ludsku-prirodzenost","status":"publish","type":"post","link":"https:\/\/www.farnost-strazske.sk\/?p=62257","title":{"rendered":"P\u00e1pe\u017e: Prekonajme nen\u00e1vis\u0165 a n\u00e1silie, m\u00e1m ve\u013ek\u00fa d\u00f4veru v \u013eudsk\u00fa prirodzenos\u0165"},"content":{"rendered":"<p>Port\u00e1ly Crux a El Comercio zverejnili niektor\u00e9 \u00faryvky z rozhovoru Leva XIV. s novin\u00e1rkou Elise Ann Allenovou pre knihu \u201eLev XIV.: ob\u010dan sveta, mision\u00e1r 21. storo\u010dia\u201c, ktor\u00e1 vyjde 18. septembra. P\u00e1pe\u017e v \u0148om hovor\u00ed o svojej \u00falohe a o \u00fasiliach Sv\u00e4tej stolice pre mier, znovu apeluje na dial\u00f3g, upozor\u0148uje na \u00fastup multilater\u00e1lnosti a rast\u00facu priepas\u0165 medzi bohat\u00fdmi a robotn\u00edckou triedou. O synodalite hovor\u00ed, \u017ee je sp\u00f4sobom, ako \u017ei\u0165 Cirkev spolo\u010dne, a liekom proti polariz\u00e1ci\u00e1m.<\/p>\n<p><a href=\"https:\/\/www.vaticannews.va\/sk\/papez\/news\/2025-09\/papez-prekonajme-nenavist-a-nasilie-mam-velku-doveru-v-ludsku.html\">\u010c\u00edtaj cel\u00e9<\/a><\/p>\n<p>\u00a0<\/p>","protected":false},"excerpt":{"rendered":"<p>Port\u00e1ly Crux a El Comercio zverejnili niektor\u00e9 \u00faryvky z rozhovoru Leva XIV. s novin\u00e1rkou Elise Ann Allenovou pre knihu \u201eLev XIV.: ob\u010dan sveta, mision\u00e1r 21. storo\u010dia\u201c, ktor\u00e1 vyjde 18. septembra. P\u00e1pe\u017e v \u0148om hovor\u00ed o svojej \u00falohe a o \u00fasiliach Sv\u00e4tej stolice pre mier, znovu apeluje na dial\u00f3g, upozor\u0148uje na \u00fastup multilater\u00e1lnosti a rast\u00facu priepas\u0165 [&hellip;]<\/p>\n","protected":false},"author":1,"featured_media":0,"comment_status":"closed","ping_status":"closed","sticky":false,"template":"","format":"standard","meta":{"ngg_post_thumbnail":0,"footnotes":""},"categories":[31],"tags":[],"class_list":["post-62257","post","type-post","status-publish","format-standard","hentry","category-spravy-z-vatikanu"],"views":62,"_links":{"self":[{"href":"https:\/\/www.farnost-strazske.sk\/index.php?rest_route=\/wp\/v2\/posts\/62257","targetHints":{"allow":["GET"]}}],"collection":[{"href":"https:\/\/www.farnost-strazske.sk\/index.php?rest_route=\/wp\/v2\/posts"}],"about":[{"href":"https:\/\/www.farnost-strazske.sk\/index.php?rest_route=\/wp\/v2\/types\/post"}],"author":[{"embeddable":true,"href":"https:\/\/www.farnost-strazske.sk\/index.php?rest_route=\/wp\/v2\/users\/1"}],"replies":[{"embeddable":true,"href":"https:\/\/www.farnost-strazske.sk\/index.php?rest_route=%2Fwp%2Fv2%2Fcomments&post=62257"}],"version-history":[{"count":0,"href":"https:\/\/www.farnost-strazske.sk\/index.php?rest_route=\/wp\/v2\/posts\/62257\/revisions"}],"wp:attachment":[{"href":"https:\/\/www.farnost-strazske.sk\/index.php?rest_route=%2Fwp%2Fv2%2Fmedia&parent=62257"}],"wp:term":[{"taxonomy":"category","embeddable":true,"href":"https:\/\/www.farnost-strazske.sk\/index.php?rest_route=%2Fwp%2Fv2%2Fcategories&post=62257"},{"taxonomy":"post_tag","embeddable":true,"href":"https:\/\/www.farnost-strazske.sk\/index.php?rest_route=%2Fwp%2Fv2%2Ftags&post=62257"}],"curies":[{"name":"wp","href":"https:\/\/api.w.org\/{rel}","templated":true}]}}