{"id":62260,"date":"2025-09-13T15:45:00","date_gmt":"2025-09-13T15:45:00","guid":{"rendered":"https:\/\/www.farnost-strazske.sk\/?p=62260"},"modified":"2025-09-13T15:45:00","modified_gmt":"2025-09-13T15:45:00","slug":"nase-puto-s-prirodou-septembrovy-umysel-papeza","status":"publish","type":"post","link":"https:\/\/www.farnost-strazske.sk\/?p=62260","title":{"rendered":"Na\u0161e puto s pr\u00edrodou \u2013 septembrov\u00fd \u00famysel p\u00e1pe\u017ea"},"content":{"rendered":"<p>\u201eModlime sa, aby sme pod\u013ea pr\u00edkladu sv\u00e4t\u00e9ho Franti\u0161ka c\u00edtili vz\u00e1jomn\u00e9 puto so v\u0161etk\u00fdmi stvoreniami, milovan\u00fdmi Bohom a hodn\u00fdmi l\u00e1sky a \u00facty.\u201c  Takto n\u00e1s v septembri poz\u00fdva k modlitbe p\u00e1pe\u017e Lev XIV. Tento \u00famysel Apo\u0161tol\u00e1tu modlitby sp\u00e1ja Sv\u00e4t\u00e9ho Otca Leva s jeho predchodcom, p\u00e1pe\u017eom Franti\u0161kom, ktor\u00fd zaviedol trad\u00edciu, aby sa v septembri Cirkev osobitne zamerala na \u00factu k Bo\u017eiemu daru pr\u00edrody.\n<\/p>\n<p><a href=\"https:\/\/www.vaticannews.va\/sk\/cirkev\/news\/2025-09\/nase-puto-s-prirodou-septembrovy-umysel-papeza.html\">\u010c\u00edtaj cel\u00e9<\/a><\/p>\n<p>\u00a0<\/p>","protected":false},"excerpt":{"rendered":"<p>\u201eModlime sa, aby sme pod\u013ea pr\u00edkladu sv\u00e4t\u00e9ho Franti\u0161ka c\u00edtili vz\u00e1jomn\u00e9 puto so v\u0161etk\u00fdmi stvoreniami, milovan\u00fdmi Bohom a hodn\u00fdmi l\u00e1sky a \u00facty.\u201c Takto n\u00e1s v septembri poz\u00fdva k modlitbe p\u00e1pe\u017e Lev XIV. Tento \u00famysel Apo\u0161tol\u00e1tu modlitby sp\u00e1ja Sv\u00e4t\u00e9ho Otca Leva s jeho predchodcom, p\u00e1pe\u017eom Franti\u0161kom, ktor\u00fd zaviedol trad\u00edciu, aby sa v septembri Cirkev osobitne zamerala na [&hellip;]<\/p>\n","protected":false},"author":1,"featured_media":0,"comment_status":"closed","ping_status":"closed","sticky":false,"template":"","format":"standard","meta":{"ngg_post_thumbnail":0,"footnotes":""},"categories":[31],"tags":[],"class_list":["post-62260","post","type-post","status-publish","format-standard","hentry","category-spravy-z-vatikanu"],"views":49,"_links":{"self":[{"href":"https:\/\/www.farnost-strazske.sk\/index.php?rest_route=\/wp\/v2\/posts\/62260","targetHints":{"allow":["GET"]}}],"collection":[{"href":"https:\/\/www.farnost-strazske.sk\/index.php?rest_route=\/wp\/v2\/posts"}],"about":[{"href":"https:\/\/www.farnost-strazske.sk\/index.php?rest_route=\/wp\/v2\/types\/post"}],"author":[{"embeddable":true,"href":"https:\/\/www.farnost-strazske.sk\/index.php?rest_route=\/wp\/v2\/users\/1"}],"replies":[{"embeddable":true,"href":"https:\/\/www.farnost-strazske.sk\/index.php?rest_route=%2Fwp%2Fv2%2Fcomments&post=62260"}],"version-history":[{"count":0,"href":"https:\/\/www.farnost-strazske.sk\/index.php?rest_route=\/wp\/v2\/posts\/62260\/revisions"}],"wp:attachment":[{"href":"https:\/\/www.farnost-strazske.sk\/index.php?rest_route=%2Fwp%2Fv2%2Fmedia&parent=62260"}],"wp:term":[{"taxonomy":"category","embeddable":true,"href":"https:\/\/www.farnost-strazske.sk\/index.php?rest_route=%2Fwp%2Fv2%2Fcategories&post=62260"},{"taxonomy":"post_tag","embeddable":true,"href":"https:\/\/www.farnost-strazske.sk\/index.php?rest_route=%2Fwp%2Fv2%2Ftags&post=62260"}],"curies":[{"name":"wp","href":"https:\/\/api.w.org\/{rel}","templated":true}]}}