{"id":62261,"date":"2025-09-15T16:02:00","date_gmt":"2025-09-15T16:02:00","guid":{"rendered":"https:\/\/www.farnost-strazske.sk\/?p=62261"},"modified":"2025-09-15T16:02:00","modified_gmt":"2025-09-15T16:02:00","slug":"papez-lev-xiv-augustinianom-vratte-sa-do-seba-aby-ste-s-nadsenim-vysli-na-misie","status":"publish","type":"post","link":"https:\/\/www.farnost-strazske.sk\/?p=62261","title":{"rendered":"P\u00e1pe\u017e Lev XIV. augustini\u00e1nom: Vr\u00e1\u0165te sa do seba, aby ste s nad\u0161en\u00edm vy\u0161li na misie"},"content":{"rendered":"<p>Sv\u00e4t\u00fd Otec sa v pondelok 15. septembra prihovoril \u010dlenom R\u00e1du sv\u00e4t\u00e9ho August\u00edna pri pr\u00edle\u017eitosti ich gener\u00e1lnej kapituly v R\u00edme. Zd\u00f4raznil hodnotu vn\u00fatornej modlitby, kr\u00e1su povolania a potrebu \u017eivej misijnej horlivosti.<\/p>\n<p><a href=\"https:\/\/www.vaticannews.va\/sk\/papez\/news\/2025-09\/papez-lev-xiv-augustinianom-vratte-sa-do-seba-aby-ste-s-nadse.html\">\u010c\u00edtaj cel\u00e9<\/a><\/p>\n<p>\u00a0<\/p>","protected":false},"excerpt":{"rendered":"<p>Sv\u00e4t\u00fd Otec sa v pondelok 15. septembra prihovoril \u010dlenom R\u00e1du sv\u00e4t\u00e9ho August\u00edna pri pr\u00edle\u017eitosti ich gener\u00e1lnej kapituly v R\u00edme. Zd\u00f4raznil hodnotu vn\u00fatornej modlitby, kr\u00e1su povolania a potrebu \u017eivej misijnej horlivosti. \u010c\u00edtaj cel\u00e9 \u00a0<\/p>\n","protected":false},"author":1,"featured_media":0,"comment_status":"closed","ping_status":"closed","sticky":false,"template":"","format":"standard","meta":{"ngg_post_thumbnail":0,"footnotes":""},"categories":[31],"tags":[],"class_list":["post-62261","post","type-post","status-publish","format-standard","hentry","category-spravy-z-vatikanu"],"views":46,"_links":{"self":[{"href":"https:\/\/www.farnost-strazske.sk\/index.php?rest_route=\/wp\/v2\/posts\/62261","targetHints":{"allow":["GET"]}}],"collection":[{"href":"https:\/\/www.farnost-strazske.sk\/index.php?rest_route=\/wp\/v2\/posts"}],"about":[{"href":"https:\/\/www.farnost-strazske.sk\/index.php?rest_route=\/wp\/v2\/types\/post"}],"author":[{"embeddable":true,"href":"https:\/\/www.farnost-strazske.sk\/index.php?rest_route=\/wp\/v2\/users\/1"}],"replies":[{"embeddable":true,"href":"https:\/\/www.farnost-strazske.sk\/index.php?rest_route=%2Fwp%2Fv2%2Fcomments&post=62261"}],"version-history":[{"count":0,"href":"https:\/\/www.farnost-strazske.sk\/index.php?rest_route=\/wp\/v2\/posts\/62261\/revisions"}],"wp:attachment":[{"href":"https:\/\/www.farnost-strazske.sk\/index.php?rest_route=%2Fwp%2Fv2%2Fmedia&parent=62261"}],"wp:term":[{"taxonomy":"category","embeddable":true,"href":"https:\/\/www.farnost-strazske.sk\/index.php?rest_route=%2Fwp%2Fv2%2Fcategories&post=62261"},{"taxonomy":"post_tag","embeddable":true,"href":"https:\/\/www.farnost-strazske.sk\/index.php?rest_route=%2Fwp%2Fv2%2Ftags&post=62261"}],"curies":[{"name":"wp","href":"https:\/\/api.w.org\/{rel}","templated":true}]}}