{"id":62262,"date":"2025-09-15T11:19:00","date_gmt":"2025-09-15T11:19:00","guid":{"rendered":"https:\/\/www.farnost-strazske.sk\/?p=62262"},"modified":"2025-09-15T11:19:00","modified_gmt":"2025-09-15T11:19:00","slug":"grace-for-the-world-hudba-a-dronove-predstavenie-rozziarili","status":"publish","type":"post","link":"https:\/\/www.farnost-strazske.sk\/?p=62262","title":{"rendered":"\u201eGrace for the World\u201c \u2013 hudba a dronov\u00e9 predstavenie roz\u017eiarili"},"content":{"rendered":"<p>Medzin\u00e1rodn\u00e9 podujatie, ktor\u00e9 sa uskuto\u010dnilo v sobotu 13. septembra, bolo vyvrcholen\u00edm Svetov\u00e9ho stretnutia o \u013eudskom bratstve. Na N\u00e1mest\u00ed sv. Petra sa na p\u00f3diu predstavili umelci svetov\u00e9ho renom\u00e9, medzi ktor\u00fdmi boli Andrea Bocelli, Pharrell Williams a John Legend. Berniniho kolon\u00e1du rozo\u017eiarila vzdu\u0161n\u00e1 show s viac ako 3 000 dronmi a svetlami, in\u0161pirovan\u00e1 majstrovsk\u00fdmi dielami Sixt\u00ednskej kaplnky.<\/p>\n<p><a href=\"https:\/\/www.vaticannews.va\/sk\/vatikan\/news\/2025-09\/grace-for-the-world-hudba-a-dronove-predstavenie-rozziarili.html\">\u010c\u00edtaj cel\u00e9<\/a><\/p>\n<p>\u00a0<\/p>","protected":false},"excerpt":{"rendered":"<p>Medzin\u00e1rodn\u00e9 podujatie, ktor\u00e9 sa uskuto\u010dnilo v sobotu 13. septembra, bolo vyvrcholen\u00edm Svetov\u00e9ho stretnutia o \u013eudskom bratstve. Na N\u00e1mest\u00ed sv. Petra sa na p\u00f3diu predstavili umelci svetov\u00e9ho renom\u00e9, medzi ktor\u00fdmi boli Andrea Bocelli, Pharrell Williams a John Legend. Berniniho kolon\u00e1du rozo\u017eiarila vzdu\u0161n\u00e1 show s viac ako 3 000 dronmi a svetlami, in\u0161pirovan\u00e1 majstrovsk\u00fdmi dielami Sixt\u00ednskej kaplnky. [&hellip;]<\/p>\n","protected":false},"author":1,"featured_media":0,"comment_status":"closed","ping_status":"closed","sticky":false,"template":"","format":"standard","meta":{"ngg_post_thumbnail":0,"footnotes":""},"categories":[31],"tags":[],"class_list":["post-62262","post","type-post","status-publish","format-standard","hentry","category-spravy-z-vatikanu"],"views":48,"_links":{"self":[{"href":"https:\/\/www.farnost-strazske.sk\/index.php?rest_route=\/wp\/v2\/posts\/62262","targetHints":{"allow":["GET"]}}],"collection":[{"href":"https:\/\/www.farnost-strazske.sk\/index.php?rest_route=\/wp\/v2\/posts"}],"about":[{"href":"https:\/\/www.farnost-strazske.sk\/index.php?rest_route=\/wp\/v2\/types\/post"}],"author":[{"embeddable":true,"href":"https:\/\/www.farnost-strazske.sk\/index.php?rest_route=\/wp\/v2\/users\/1"}],"replies":[{"embeddable":true,"href":"https:\/\/www.farnost-strazske.sk\/index.php?rest_route=%2Fwp%2Fv2%2Fcomments&post=62262"}],"version-history":[{"count":0,"href":"https:\/\/www.farnost-strazske.sk\/index.php?rest_route=\/wp\/v2\/posts\/62262\/revisions"}],"wp:attachment":[{"href":"https:\/\/www.farnost-strazske.sk\/index.php?rest_route=%2Fwp%2Fv2%2Fmedia&parent=62262"}],"wp:term":[{"taxonomy":"category","embeddable":true,"href":"https:\/\/www.farnost-strazske.sk\/index.php?rest_route=%2Fwp%2Fv2%2Fcategories&post=62262"},{"taxonomy":"post_tag","embeddable":true,"href":"https:\/\/www.farnost-strazske.sk\/index.php?rest_route=%2Fwp%2Fv2%2Ftags&post=62262"}],"curies":[{"name":"wp","href":"https:\/\/api.w.org\/{rel}","templated":true}]}}