{"id":62263,"date":"2025-09-15T10:32:00","date_gmt":"2025-09-15T10:32:00","guid":{"rendered":"https:\/\/www.farnost-strazske.sk\/?p=62263"},"modified":"2025-09-15T10:32:00","modified_gmt":"2025-09-15T10:32:00","slug":"svaty-otec-lev-xiv-nech-biskupska-synoda-obnovi-usilie-o-jednotu","status":"publish","type":"post","link":"https:\/\/www.farnost-strazske.sk\/?p=62263","title":{"rendered":"Sv\u00e4t\u00fd Otec Lev XIV.: Nech biskupsk\u00e1 synoda obnov\u00ed \u00fasilie o jednotu"},"content":{"rendered":"<p>\u201e\u010eakujem P\u00e1novi, rodi\u010dom a v\u0161etk\u00fdm, ktor\u00ed na m\u0148a myslia v modlitbe.\u201c \u2013 Takto po\u010fakoval Sv\u00e4t\u00fd Otec za blaho\u017eelania k narodenin\u00e1m po polud\u0148aj\u0161ej nede\u013enej modlitbe na sviatok Pov\u00fd\u0161enia sv\u00e4t\u00e9ho Kr\u00ed\u017ea. Pripomenul aj v\u00fdro\u010die vzniku Biskupskej synody, ktor\u00fa 15. septembra 1965 zalo\u017eil p\u00e1pe\u017e Pavol VI.<\/p>\n<p><a href=\"https:\/\/www.vaticannews.va\/sk\/papez\/news\/2025-09\/svaty-otec-lev-xiv-nech-biskupska-synoda-obnovi-usilie-o-jedno.html\">\u010c\u00edtaj cel\u00e9<\/a><\/p>\n<p>\u00a0<\/p>","protected":false},"excerpt":{"rendered":"<p>\u201e\u010eakujem P\u00e1novi, rodi\u010dom a v\u0161etk\u00fdm, ktor\u00ed na m\u0148a myslia v modlitbe.\u201c \u2013 Takto po\u010fakoval Sv\u00e4t\u00fd Otec za blaho\u017eelania k narodenin\u00e1m po polud\u0148aj\u0161ej nede\u013enej modlitbe na sviatok Pov\u00fd\u0161enia sv\u00e4t\u00e9ho Kr\u00ed\u017ea. Pripomenul aj v\u00fdro\u010die vzniku Biskupskej synody, ktor\u00fa 15. septembra 1965 zalo\u017eil p\u00e1pe\u017e Pavol VI. \u010c\u00edtaj cel\u00e9 \u00a0<\/p>\n","protected":false},"author":1,"featured_media":0,"comment_status":"closed","ping_status":"closed","sticky":false,"template":"","format":"standard","meta":{"ngg_post_thumbnail":0,"footnotes":""},"categories":[31],"tags":[],"class_list":["post-62263","post","type-post","status-publish","format-standard","hentry","category-spravy-z-vatikanu"],"views":60,"_links":{"self":[{"href":"https:\/\/www.farnost-strazske.sk\/index.php?rest_route=\/wp\/v2\/posts\/62263","targetHints":{"allow":["GET"]}}],"collection":[{"href":"https:\/\/www.farnost-strazske.sk\/index.php?rest_route=\/wp\/v2\/posts"}],"about":[{"href":"https:\/\/www.farnost-strazske.sk\/index.php?rest_route=\/wp\/v2\/types\/post"}],"author":[{"embeddable":true,"href":"https:\/\/www.farnost-strazske.sk\/index.php?rest_route=\/wp\/v2\/users\/1"}],"replies":[{"embeddable":true,"href":"https:\/\/www.farnost-strazske.sk\/index.php?rest_route=%2Fwp%2Fv2%2Fcomments&post=62263"}],"version-history":[{"count":0,"href":"https:\/\/www.farnost-strazske.sk\/index.php?rest_route=\/wp\/v2\/posts\/62263\/revisions"}],"wp:attachment":[{"href":"https:\/\/www.farnost-strazske.sk\/index.php?rest_route=%2Fwp%2Fv2%2Fmedia&parent=62263"}],"wp:term":[{"taxonomy":"category","embeddable":true,"href":"https:\/\/www.farnost-strazske.sk\/index.php?rest_route=%2Fwp%2Fv2%2Fcategories&post=62263"},{"taxonomy":"post_tag","embeddable":true,"href":"https:\/\/www.farnost-strazske.sk\/index.php?rest_route=%2Fwp%2Fv2%2Ftags&post=62263"}],"curies":[{"name":"wp","href":"https:\/\/api.w.org\/{rel}","templated":true}]}}