{"id":62264,"date":"2025-09-15T09:58:00","date_gmt":"2025-09-15T09:58:00","guid":{"rendered":"https:\/\/www.farnost-strazske.sk\/?p=62264"},"modified":"2025-09-15T09:58:00","modified_gmt":"2025-09-15T09:58:00","slug":"lev-xiv-pri-spomienke-na-novych-mucenikov-byt-kvasom-ludstva-pokojneho-a-bratskeho","status":"publish","type":"post","link":"https:\/\/www.farnost-strazske.sk\/?p=62264","title":{"rendered":"Lev XIV. pri spomienke na nov\u00fdch mu\u010den\u00edkov: By\u0165 kvasom \u013eudstva pokojn\u00e9ho a bratsk\u00e9ho"},"content":{"rendered":"<p>V Bazilike sv\u00e4t\u00e9ho Pavla za hradbami sa 14. septembra konala spomienka na nov\u00fdch mu\u010den\u00edkov a svedkov viery. P\u00e1pe\u017e Lev XIV. pripomenul, \u017ee ich svedectvo \u2013 \u201eneozbrojen\u00e1 n\u00e1dej\u201c zalo\u017een\u00e1 na moci evanjelia \u2013 zost\u00e1va neuml\u010dan\u00fdm hlasom Cirkvi. \u201eAj dnes, tam, kde sa zdalo, \u017ee nen\u00e1vis\u0165 prenikla do v\u0161etk\u00fdch oblast\u00ed \u017eivota, t\u00edto odv\u00e1\u017eni slu\u017eobn\u00edci evanjelia uk\u00e1zali, \u017ee l\u00e1ska je silnej\u0161ia ne\u017e smr\u0165,\u201c povedal r\u00edmsky biskup.<\/p>\n<p><a href=\"https:\/\/www.vaticannews.va\/sk\/papez\/news\/2025-09\/lev-xiv-pri-spomienke-na-novych-mucenikov-byt-kvasom-ludstva.html\">\u010c\u00edtaj cel\u00e9<\/a><\/p>\n<p>\u00a0<\/p>","protected":false},"excerpt":{"rendered":"<p>V Bazilike sv\u00e4t\u00e9ho Pavla za hradbami sa 14. septembra konala spomienka na nov\u00fdch mu\u010den\u00edkov a svedkov viery. P\u00e1pe\u017e Lev XIV. pripomenul, \u017ee ich svedectvo \u2013 \u201eneozbrojen\u00e1 n\u00e1dej\u201c zalo\u017een\u00e1 na moci evanjelia \u2013 zost\u00e1va neuml\u010dan\u00fdm hlasom Cirkvi. \u201eAj dnes, tam, kde sa zdalo, \u017ee nen\u00e1vis\u0165 prenikla do v\u0161etk\u00fdch oblast\u00ed \u017eivota, t\u00edto odv\u00e1\u017eni slu\u017eobn\u00edci evanjelia uk\u00e1zali, \u017ee [&hellip;]<\/p>\n","protected":false},"author":1,"featured_media":0,"comment_status":"closed","ping_status":"closed","sticky":false,"template":"","format":"standard","meta":{"ngg_post_thumbnail":0,"footnotes":""},"categories":[31],"tags":[],"class_list":["post-62264","post","type-post","status-publish","format-standard","hentry","category-spravy-z-vatikanu"],"views":56,"_links":{"self":[{"href":"https:\/\/www.farnost-strazske.sk\/index.php?rest_route=\/wp\/v2\/posts\/62264","targetHints":{"allow":["GET"]}}],"collection":[{"href":"https:\/\/www.farnost-strazske.sk\/index.php?rest_route=\/wp\/v2\/posts"}],"about":[{"href":"https:\/\/www.farnost-strazske.sk\/index.php?rest_route=\/wp\/v2\/types\/post"}],"author":[{"embeddable":true,"href":"https:\/\/www.farnost-strazske.sk\/index.php?rest_route=\/wp\/v2\/users\/1"}],"replies":[{"embeddable":true,"href":"https:\/\/www.farnost-strazske.sk\/index.php?rest_route=%2Fwp%2Fv2%2Fcomments&post=62264"}],"version-history":[{"count":0,"href":"https:\/\/www.farnost-strazske.sk\/index.php?rest_route=\/wp\/v2\/posts\/62264\/revisions"}],"wp:attachment":[{"href":"https:\/\/www.farnost-strazske.sk\/index.php?rest_route=%2Fwp%2Fv2%2Fmedia&parent=62264"}],"wp:term":[{"taxonomy":"category","embeddable":true,"href":"https:\/\/www.farnost-strazske.sk\/index.php?rest_route=%2Fwp%2Fv2%2Fcategories&post=62264"},{"taxonomy":"post_tag","embeddable":true,"href":"https:\/\/www.farnost-strazske.sk\/index.php?rest_route=%2Fwp%2Fv2%2Ftags&post=62264"}],"curies":[{"name":"wp","href":"https:\/\/api.w.org\/{rel}","templated":true}]}}