{"id":62567,"date":"2025-11-15T16:40:00","date_gmt":"2025-11-15T16:40:00","guid":{"rendered":"https:\/\/www.farnost-strazske.sk\/?p=62567"},"modified":"2025-11-15T16:40:00","modified_gmt":"2025-11-15T16:40:00","slug":"pohreb-kardinala-dominika-duku-svedok-viery-az-do-konca","status":"publish","type":"post","link":"https:\/\/www.farnost-strazske.sk\/?p=62567","title":{"rendered":"Pohreb kardin\u00e1la Dominika Duku: Svedok viery a\u017e do konca"},"content":{"rendered":"<p>Pastier, ktor\u00fd bol odv\u00e1\u017eny a vytrval\u00fd vo svojej viere, mu\u017e, ktor\u00fd bojoval proti falo\u0161n\u00fdm obvineniam, obhajca z\u00e1kladov kres\u0165anskej civiliz\u00e1cie, neboj\u00e1cny kazate\u013e pripraven\u00fd vies\u0165 dial\u00f3g aj s t\u00fdmi, ktor\u00fdch ostatn\u00ed poh\u0155dali. Takto si kardin\u00e1la Dominika Duku pripomenul jeho n\u00e1stupca na stolci sv. Vojtecha, arcibiskup Jan Graubner, po\u010das pohrebnej om\u0161e v pra\u017eskej katedr\u00e1le. \u201eBolo doj\u00edmav\u00e9 vidie\u0165 mu\u017eov, ktor\u00ed sa hl\u00e1sili k ateizmu, ako ho prosili o po\u017eehnanie.\u201c<\/p>\n<p><a href=\"https:\/\/www.vaticannews.va\/sk\/cirkev\/news\/2025-11\/pohreb-kardinala-dominika-duku-svedok-viery-az-do-konca.html\">\u010c\u00edtaj cel\u00e9<\/a><\/p>\n<p>\u00a0<\/p>","protected":false},"excerpt":{"rendered":"<p>Pastier, ktor\u00fd bol odv\u00e1\u017eny a vytrval\u00fd vo svojej viere, mu\u017e, ktor\u00fd bojoval proti falo\u0161n\u00fdm obvineniam, obhajca z\u00e1kladov kres\u0165anskej civiliz\u00e1cie, neboj\u00e1cny kazate\u013e pripraven\u00fd vies\u0165 dial\u00f3g aj s t\u00fdmi, ktor\u00fdch ostatn\u00ed poh\u0155dali. Takto si kardin\u00e1la Dominika Duku pripomenul jeho n\u00e1stupca na stolci sv. Vojtecha, arcibiskup Jan Graubner, po\u010das pohrebnej om\u0161e v pra\u017eskej katedr\u00e1le. \u201eBolo doj\u00edmav\u00e9 vidie\u0165 mu\u017eov, [&hellip;]<\/p>\n","protected":false},"author":1,"featured_media":0,"comment_status":"closed","ping_status":"closed","sticky":false,"template":"","format":"standard","meta":{"ngg_post_thumbnail":0,"footnotes":""},"categories":[31],"tags":[],"class_list":["post-62567","post","type-post","status-publish","format-standard","hentry","category-spravy-z-vatikanu"],"views":33,"_links":{"self":[{"href":"https:\/\/www.farnost-strazske.sk\/index.php?rest_route=\/wp\/v2\/posts\/62567","targetHints":{"allow":["GET"]}}],"collection":[{"href":"https:\/\/www.farnost-strazske.sk\/index.php?rest_route=\/wp\/v2\/posts"}],"about":[{"href":"https:\/\/www.farnost-strazske.sk\/index.php?rest_route=\/wp\/v2\/types\/post"}],"author":[{"embeddable":true,"href":"https:\/\/www.farnost-strazske.sk\/index.php?rest_route=\/wp\/v2\/users\/1"}],"replies":[{"embeddable":true,"href":"https:\/\/www.farnost-strazske.sk\/index.php?rest_route=%2Fwp%2Fv2%2Fcomments&post=62567"}],"version-history":[{"count":0,"href":"https:\/\/www.farnost-strazske.sk\/index.php?rest_route=\/wp\/v2\/posts\/62567\/revisions"}],"wp:attachment":[{"href":"https:\/\/www.farnost-strazske.sk\/index.php?rest_route=%2Fwp%2Fv2%2Fmedia&parent=62567"}],"wp:term":[{"taxonomy":"category","embeddable":true,"href":"https:\/\/www.farnost-strazske.sk\/index.php?rest_route=%2Fwp%2Fv2%2Fcategories&post=62567"},{"taxonomy":"post_tag","embeddable":true,"href":"https:\/\/www.farnost-strazske.sk\/index.php?rest_route=%2Fwp%2Fv2%2Ftags&post=62567"}],"curies":[{"name":"wp","href":"https:\/\/api.w.org\/{rel}","templated":true}]}}