{"id":62570,"date":"2025-11-16T18:15:00","date_gmt":"2025-11-16T18:15:00","guid":{"rendered":"https:\/\/www.farnost-strazske.sk\/?p=62570"},"modified":"2025-11-16T12:03:49","modified_gmt":"2025-11-16T12:03:49","slug":"liturgicky-prehlad-a-oznamy-17-11-23-11-2025","status":"publish","type":"post","link":"https:\/\/www.farnost-strazske.sk\/?p=62570","title":{"rendered":"Liturgick\u00fd preh\u013ead a\u00a0oznamy 17.11. \u2013 23.11. 2025"},"content":{"rendered":"<table width=\"97%\">\n<tbody>\n<tr>\n<td width=\"28%\">\n<p style=\"text-align: center;\"><strong>Pondelok \/17.11.\/<\/strong><\/p>\n<p style=\"text-align: center;\">Sv. Al\u017ebeta Uhorsk\u00e1<br><em>spomienka<\/em><\/p>\n<\/td>\n<td width=\"33%\">\n<p><strong>18.00 Str\u00e1\u017eske <br><\/strong>+ Stanislav Dem\u010dak, Juraj,Val\u00e9ria<\/p>\n<\/td>\n<td width=\"33%\">\n<p><strong>13.00 Brekov \u2013 <\/strong><strong>pohr.om\u0161a + obrady<br><\/strong>+ Peter Ambro<\/p>\n<\/td>\n<\/tr>\n<tr>\n<td width=\"28%\">\n<p style=\"text-align: center;\"><strong>Utorok \/18.11.\/<\/strong><\/p>\n<p><em>&nbsp;<\/em><\/p>\n<\/td>\n<td width=\"33%\">\n<p><strong>18.00 Str\u00e1\u017eske<br><\/strong>ZBP Miroslav \u017din\u010dak (70.r.)<\/p>\n<\/td>\n<td width=\"33%\">\n<p><strong>17.00 Pust\u00e9 \u010cemern\u00e9<\/strong><\/p>\n<\/td>\n<\/tr>\n<tr>\n<td width=\"28%\">\n<p style=\"text-align: center;\"><strong>Streda \/19.11.\/<\/strong><\/p>\n<p><em>&nbsp;<\/em><\/p>\n<\/td>\n<td width=\"33%\">\n<p><strong>12.00 Str\u00e1\u017eske <br><\/strong>ZBP Iveta (60.r.)<\/p>\n<\/td>\n<td width=\"33%\">\n<p><strong>17.00 Brekov <br><\/strong>+ z&nbsp;rod. Jurovej<\/p>\n<\/td>\n<\/tr>\n<tr>\n<td width=\"28%\">\n<p style=\"text-align: center;\"><strong>\u0160tvrtok \/20.11.\/<\/strong><\/p>\n<p style=\"text-align: center;\"><em>f\u00e9ria<\/em><\/p>\n<\/td>\n<td width=\"33%\">\n<p><em><u>15.00 Str\u00e1\u017eske-ADOR\u00c1CIA<\/u><\/em><\/p>\n<p><em><u>17.00 Str\u00e1\u017eske\u2013sv.zmierenia<\/u><\/em><\/p>\n<p><strong>18.00 Str\u00e1\u017eske <br><\/strong>+ Helena, J\u00e1n Bitn\u00e1r<\/p>\n<\/td>\n<td width=\"33%\">\n<p><strong>&nbsp;&nbsp;&nbsp;&nbsp; <\/strong><\/p>\n<p>&nbsp;<\/p>\n<\/td>\n<\/tr>\n<tr>\n<td width=\"28%\">\n<p style=\"text-align: center;\"><strong>Piatok \/21.11.\/<\/strong><\/p>\n<p style=\"text-align: center;\">Obetovanie Panny M\u00e1rie<\/p>\n<\/td>\n<td width=\"33%\">\n<p><strong>18.00 Str\u00e1\u017eske (ml\u00e1de\u017e a&nbsp;deti)<br><\/strong>+ Darina, Ondrej Magdo\u0161ko<\/p>\n<\/td>\n<td width=\"33%\">\n<p><strong>17.00 Brekov<br><\/strong>+ Michal, Veronika Ambro<\/p>\n<\/td>\n<\/tr>\n<tr>\n<td width=\"28%\">\n<p style=\"text-align: center;\"><strong>Sobota \/22.11.\/<\/strong><\/p>\n<p style=\"text-align: center;\"><strong>Vig\u00edlia NEDELE <br>KRISTA KR\u00c1\u013dA, <br>P\u00c1NA NEBA I ZEME<\/strong><\/p>\n<\/td>\n<td width=\"33%\">\n<p><strong>18.00 Str\u00e1\u017eske<br><\/strong>+ Anna, \u0160tefan Mr\u00edz, Pavl\u00edna, J\u00falius Kopa\u010d<\/p>\n<\/td>\n<td width=\"33%\">\n<p><strong>17.00 Pust\u00e9 \u010cemern\u00e9<br><\/strong>(<em>s&nbsp;platnos\u0165ou za nede\u013eu)<\/em><\/p>\n<p><strong>17.00 Krivo\u0161\u0165any<br><\/strong>(<em>s&nbsp;platnos\u0165ou za nede\u013eu)<\/em><\/p>\n<\/td>\n<\/tr>\n<tr>\n<td width=\"28%\">\n<p style=\"text-align: center;\"><strong>Nede\u013ea \/23.11.\/<\/strong><\/p>\n<p style=\"text-align: center;\"><strong>NEDE\u013dA KRISTA KR\u00c1\u013dA, P\u00c1NA NEBA I ZEME<\/strong><\/p>\n<\/td>\n<td width=\"33%\">\n<p><strong>10.30 Str\u00e1\u017eske <br><\/strong>ZBP M\u00e1ria, Jozef Hlav\u00e1\u010d (40.r.m.)<\/p>\n<p><strong>18.15 Str\u00e1\u017eske<br><\/strong>ZBP M\u00e1ria Dunajov\u00e1<\/p>\n<\/td>\n<td width=\"33%\">\n<p><strong>09.15 Brekov<br><\/strong>ZBP Ter\u00e9zia, Katar\u00edna Luk\u010do<\/p>\n<\/td>\n<\/tr>\n<\/tbody>\n<\/table>\n<p style=\"text-align: center;\"><strong><span style=\"text-decoration: underline;\">Stretnutie birmovancov:<\/span><br><\/strong><strong>BREKOV \u2013 piatok po sv. om\u0161i; <br>STR\u00c1\u017dSKE \u2013 sobota 16.00 h.<\/strong><\/p>\n<hr>\n<ul>\n<li>Dnes je v&nbsp;na\u0161ej arcidiec\u00e9ze <strong>Dobro\u010dinn\u00e1 zbierka sv. Al\u017ebety. PBZ.<\/strong><\/li>\n<li>Na bud\u00facu nede\u013eu bude <strong>mesa\u010dn\u00e1 zbierka na kostol.<\/strong> <br>Farsk\u00fd kostol \u2013 po dlh\u00fdch rokoch n\u00e1m vypadol kotol na k\u00farenie v kostole, tak\u017ee potrebujeme nov\u00fd&#8230;<br>PBZ za ak\u00fdko\u013evek milodar aj na tento \u00fa\u010del.<\/li>\n<\/ul>\n\n\n<p><\/p>\n","protected":false},"excerpt":{"rendered":"<p>Pondelok \/17.11.\/ Sv. Al\u017ebeta Uhorsk\u00e1spomienka 18.00 Str\u00e1\u017eske + Stanislav Dem\u010dak, Juraj,Val\u00e9ria 13.00 Brekov \u2013 pohr.om\u0161a + obrady+ Peter Ambro Utorok \/18.11.\/ &nbsp; 18.00 Str\u00e1\u017eskeZBP Miroslav \u017din\u010dak (70.r.) 17.00 Pust\u00e9 \u010cemern\u00e9 Streda \/19.11.\/ &nbsp; 12.00 Str\u00e1\u017eske ZBP Iveta (60.r.) 17.00 Brekov + z&nbsp;rod. Jurovej \u0160tvrtok \/20.11.\/ f\u00e9ria 15.00 Str\u00e1\u017eske-ADOR\u00c1CIA 17.00 Str\u00e1\u017eske\u2013sv.zmierenia 18.00 Str\u00e1\u017eske + Helena, J\u00e1n [&hellip;]<\/p>\n","protected":false},"author":1,"featured_media":0,"comment_status":"closed","ping_status":"closed","sticky":false,"template":"","format":"standard","meta":{"ngg_post_thumbnail":0,"footnotes":""},"categories":[4],"tags":[],"class_list":["post-62570","post","type-post","status-publish","format-standard","hentry","category-farske-oznamy"],"views":555,"_links":{"self":[{"href":"https:\/\/www.farnost-strazske.sk\/index.php?rest_route=\/wp\/v2\/posts\/62570","targetHints":{"allow":["GET"]}}],"collection":[{"href":"https:\/\/www.farnost-strazske.sk\/index.php?rest_route=\/wp\/v2\/posts"}],"about":[{"href":"https:\/\/www.farnost-strazske.sk\/index.php?rest_route=\/wp\/v2\/types\/post"}],"author":[{"embeddable":true,"href":"https:\/\/www.farnost-strazske.sk\/index.php?rest_route=\/wp\/v2\/users\/1"}],"replies":[{"embeddable":true,"href":"https:\/\/www.farnost-strazske.sk\/index.php?rest_route=%2Fwp%2Fv2%2Fcomments&post=62570"}],"version-history":[{"count":7,"href":"https:\/\/www.farnost-strazske.sk\/index.php?rest_route=\/wp\/v2\/posts\/62570\/revisions"}],"predecessor-version":[{"id":62577,"href":"https:\/\/www.farnost-strazske.sk\/index.php?rest_route=\/wp\/v2\/posts\/62570\/revisions\/62577"}],"wp:attachment":[{"href":"https:\/\/www.farnost-strazske.sk\/index.php?rest_route=%2Fwp%2Fv2%2Fmedia&parent=62570"}],"wp:term":[{"taxonomy":"category","embeddable":true,"href":"https:\/\/www.farnost-strazske.sk\/index.php?rest_route=%2Fwp%2Fv2%2Fcategories&post=62570"},{"taxonomy":"post_tag","embeddable":true,"href":"https:\/\/www.farnost-strazske.sk\/index.php?rest_route=%2Fwp%2Fv2%2Ftags&post=62570"}],"curies":[{"name":"wp","href":"https:\/\/api.w.org\/{rel}","templated":true}]}}